{"id":31690,"date":"2023-04-28T13:12:00","date_gmt":"2023-04-28T16:12:00","guid":{"rendered":"https:\/\/www.ilheusnoticias.net.br\/v1\/?p=31690"},"modified":"2023-04-28T13:12:00","modified_gmt":"2023-04-28T16:12:00","slug":"em-comemoracao-ao-dia-do-trabalhador-prefeitura-antecipa-salario-e-injeta-r-12-milhoes-na-economia","status":"publish","type":"post","link":"https:\/\/www.ilheusnoticias.net.br\/v1\/2023\/04\/28\/em-comemoracao-ao-dia-do-trabalhador-prefeitura-antecipa-salario-e-injeta-r-12-milhoes-na-economia\/","title":{"rendered":"Em comemora\u00e7\u00e3o ao Dia do Trabalhador, Prefeitura antecipa sal\u00e1rio e injeta R$ 12 milh\u00f5es na economia"},"content":{"rendered":"<div class=\"imagem thumbnail col-xs-12 col-sm-8 col-md-6 col-lg-6 imagem-materia\"><a class=\"fresco\" title=\"\" href=\"https:\/\/portalfacilarquivos.blob.core.windows.net\/uploads\/ILHEUS\/imgOrig\/%7B02CC7D8C-6AAC-1AA6-275C-7D081DE5378D%7D.jpg\" data-fresco-caption=\"\"><img loading=\"lazy\" title=\"\" src=\"https:\/\/portalfacilarquivos.blob.core.windows.net\/uploads\/ILHEUS\/img\/%7B02CC7D8C-6AAC-1AA6-275C-7D081DE5378D%7D\/%7B02CC7D8C-6AAC-1AA6-275C-7D081DE5378D%7D_650X450.jpg\" alt=\"Centro Administrativo\" width=\"650\" height=\"450\" \/><\/a>O prefeito M\u00e1rio Alexandre mant\u00e9m o compromisso firmado com o servidor e antecipa mais uma vez o sal\u00e1rio do funcionalismo p\u00fablico municipal, em comemora\u00e7\u00e3o ao Dia do Trabalhador, celebrado na pr\u00f3xima segunda-feira (1\u00ba).<\/div>\n<p>Levando em considera\u00e7\u00e3o a import\u00e2ncia da data, a Prefeitura de Ilh\u00e9us realizou o pagamento da folha do m\u00eas de abril nesta sexta-feira (28), fomentando o com\u00e9rcio com a inje\u00e7\u00e3o de R$ 12 milh\u00f5es na economia local.<\/p>\n<p>M\u00e1rio Alexandre ressalta que esse valor contribui para que todos possam aproveitar o feriado com tranquilidade. O pagamento em dia \u00e9 uma obriga\u00e7\u00e3o da administra\u00e7\u00e3o municipal, contudo, a atual gest\u00e3o ratifica esse compromisso com a antecipa\u00e7\u00e3o dos sal\u00e1rios.<\/p>\n<p>\u201cValorizamos o trabalho desempenhado por cada pai e m\u00e3e de fam\u00edlia, garantindo que as fam\u00edlias aproveitem o feriado com dinheiro na conta. Quero parabenizar a todos os servidores do nosso munic\u00edpio, que contribuem diariamente para levar servi\u00e7os de qualidade ao cidad\u00e3o\u201d, destacou o gestor.<\/p>\n<p><strong>Comemora\u00e7\u00e3o \u2013<\/strong>\u00a0Na pr\u00f3xima segunda-feira (1\u00ba), a For\u00e7a Sindical Bahia e o Sindicato dos Funcion\u00e1rios e Servidores P\u00fablicos Municipais de Ilh\u00e9us (SINSEPI), com apoio da Prefeitura de Ilh\u00e9us, realizam mais uma edi\u00e7\u00e3o da Festa do Trabalhador.<\/p>\n<p>O evento acontece na \u00e1rea externa do Centro de Conven\u00e7\u00f5es, a partir das 14h. A programa\u00e7\u00e3o especial inclui shows de bandas regionais e atra\u00e7\u00f5es variadas.<\/p>\n","protected":false},"excerpt":{"rendered":"<p>O prefeito M\u00e1rio Alexandre mant\u00e9m o compromisso firmado com o servidor e antecipa mais uma vez o sal\u00e1rio do funcionalismo p\u00fablico municipal, em comemora\u00e7\u00e3o ao Dia do Trabalhador, celebrado na pr\u00f3xima segunda-feira (1\u00ba). Levando em considera\u00e7\u00e3o a import\u00e2ncia da data, a Prefeitura de Ilh\u00e9us realizou o pagamento da folha do m\u00eas de abril nesta sexta-feira [&hellip;]<\/p>\n","protected":false},"author":2,"featured_media":0,"comment_status":"open","ping_status":"open","sticky":false,"template":"","format":"standard","meta":{"_links_to":"","_links_to_target":""},"categories":[7,9,8,1],"tags":[],"_links":{"self":[{"href":"https:\/\/www.ilheusnoticias.net.br\/v1\/wp-json\/wp\/v2\/posts\/31690"}],"collection":[{"href":"https:\/\/www.ilheusnoticias.net.br\/v1\/wp-json\/wp\/v2\/posts"}],"about":[{"href":"https:\/\/www.ilheusnoticias.net.br\/v1\/wp-json\/wp\/v2\/types\/post"}],"author":[{"embeddable":true,"href":"https:\/\/www.ilheusnoticias.net.br\/v1\/wp-json\/wp\/v2\/users\/2"}],"replies":[{"embeddable":true,"href":"https:\/\/www.ilheusnoticias.net.br\/v1\/wp-json\/wp\/v2\/comments?post=31690"}],"version-history":[{"count":1,"href":"https:\/\/www.ilheusnoticias.net.br\/v1\/wp-json\/wp\/v2\/posts\/31690\/revisions"}],"predecessor-version":[{"id":31691,"href":"https:\/\/www.ilheusnoticias.net.br\/v1\/wp-json\/wp\/v2\/posts\/31690\/revisions\/31691"}],"wp:attachment":[{"href":"https:\/\/www.ilheusnoticias.net.br\/v1\/wp-json\/wp\/v2\/media?parent=31690"}],"wp:term":[{"taxonomy":"category","embeddable":true,"href":"https:\/\/www.ilheusnoticias.net.br\/v1\/wp-json\/wp\/v2\/categories?post=31690"},{"taxonomy":"post_tag","embeddable":true,"href":"https:\/\/www.ilheusnoticias.net.br\/v1\/wp-json\/wp\/v2\/tags?post=31690"}],"curies":[{"name":"wp","href":"https:\/\/api.w.org\/{rel}","templated":true}]}}