{"id":31678,"date":"2023-04-27T06:24:01","date_gmt":"2023-04-27T09:24:01","guid":{"rendered":"https:\/\/www.ilheusnoticias.net.br\/v1\/?p=31678"},"modified":"2023-04-27T06:49:38","modified_gmt":"2023-04-27T09:49:38","slug":"vereador-kaique-souza-elogia-atitude-dos-feirantes-da-central-de-abastecimento-do-hernani-sa-em-juntar-forcas-para-buscar-qualidade-para-eles-e-consumidores","status":"publish","type":"post","link":"https:\/\/www.ilheusnoticias.net.br\/v1\/2023\/04\/27\/vereador-kaique-souza-elogia-atitude-dos-feirantes-da-central-de-abastecimento-do-hernani-sa-em-juntar-forcas-para-buscar-qualidade-para-eles-e-consumidores\/","title":{"rendered":"Vereador Kaique Souza elogia atitude dos Feirantes da Central de Abastecimento do Hernani S\u00e1 em juntar for\u00e7as para buscar qualidade para eles e consumidores"},"content":{"rendered":"<p>-Da Uni\u00e3o nasce a For\u00e7a &#8211; com essas palavras o Vereador Kaique Souza elogiando a atitude dos comerciantes da Central de abastecimento do Bairro Hernani S\u00e1, onde \u00e9 o legitimo representante daquela comunidade, e que j\u00e1 fez e buscou v\u00e1rias vezes junto aos secret\u00e1rios municipais solu\u00e7\u00f5es para aqueles feirantes, e poucas vezes atendido por parte de alguns Secret\u00e1rios, pontuou como prop\u00edcia e adequada a delibera\u00e7\u00e3o da manifesta\u00e7\u00e3o dos comerciantes da Central de Abastecimento do Hernani S\u00e1, vez que, o pedido do Vereador, mais a for\u00e7a da comunidade faz com que as coisas sejam c\u00e9lere e realmente o Poder P\u00fablico entenda que se faz necess\u00e1ria uma a\u00e7\u00e3o urgente.<\/p>\n<p style=\"text-align: left;\">Melhorias na infraestrutura e apoio \u00e0s demandas dos feirantes da Central de Abastecimento do Hernani S\u00e1, situada na zona sul da cidade, foram temas tratados na manh\u00e3 desta quarta-feira (26), durante reuni\u00e3o realizada no Centro Administrativo da Conquista, com a participa\u00e7\u00e3o do secret\u00e1rio de Servi\u00e7os Urbanos, Jo\u00e3o Aquino, dos superintendentes Carla Serafim\u00a0 e representantes da Associa\u00e7\u00e3o dos Comerciantes e Feirantes da Central da Urbis (ASCOFECAHESA).<\/p>\n<p style=\"text-align: left;\">A discuss\u00e3o girou em torno do funcionamento e infraestrutura do equipamento. Os comerciantes sinalizaram a necessidade de troca e amplia\u00e7\u00e3o de barracas, limpeza, refor\u00e7o da seguran\u00e7a e melhoria dos servi\u00e7os de ilumina\u00e7\u00e3o. Na oportunidade, o Munic\u00edpio prop\u00f4s desenvolver um cronograma de trabalho para garantir o desenvolvimento social no local.<\/p>\n<p style=\"text-align: left;\">Em 2021, a Secretaria de Desenvolvimento Econ\u00f4mico e Inova\u00e7\u00e3o (SDE) entregou os termos de permiss\u00e3o de uso do espa\u00e7o. A iniciativa concede aos feirantes a utiliza\u00e7\u00e3o de forma regulamentada, gerando impacto positivo na economia local.<\/p>\n<p style=\"text-align: left;\">\u201cTivemos uma aten\u00e7\u00e3o muito boa da Prefeitura e esperamos que as demandas sejam atendidas o mais breve poss\u00edvel\u201d, afirmou Cl\u00e1udio Rios, presidente da\u00a0ASCOFECAHESA.<\/p>\n<p style=\"text-align: left;\">Na semana passada, a comunidade do Hernani S\u00e1 ganhou um equipamento esportivo moderno, fruto da parceria promissora entre a Prefeitura de Ilh\u00e9us e o Governo do Estado. A Areninha Society Gustavo Cezar Milton da Silveira Filho constru\u00edda no bairro reflete a import\u00e2ncia da uni\u00e3o entre os poderes para proporcionar qualidade de vida e bem-estar aos mun\u00edcipes.<\/p>\n<p>O Vereador Kaique Souza, morador do alusivo bairro e inicio Vereador do Bairro, e autor de v\u00e1rios requerimentos, indica\u00e7\u00f5es, Projeto de Lei, diz que &#8221; todos segmentos devem se manifestar e isto prova que a uni\u00e3o fortalece as nossas lutas, e assim como manifesta\u00e7\u00e3o que aconteceu com o aumento da tarifa p\u00fablica do Transporte Coletivo, da qual fomos contra no modelo que se apresentou, tamb\u00e9m aplaudimos atitude de Associa\u00e7\u00f5es , segmentos organizados e a comunidade em geral, que saem em busca de solu\u00e7\u00f5es para os seus problemas o que, com certeza, fortalece os nossos pedidos a exemplo do que aconteceu na Central de Abastecimento do Hernani S\u00e1. Uma sociedade organizada colhe bons frutos e fortalece o Poder de Voz e Vez, concluiu o Vereador Kaique Souza.<\/p>\n","protected":false},"excerpt":{"rendered":"<p>-Da Uni\u00e3o nasce a For\u00e7a &#8211; com essas palavras o Vereador Kaique Souza elogiando a atitude dos comerciantes da Central de abastecimento do Bairro Hernani S\u00e1, onde \u00e9 o legitimo representante daquela comunidade, e que j\u00e1 fez e buscou v\u00e1rias vezes junto aos secret\u00e1rios municipais solu\u00e7\u00f5es para aqueles feirantes, e poucas vezes atendido por parte [&hellip;]<\/p>\n","protected":false},"author":2,"featured_media":0,"comment_status":"open","ping_status":"open","sticky":false,"template":"","format":"standard","meta":{"_links_to":"","_links_to_target":""},"categories":[7,9,8,1],"tags":[],"_links":{"self":[{"href":"https:\/\/www.ilheusnoticias.net.br\/v1\/wp-json\/wp\/v2\/posts\/31678"}],"collection":[{"href":"https:\/\/www.ilheusnoticias.net.br\/v1\/wp-json\/wp\/v2\/posts"}],"about":[{"href":"https:\/\/www.ilheusnoticias.net.br\/v1\/wp-json\/wp\/v2\/types\/post"}],"author":[{"embeddable":true,"href":"https:\/\/www.ilheusnoticias.net.br\/v1\/wp-json\/wp\/v2\/users\/2"}],"replies":[{"embeddable":true,"href":"https:\/\/www.ilheusnoticias.net.br\/v1\/wp-json\/wp\/v2\/comments?post=31678"}],"version-history":[{"count":5,"href":"https:\/\/www.ilheusnoticias.net.br\/v1\/wp-json\/wp\/v2\/posts\/31678\/revisions"}],"predecessor-version":[{"id":31684,"href":"https:\/\/www.ilheusnoticias.net.br\/v1\/wp-json\/wp\/v2\/posts\/31678\/revisions\/31684"}],"wp:attachment":[{"href":"https:\/\/www.ilheusnoticias.net.br\/v1\/wp-json\/wp\/v2\/media?parent=31678"}],"wp:term":[{"taxonomy":"category","embeddable":true,"href":"https:\/\/www.ilheusnoticias.net.br\/v1\/wp-json\/wp\/v2\/categories?post=31678"},{"taxonomy":"post_tag","embeddable":true,"href":"https:\/\/www.ilheusnoticias.net.br\/v1\/wp-json\/wp\/v2\/tags?post=31678"}],"curies":[{"name":"wp","href":"https:\/\/api.w.org\/{rel}","templated":true}]}}