{"id":31674,"date":"2023-04-27T06:06:42","date_gmt":"2023-04-27T09:06:42","guid":{"rendered":"https:\/\/www.ilheusnoticias.net.br\/v1\/?p=31674"},"modified":"2023-04-27T06:06:42","modified_gmt":"2023-04-27T09:06:42","slug":"ilheus-amplia-vacina-bivalente-contra-covid-19-para-populacao-acima-de-18-anos","status":"publish","type":"post","link":"https:\/\/www.ilheusnoticias.net.br\/v1\/2023\/04\/27\/ilheus-amplia-vacina-bivalente-contra-covid-19-para-populacao-acima-de-18-anos\/","title":{"rendered":"Ilh\u00e9us amplia vacina bivalente contra Covid-19 para popula\u00e7\u00e3o acima de 18 anos"},"content":{"rendered":"<div class=\"imagem thumbnail col-xs-12 col-sm-8 col-md-6 col-lg-6 imagem-materia\"><a class=\"fresco\" title=\"\" href=\"https:\/\/portalfacilarquivos.blob.core.windows.net\/uploads\/ILHEUS\/imgOrig\/%7B2AAAA44A-BCDE-A34C-CD34-E2ECED5E00BE%7D.jpg\" data-fresco-caption=\"\"><img loading=\"lazy\" title=\"\" src=\"https:\/\/portalfacilarquivos.blob.core.windows.net\/uploads\/ILHEUS\/img\/%7B2AAAA44A-BCDE-A34C-CD34-E2ECED5E00BE%7D\/%7B2AAAA44A-BCDE-A34C-CD34-E2ECED5E00BE%7D_650X450.jpg\" alt=\"vacina\u00e7\u00e3o\" width=\"650\" height=\"450\" \/><\/a><\/div>\n<p>Ilh\u00e9us ampliou a vacina\u00e7\u00e3o com a dose de refor\u00e7o bivalente contra a Covid-19 para toda a popula\u00e7\u00e3o com 18 anos ou mais. A medida foi adotada ap\u00f3s a divulga\u00e7\u00e3o da\u00a0<strong>Nota T\u00e9cnica do Minist\u00e9rio da Sa\u00fade<\/strong>, que considerou, al\u00e9m da disponibilidade da vacina, a oportunidade de amplia\u00e7\u00e3o da resposta imunol\u00f3gica em um maior n\u00famero de indiv\u00edduos frente \u00e0s novas variantes da doen\u00e7a.<\/p>\n<p>A recomenda\u00e7\u00e3o \u00e9 para quem tomou ao menos duas doses de vacinas monovalentes como esquema prim\u00e1rio, respeitando o intervalo m\u00ednimo de quatros meses da \u00faltima dose recebida. A Secretaria Municipal de Sa\u00fade (Sesau) explica que a vacina ser\u00e1 ofertada de acordo com o estoque dispon\u00edvel, a fim de evitar a perda de doses.<\/p>\n<p>\u00c9\u00a0importante a apresenta\u00e7\u00e3o do documento de identifica\u00e7\u00e3o com foto e do cart\u00e3o de vacina\u00e7\u00e3o.\u00a0O servi\u00e7o est\u00e1 sendo ofertado nas unidades de sa\u00fade previamente informadas, conforme o hor\u00e1rio de funcionamento das salas de imuniza\u00e7\u00e3o.<\/p>\n","protected":false},"excerpt":{"rendered":"<p>Ilh\u00e9us ampliou a vacina\u00e7\u00e3o com a dose de refor\u00e7o bivalente contra a Covid-19 para toda a popula\u00e7\u00e3o com 18 anos ou mais. A medida foi adotada ap\u00f3s a divulga\u00e7\u00e3o da\u00a0Nota T\u00e9cnica do Minist\u00e9rio da Sa\u00fade, que considerou, al\u00e9m da disponibilidade da vacina, a oportunidade de amplia\u00e7\u00e3o da resposta imunol\u00f3gica em um maior n\u00famero de indiv\u00edduos [&hellip;]<\/p>\n","protected":false},"author":2,"featured_media":0,"comment_status":"open","ping_status":"open","sticky":false,"template":"","format":"standard","meta":{"_links_to":"","_links_to_target":""},"categories":[7,9,8,1],"tags":[],"_links":{"self":[{"href":"https:\/\/www.ilheusnoticias.net.br\/v1\/wp-json\/wp\/v2\/posts\/31674"}],"collection":[{"href":"https:\/\/www.ilheusnoticias.net.br\/v1\/wp-json\/wp\/v2\/posts"}],"about":[{"href":"https:\/\/www.ilheusnoticias.net.br\/v1\/wp-json\/wp\/v2\/types\/post"}],"author":[{"embeddable":true,"href":"https:\/\/www.ilheusnoticias.net.br\/v1\/wp-json\/wp\/v2\/users\/2"}],"replies":[{"embeddable":true,"href":"https:\/\/www.ilheusnoticias.net.br\/v1\/wp-json\/wp\/v2\/comments?post=31674"}],"version-history":[{"count":1,"href":"https:\/\/www.ilheusnoticias.net.br\/v1\/wp-json\/wp\/v2\/posts\/31674\/revisions"}],"predecessor-version":[{"id":31675,"href":"https:\/\/www.ilheusnoticias.net.br\/v1\/wp-json\/wp\/v2\/posts\/31674\/revisions\/31675"}],"wp:attachment":[{"href":"https:\/\/www.ilheusnoticias.net.br\/v1\/wp-json\/wp\/v2\/media?parent=31674"}],"wp:term":[{"taxonomy":"category","embeddable":true,"href":"https:\/\/www.ilheusnoticias.net.br\/v1\/wp-json\/wp\/v2\/categories?post=31674"},{"taxonomy":"post_tag","embeddable":true,"href":"https:\/\/www.ilheusnoticias.net.br\/v1\/wp-json\/wp\/v2\/tags?post=31674"}],"curies":[{"name":"wp","href":"https:\/\/api.w.org\/{rel}","templated":true}]}}