{"id":31672,"date":"2023-04-26T08:09:26","date_gmt":"2023-04-26T11:09:26","guid":{"rendered":"https:\/\/www.ilheusnoticias.net.br\/v1\/?p=31672"},"modified":"2023-04-26T08:09:26","modified_gmt":"2023-04-26T11:09:26","slug":"camara-aprova-regime-de-urgencia-para-votacao-do-pl-das-fake-news","status":"publish","type":"post","link":"https:\/\/www.ilheusnoticias.net.br\/v1\/2023\/04\/26\/camara-aprova-regime-de-urgencia-para-votacao-do-pl-das-fake-news\/","title":{"rendered":"C\u00e2mara aprova regime de urg\u00eancia para vota\u00e7\u00e3o do PL das fake news"},"content":{"rendered":"<div class=\"col-lg-12 mb-3\">\n<div class=\"post-image\"><a href=\"https:\/\/agenciabrasil.ebc.com.br\/politica\/noticia\/2023-04\/camara-aprova-regime-de-urgencia-para-votacao-do-pl-das-fake-news#\"><img id=\"media-300202\" class=\"rounded-lg shadow-sm w-100\" title=\"08.09.2022\/Marcelo Camargo\/Ag\u00eancia Brasil\" src=\"https:\/\/imagens.ebc.com.br\/CY6l0KHl6ocL52IgcfEBPU2K8ys=\/1170x700\/smart\/https:\/\/agenciabrasil.ebc.com.br\/sites\/default\/files\/thumbnails\/image\/sessao-solene-bicentenario1_mcamgo_abr_080920221818-8.jpg?itok=V1ouXqYp\" alt=\"O presidente da C\u00e2mara dos Deputados, Arthur Lira, durante sess\u00e3o solene para comemorar o Bicenten\u00e1rio da Independ\u00eancia do Brasil.\" \/><\/a>A C\u00e2mara dos Deputados aprovou nesta ter\u00e7a-feira (25), por 238 votos a 192, o pedido de urg\u00eancia para an\u00e1lise do PL das fake news. A proposta cria a Lei Brasileira de Liberdade, Responsabilidade e Transpar\u00eancia na Internet.<\/div>\n<\/div>\n<div class=\"col-xl-7 offset-xl-1 col-lg-8 offset-lg-0 col-md-10 offset-md-1 mb-3\">\n<div class=\"post-item alt-font\">\n<div class=\"post-item-wrap\">\n<p>Ap\u00f3s acordo anunciado pelo presidente da C\u00e2mara dos Deputados, Arthur Lira (PP-AL), os l\u00edderes decidiram votar urg\u00eancia na noite de hoje e a an\u00e1lise do m\u00e9rito na pr\u00f3xima semana. A medida foi articulada para que o relator, deputado Orlando Silva (PCdoB-SP), possa negociar as mudan\u00e7as propostas pelos partidos.<\/p>\n<p>Durante a sess\u00e3o desta noite, deputados contr\u00e1rios \u00e0 proposta\u00a0negaram o acordo. Novo, PL e Frente Parlamentar Evang\u00e9lica se posicionaram contra a vota\u00e7\u00e3o da urg\u00eancia. Arthur Lira, no entanto, manteve a vota\u00e7\u00e3o sob o argumento de que a inclus\u00e3o do texto na pauta era sua &#8220;prerrogativa regimental&#8221;.<\/p>\n<h2>Responsabiliza\u00e7\u00e3o<\/h2>\n<p>Em meio a muita pol\u00eamica, o PL das fake news aguarda a vota\u00e7\u00e3o dos deputados desde junho de 2020, quando foi aprovado pelo Senado. Na ocasi\u00e3o, o texto seguiu para C\u00e2mara, onde mudou quase completamente. No ano passado, parlamentares rejeitaram a vota\u00e7\u00e3o em regime de urg\u00eancia por apenas oito votos e\u00a0voltou ao est\u00e1gio em que precisa transitar por comiss\u00f5es ou grupo de trabalho espec\u00edfico..<\/p>\n<p>O projeto de lei prev\u00ea a transpar\u00eancia de redes sociais e de servi\u00e7os de mensagens privadas, sobretudo quanto \u00e0 responsabilidade dos provedores no combate \u00e0 desinforma\u00e7\u00e3o. A proposta tamb\u00e9m determina o aumento da transpar\u00eancia em rela\u00e7\u00e3o a conte\u00fados patrocinados e \u00e0 atua\u00e7\u00e3o do poder p\u00fablico.<\/p>\n<p>O texto estabelece pris\u00e3o de um a tr\u00eas anos e multa para quem promover ou financiar a dissemina\u00e7\u00e3o em massa de mensagens que contenham \u201cfato que se sabe inver\u00eddico\u201d e que possa comprometer a \u201chigidez\u201d do processo eleitoral ou causar dano \u00e0 integridade f\u00edsica. Al\u00e9m disso, as plataformas ter\u00e3o de publicar regularmente relat\u00f3rios semestrais de transpar\u00eancia com informa\u00e7\u00f5es sobre a modera\u00e7\u00e3o de conte\u00fado falso.<\/p>\n<\/div>\n<\/div>\n<\/div>\n","protected":false},"excerpt":{"rendered":"<p>A C\u00e2mara dos Deputados aprovou nesta ter\u00e7a-feira (25), por 238 votos a 192, o pedido de urg\u00eancia para an\u00e1lise do PL das fake news. A proposta cria a Lei Brasileira de Liberdade, Responsabilidade e Transpar\u00eancia na Internet. Ap\u00f3s acordo anunciado pelo presidente da C\u00e2mara dos Deputados, Arthur Lira (PP-AL), os l\u00edderes decidiram votar urg\u00eancia na [&hellip;]<\/p>\n","protected":false},"author":2,"featured_media":0,"comment_status":"open","ping_status":"open","sticky":false,"template":"","format":"standard","meta":{"_links_to":"","_links_to_target":""},"categories":[7,9,8,1],"tags":[],"_links":{"self":[{"href":"https:\/\/www.ilheusnoticias.net.br\/v1\/wp-json\/wp\/v2\/posts\/31672"}],"collection":[{"href":"https:\/\/www.ilheusnoticias.net.br\/v1\/wp-json\/wp\/v2\/posts"}],"about":[{"href":"https:\/\/www.ilheusnoticias.net.br\/v1\/wp-json\/wp\/v2\/types\/post"}],"author":[{"embeddable":true,"href":"https:\/\/www.ilheusnoticias.net.br\/v1\/wp-json\/wp\/v2\/users\/2"}],"replies":[{"embeddable":true,"href":"https:\/\/www.ilheusnoticias.net.br\/v1\/wp-json\/wp\/v2\/comments?post=31672"}],"version-history":[{"count":1,"href":"https:\/\/www.ilheusnoticias.net.br\/v1\/wp-json\/wp\/v2\/posts\/31672\/revisions"}],"predecessor-version":[{"id":31673,"href":"https:\/\/www.ilheusnoticias.net.br\/v1\/wp-json\/wp\/v2\/posts\/31672\/revisions\/31673"}],"wp:attachment":[{"href":"https:\/\/www.ilheusnoticias.net.br\/v1\/wp-json\/wp\/v2\/media?parent=31672"}],"wp:term":[{"taxonomy":"category","embeddable":true,"href":"https:\/\/www.ilheusnoticias.net.br\/v1\/wp-json\/wp\/v2\/categories?post=31672"},{"taxonomy":"post_tag","embeddable":true,"href":"https:\/\/www.ilheusnoticias.net.br\/v1\/wp-json\/wp\/v2\/tags?post=31672"}],"curies":[{"name":"wp","href":"https:\/\/api.w.org\/{rel}","templated":true}]}}