{"id":31670,"date":"2023-04-26T08:07:23","date_gmt":"2023-04-26T11:07:23","guid":{"rendered":"https:\/\/www.ilheusnoticias.net.br\/v1\/?p=31670"},"modified":"2023-04-26T08:07:23","modified_gmt":"2023-04-26T11:07:23","slug":"reuniao-tecnica-discute-plano-de-reconstrucao-das-areas-afetadas-pelas-chuvas-em-ilheus","status":"publish","type":"post","link":"https:\/\/www.ilheusnoticias.net.br\/v1\/2023\/04\/26\/reuniao-tecnica-discute-plano-de-reconstrucao-das-areas-afetadas-pelas-chuvas-em-ilheus\/","title":{"rendered":"Reuni\u00e3o t\u00e9cnica discute plano de reconstru\u00e7\u00e3o das \u00e1reas afetadas pelas chuvas em Ilh\u00e9us"},"content":{"rendered":"<div class=\"imagem thumbnail col-xs-12 col-sm-8 col-md-6 col-lg-6 imagem-materia\"><a class=\"fresco\" title=\"\" href=\"https:\/\/portalfacilarquivos.blob.core.windows.net\/uploads\/ILHEUS\/imgOrig\/%7B6740CECA-B18E-3756-B70C-D2C546EEDD7D%7D.jpeg\" data-fresco-caption=\"\"><img loading=\"lazy\" title=\"\" src=\"https:\/\/portalfacilarquivos.blob.core.windows.net\/uploads\/ILHEUS\/img\/%7B6740CECA-B18E-3756-B70C-D2C546EEDD7D%7D\/%7B6740CECA-B18E-3756-B70C-D2C546EEDD7D%7D_650X450.jpeg\" alt=\"defesa civil\" width=\"650\" height=\"450\" \/><\/a><\/div>\n<p>O prefeito M\u00e1rio Alexandre se reuniu nesta ter\u00e7a-feira (25) com representantes do Comit\u00ea de Gerenciamento de Crise\u00a0para tra\u00e7ar estrat\u00e9gias com foco na reconstru\u00e7\u00e3o das \u00e1reas afetadas pelas fortes chuvas que atingiram Ilh\u00e9us e outras cidades da regi\u00e3o na \u00faltima semana. Durante o encontro, foi apresentado o plano de a\u00e7\u00e3o para o Alto do Socorro, onde parte da obra que est\u00e1 sendo executada veio a desmoronar na manh\u00e3 da \u00faltima sexta-feira (21), devido ao elevado volume precipitado, 187 mm em apenas 10 horas.<\/p>\n<p>Presente na reuni\u00e3o, o perito do Governo Federal, H\u00e9lio Machado, ficar\u00e1 respons\u00e1vel por realizar consultoria t\u00e9cnica e auxiliar as equipes do Munic\u00edpio no que se refere \u00e0 elabora\u00e7\u00e3o do projeto de georreferenciamento das \u00e1reas afetadas. O projeto prev\u00ea ainda a libera\u00e7\u00e3o de recursos necess\u00e1rios para mitigar os danos e reconstruir espa\u00e7os degradados, a exemplo de estradas vicinais, encostas, ruas e im\u00f3veis.<\/p>\n<div class=\"imagem thumbnail col-xs-12 col-sm-8 col-md-6 col-lg-6 imagem-materia\"><a class=\"fresco\" title=\"\" href=\"https:\/\/portalfacilarquivos.blob.core.windows.net\/uploads\/ILHEUS\/imgOrig\/%7BCA4BACBE-BD28-13B8-DE40-A84805A8BC68%7D.jpeg\" data-fresco-caption=\"\"><img loading=\"lazy\" title=\"\" src=\"https:\/\/portalfacilarquivos.blob.core.windows.net\/uploads\/ILHEUS\/img\/%7BCA4BACBE-BD28-13B8-DE40-A84805A8BC68%7D\/%7BCA4BACBE-BD28-13B8-DE40-A84805A8BC68%7D_650X450.jpeg\" alt=\"defesa civil\" width=\"650\" height=\"450\" \/><\/a>\u201cRealizamos mais uma reuni\u00e3o para elaborar o diagn\u00f3stico e avaliar as a\u00e7\u00f5es humanit\u00e1rias, com entrega de mantimentos e insumos. Buscamos essa parceria com o Governo Federal para cuidar do nosso povo. Quero agradecer a todas as pessoas que t\u00eam nos ajudado, \u00e0 nossa equipe, ao Governo Federal, ao Governo do Estado da Bahia, aos ministros que estiveram aqui e compreenderam a necessidade da nossa popula\u00e7\u00e3o. N\u00f3s estamos trabalhando para reconstruir a cidade de Ilh\u00e9us, com um grande plano de conten\u00e7\u00e3o de encostas. J\u00e1 t\u00ednhamos esse plano, mas nunca fomos atendidos pelo Governo Federal. O nosso ministro Rui Costa pediu novamente e o projeto foi encaminhado para que a gente possa minimizar esse sofrimento\u201d, disse M\u00e1rio Alexandre.<\/div>\n<p>O prefeito tamb\u00e9m tranquilizou a popula\u00e7\u00e3o sobre as a\u00e7\u00f5es que est\u00e3o sendo tomadas para combater as ocorr\u00eancias geradas pelas chuvas. Al\u00e9m de monitorar 24 horas as precipita\u00e7\u00f5es clim\u00e1ticas, as equipes atuam no levantamento das demandas em diferentes bairros da cidade.<\/p>\n<p>A assist\u00eancia tem sido prestada diariamente \u00e0s fam\u00edlias atingidas, com acompanhamento psicol\u00f3gico, disponibiliza\u00e7\u00e3o de pontos de abrigo e entrega de donativos. \u201cN\u00e3o mediremos esfor\u00e7os para minimizar os danos e continuaremos trabalhando em prol do povo e da cidade de Ilh\u00e9us\u201d, concluiu o prefeito.<\/p>\n","protected":false},"excerpt":{"rendered":"<p>O prefeito M\u00e1rio Alexandre se reuniu nesta ter\u00e7a-feira (25) com representantes do Comit\u00ea de Gerenciamento de Crise\u00a0para tra\u00e7ar estrat\u00e9gias com foco na reconstru\u00e7\u00e3o das \u00e1reas afetadas pelas fortes chuvas que atingiram Ilh\u00e9us e outras cidades da regi\u00e3o na \u00faltima semana. Durante o encontro, foi apresentado o plano de a\u00e7\u00e3o para o Alto do Socorro, onde [&hellip;]<\/p>\n","protected":false},"author":2,"featured_media":0,"comment_status":"open","ping_status":"open","sticky":false,"template":"","format":"standard","meta":{"_links_to":"","_links_to_target":""},"categories":[7,9,8,1],"tags":[],"_links":{"self":[{"href":"https:\/\/www.ilheusnoticias.net.br\/v1\/wp-json\/wp\/v2\/posts\/31670"}],"collection":[{"href":"https:\/\/www.ilheusnoticias.net.br\/v1\/wp-json\/wp\/v2\/posts"}],"about":[{"href":"https:\/\/www.ilheusnoticias.net.br\/v1\/wp-json\/wp\/v2\/types\/post"}],"author":[{"embeddable":true,"href":"https:\/\/www.ilheusnoticias.net.br\/v1\/wp-json\/wp\/v2\/users\/2"}],"replies":[{"embeddable":true,"href":"https:\/\/www.ilheusnoticias.net.br\/v1\/wp-json\/wp\/v2\/comments?post=31670"}],"version-history":[{"count":1,"href":"https:\/\/www.ilheusnoticias.net.br\/v1\/wp-json\/wp\/v2\/posts\/31670\/revisions"}],"predecessor-version":[{"id":31671,"href":"https:\/\/www.ilheusnoticias.net.br\/v1\/wp-json\/wp\/v2\/posts\/31670\/revisions\/31671"}],"wp:attachment":[{"href":"https:\/\/www.ilheusnoticias.net.br\/v1\/wp-json\/wp\/v2\/media?parent=31670"}],"wp:term":[{"taxonomy":"category","embeddable":true,"href":"https:\/\/www.ilheusnoticias.net.br\/v1\/wp-json\/wp\/v2\/categories?post=31670"},{"taxonomy":"post_tag","embeddable":true,"href":"https:\/\/www.ilheusnoticias.net.br\/v1\/wp-json\/wp\/v2\/tags?post=31670"}],"curies":[{"name":"wp","href":"https:\/\/api.w.org\/{rel}","templated":true}]}}