{"id":31668,"date":"2023-04-26T08:05:41","date_gmt":"2023-04-26T11:05:41","guid":{"rendered":"https:\/\/www.ilheusnoticias.net.br\/v1\/?p=31668"},"modified":"2023-04-26T08:05:41","modified_gmt":"2023-04-26T11:05:41","slug":"municipio-inicia-manutencao-em-diversas-areas-e-atualiza-dados-sobre-familias-afetadas-pelas-chuvas","status":"publish","type":"post","link":"https:\/\/www.ilheusnoticias.net.br\/v1\/2023\/04\/26\/municipio-inicia-manutencao-em-diversas-areas-e-atualiza-dados-sobre-familias-afetadas-pelas-chuvas\/","title":{"rendered":"Munic\u00edpio inicia manuten\u00e7\u00e3o em diversas \u00e1reas e atualiza dados sobre fam\u00edlias afetadas pelas chuvas"},"content":{"rendered":"<div class=\"imagem thumbnail col-xs-12 col-sm-8 col-md-6 col-lg-6 imagem-materia\"><a class=\"fresco\" title=\"\" href=\"https:\/\/portalfacilarquivos.blob.core.windows.net\/uploads\/ILHEUS\/imgOrig\/%7B38A5DC24-EBC4-2EEB-7CCB-AEDC84D2BB1B%7D.jpg\" data-fresco-caption=\"\"><img loading=\"lazy\" title=\"\" src=\"https:\/\/portalfacilarquivos.blob.core.windows.net\/uploads\/ILHEUS\/img\/%7B38A5DC24-EBC4-2EEB-7CCB-AEDC84D2BB1B%7D\/%7B38A5DC24-EBC4-2EEB-7CCB-AEDC84D2BB1B%7D_650X450.jpg\" alt=\"seinfra\" width=\"650\" height=\"450\" \/><\/a><\/p>\n<p class=\"bg-primary\">A Prefeitura de Ilh\u00e9us, secretarias de Servi\u00e7os Urbanos (Secsurb) e Infraestrutura (Seinfra), intensificou as a\u00e7\u00f5es de reparo e manuten\u00e7\u00e3o pela cidade ap\u00f3s as fortes chuvas registradas na semana passada. As equipes seguem empenhadas para dar seguimento ao trabalho, atendendo de forma priorit\u00e1ria as ocorr\u00eancias nos bairros afetados.<\/p>\n<\/div>\n<p>De acordo com o \u00faltimo boletim informativo, as chuvas j\u00e1 deixaram 303 pessoas desalojadas e 21 desabrigadas.\u00a0Com \u00edndices acima do esperado para o per\u00edodo, a Defesa Civil registrou cerca de 300 ocorr\u00eancias, nos seguintes locais: no Alto do Coqueiro; Alto da Tapera; Alto do Amparo; Alto do Nerival; Alto do Socorro; Alto Soledade; Luiz Gama e nos bairros Malhado, Esperan\u00e7a (incluindo as imedia\u00e7\u00f5es da rodovi\u00e1ria), Banco da Vit\u00f3ria, Barra do Ita\u00edpe, Bas\u00edlio, Centro, Conquista, Princesa Isabel e Hernani S\u00e1.<\/p>\n<div class=\"imagem thumbnail col-xs-12 col-sm-8 col-md-6 col-lg-6 imagem-materia\"><a class=\"fresco\" title=\"\" href=\"https:\/\/portalfacilarquivos.blob.core.windows.net\/uploads\/ILHEUS\/imgOrig\/%7B6EDBA3B0-D6D2-35A2-1C3D-3CDB5C7B8867%7D.jpg\" data-fresco-caption=\"\"><img loading=\"lazy\" src=\"https:\/\/portalfacilarquivos.blob.core.windows.net\/uploads\/ILHEUS\/img\/%7B6EDBA3B0-D6D2-35A2-1C3D-3CDB5C7B8867%7D\/%7B6EDBA3B0-D6D2-35A2-1C3D-3CDB5C7B8867%7D_450X650.jpg\" alt=\"seinfra; chuvas\" width=\"450\" height=\"650\" \/><\/a>\u201cIntensificamos os servi\u00e7os e com a perman\u00eancia da estiagem iremos tocar o trabalho para recuperar todos os pontos o mais r\u00e1pido poss\u00edvel\u201d, destacou \u00c1tila Docio, titular da Seinfra.<\/p>\n<\/div>\n<p>A Secsurb\u00a0j\u00e1 retirou cerca de tr\u00eas mil toneladas de materiais arrastados pelas \u00e1guas da chuva, que acabaram sendo acumulados nas vias, espa\u00e7os p\u00fablicos e resid\u00eancias. S\u00e3o materiais como lixo, madeira, restos de entulho e barro.<\/p>\n<p>&nbsp;<\/p>\n<div class=\"imagem thumbnail col-xs-12 col-sm-8 col-md-6 col-lg-6 imagem-materia\"><a class=\"fresco\" title=\"\" href=\"https:\/\/portalfacilarquivos.blob.core.windows.net\/uploads\/ILHEUS\/imgOrig\/%7BB2BBDAB3-BACD-8B7D-1AB7-BD7C3637AB1B%7D.jpg\" data-fresco-caption=\"\"><img loading=\"lazy\" title=\"\" src=\"https:\/\/portalfacilarquivos.blob.core.windows.net\/uploads\/ILHEUS\/img\/%7BB2BBDAB3-BACD-8B7D-1AB7-BD7C3637AB1B%7D\/%7BB2BBDAB3-BACD-8B7D-1AB7-BD7C3637AB1B%7D_650X450.jpg\" alt=\"seinfra; chuvas\" width=\"650\" height=\"450\" \/><\/a><\/p>\n<p class=\"bg-primary\">\n<\/div>\n<p>&nbsp;<\/p>\n<p><strong>Recupera\u00e7\u00e3o e reparo &#8211;<\/strong>\u00a0A Seinfra explica que os servi\u00e7os consistem na aplica\u00e7\u00e3o de lonas em \u00e1reas de encostas,\u00a0reassentamento de paralelos da Rua Professora Berta Pacheco e drenagem e desobstru\u00e7\u00e3o de rede com caminh\u00e3o hidrojato da Avenida Osvaldo Cruz.<\/p>\n<p>A programa\u00e7\u00e3o engloba ainda reassentamento de paralelep\u00edpedo na ladeira do Residencial Vilela e no Alto S\u00e3o Jo\u00e3o (Teot\u00f4nio Vilela); troca de manilhas e reassentamento de paralelep\u00edpedos na Rua Erotildes Melo (Pontal); reassentamento de paralelep\u00edpedo e continua\u00e7\u00e3o da limpeza dos canais do Teot\u00f4nio Vilela e do Nossa Senhora da Vit\u00f3ria.<\/p>\n<p><strong>Recomenda\u00e7\u00f5es \u2013<\/strong>\u00a0A Defesa Civil orienta os moradores que\u00a0fiquem atentos aos riscos geol\u00f3gicos, observando ind\u00edcios como desagrega\u00e7\u00e3o de solos em encostas, sinais sonoros, fissuras e rachaduras em im\u00f3veis.\u00a0A popula\u00e7\u00e3o tamb\u00e9m deve evitar \u00e1reas de inunda\u00e7\u00e3o.<\/p>\n<p>Em caso de emerg\u00eancia, os mun\u00edcipes podem acionar o \u00f3rg\u00e3o atrav\u00e9s do n\u00famero:\u00a0<strong>(73) 97400-7521<\/strong>\u00a0ou ligar para o Corpo de Bombeiros Militar pela<strong>\u00a0Central 193.<\/strong><\/p>\n","protected":false},"excerpt":{"rendered":"<p>A Prefeitura de Ilh\u00e9us, secretarias de Servi\u00e7os Urbanos (Secsurb) e Infraestrutura (Seinfra), intensificou as a\u00e7\u00f5es de reparo e manuten\u00e7\u00e3o pela cidade ap\u00f3s as fortes chuvas registradas na semana passada. As equipes seguem empenhadas para dar seguimento ao trabalho, atendendo de forma priorit\u00e1ria as ocorr\u00eancias nos bairros afetados. De acordo com o \u00faltimo boletim informativo, as [&hellip;]<\/p>\n","protected":false},"author":2,"featured_media":0,"comment_status":"open","ping_status":"open","sticky":false,"template":"","format":"standard","meta":{"_links_to":"","_links_to_target":""},"categories":[7,9,8,1],"tags":[],"_links":{"self":[{"href":"https:\/\/www.ilheusnoticias.net.br\/v1\/wp-json\/wp\/v2\/posts\/31668"}],"collection":[{"href":"https:\/\/www.ilheusnoticias.net.br\/v1\/wp-json\/wp\/v2\/posts"}],"about":[{"href":"https:\/\/www.ilheusnoticias.net.br\/v1\/wp-json\/wp\/v2\/types\/post"}],"author":[{"embeddable":true,"href":"https:\/\/www.ilheusnoticias.net.br\/v1\/wp-json\/wp\/v2\/users\/2"}],"replies":[{"embeddable":true,"href":"https:\/\/www.ilheusnoticias.net.br\/v1\/wp-json\/wp\/v2\/comments?post=31668"}],"version-history":[{"count":1,"href":"https:\/\/www.ilheusnoticias.net.br\/v1\/wp-json\/wp\/v2\/posts\/31668\/revisions"}],"predecessor-version":[{"id":31669,"href":"https:\/\/www.ilheusnoticias.net.br\/v1\/wp-json\/wp\/v2\/posts\/31668\/revisions\/31669"}],"wp:attachment":[{"href":"https:\/\/www.ilheusnoticias.net.br\/v1\/wp-json\/wp\/v2\/media?parent=31668"}],"wp:term":[{"taxonomy":"category","embeddable":true,"href":"https:\/\/www.ilheusnoticias.net.br\/v1\/wp-json\/wp\/v2\/categories?post=31668"},{"taxonomy":"post_tag","embeddable":true,"href":"https:\/\/www.ilheusnoticias.net.br\/v1\/wp-json\/wp\/v2\/tags?post=31668"}],"curies":[{"name":"wp","href":"https:\/\/api.w.org\/{rel}","templated":true}]}}