{"id":31666,"date":"2023-04-26T08:03:40","date_gmt":"2023-04-26T11:03:40","guid":{"rendered":"https:\/\/www.ilheusnoticias.net.br\/v1\/?p=31666"},"modified":"2023-04-26T08:03:40","modified_gmt":"2023-04-26T11:03:40","slug":"apos-casar-com-menina-de-16-anos-e-nomear-sogra-prefeito-de-65-anos-deixa-o-partido","status":"publish","type":"post","link":"https:\/\/www.ilheusnoticias.net.br\/v1\/2023\/04\/26\/apos-casar-com-menina-de-16-anos-e-nomear-sogra-prefeito-de-65-anos-deixa-o-partido\/","title":{"rendered":"Ap\u00f3s casar com menina de 16 anos e nomear sogra, prefeito de 65 anos deixa o Partido"},"content":{"rendered":"<div class=\"row content-head non-featured \">\n<div class=\"title\" data-block-type=\"title\" data-block-id=\"0\">\n<h1 class=\"content-head__title\"><span style=\"font-size: 16px;\">Nomea\u00e7\u00e3o foi publicada um dia ap\u00f3s uni\u00e3o entre o pol\u00edtico de 65 anos e a adolescente. Minist\u00e9rio P\u00fablico apura ind\u00edcios de nepotismo.<\/span><img class=\"i-amphtml-fill-content i-amphtml-replaced-content\" style=\"font-size: 16px;\" src=\"https:\/\/s2.glbimg.com\/ukrgZVzku2xQKi8wlVA8uJc6JrY=\/0x0:1087x543\/984x0\/smart\/filters:strip_icc()\/i.s3.glbimg.com\/v1\/AUTH_59edd422c0c84a879bd37670ae4f538a\/internal_photos\/bs\/2020\/j\/i\/cR5UdeRp27fjXR8V8Iag\/prefeito-araucaria.jpg\" sizes=\"(max-width: 1707px) 648px, 100vw\" srcset=\"https:\/\/s2.glbimg.com\/6xMpTkj17PPXqQOhru6QyqBtXS4=\/0x0:1087x543\/1000x0\/smart\/filters:strip_icc()\/i.s3.glbimg.com\/v1\/AUTH_59edd422c0c84a879bd37670ae4f538a\/internal_photos\/bs\/2020\/j\/i\/cR5UdeRp27fjXR8V8Iag\/prefeito-araucaria.jpg 1000w, https:\/\/s2.glbimg.com\/ukrgZVzku2xQKi8wlVA8uJc6JrY=\/0x0:1087x543\/984x0\/smart\/filters:strip_icc()\/i.s3.glbimg.com\/v1\/AUTH_59edd422c0c84a879bd37670ae4f538a\/internal_photos\/bs\/2020\/j\/i\/cR5UdeRp27fjXR8V8Iag\/prefeito-araucaria.jpg 984w, https:\/\/s2.glbimg.com\/lM0S1ym7VehXLp_82P68OD7hayo=\/0x0:1087x543\/640x0\/smart\/filters:strip_icc()\/i.s3.glbimg.com\/v1\/AUTH_59edd422c0c84a879bd37670ae4f538a\/internal_photos\/bs\/2020\/j\/i\/cR5UdeRp27fjXR8V8Iag\/prefeito-araucaria.jpg 640w, https:\/\/s2.glbimg.com\/HSW7URLYXcnIEKPpdgvT6JDSvXs=\/0x0:1087x543\/600x0\/smart\/filters:strip_icc()\/i.s3.glbimg.com\/v1\/AUTH_59edd422c0c84a879bd37670ae4f538a\/internal_photos\/bs\/2020\/j\/i\/cR5UdeRp27fjXR8V8Iag\/prefeito-araucaria.jpg 600w\" alt=\"Prefeito de Arauc\u00e1ria, Hissam Hussein Dehaini \u2014 Foto: Gustavo Pontes\/Divulga\u00e7\u00e3o\/Aen\" \/><\/h1>\n<\/div>\n<\/div>\n<div class=\"mc-article-body\">\n<article>\n<div id=\"chunk-680b3\">\n<div class=\"row medium-uncollapsed content-media content-photo\" data-block-type=\"backstage-photo\" data-block-id=\"1\">\n<div class=\" mc-column  content-media__container\">\n<p class=\"content-media__description  \">Prefeito de Arauc\u00e1ria, Hissam Hussein Dehaini \u2014 Foto: Gustavo Pontes<\/p>\n<\/div>\n<\/div>\n<\/div>\n<div id=\"chunk-729a0\">\n<div class=\"mc-column content-text active-extra-styles \" data-block-type=\"unstyled\" data-block-weight=\"45\" data-block-id=\"3\">\n<p class=\"content-text__container \" data-track-category=\"Link no Texto\" data-track-links=\"\">O prefeito de\u00a0<a class=\"\" href=\"https:\/\/g1.globo.com\/pr\/parana\/cidade\/araucaria\/\">Arauc\u00e1ria<\/a>, Hissan Hussein Dehaini, anunciou nesta ter\u00e7a-feira (25) a sa\u00edda do partido Cidadania. O desligamento veio ap\u00f3s a publica\u00e7\u00e3o de reportagens sobre o\u00a0<a class=\"\" href=\"https:\/\/g1.globo.com\/pr\/parana\/noticia\/2023\/04\/25\/prefeito-de-araucaria-nomeia-sogra-como-secretaria-municipal-um-dia-apos-casar-com-filha-dela.ghtml\">casamento dele com uma menina de 16 anos e a nomea\u00e7\u00e3o da sogra<\/a>\u00a0ao cargo de secret\u00e1ria municipal.<\/p>\n<\/div>\n<\/div>\n<div class=\"wall protected-content\">\n<div id=\"chunk-3t7l3\">\n<div class=\"mc-column content-text active-extra-styles \" data-block-type=\"unstyled\" data-block-weight=\"22\" data-block-id=\"4\">\n<p class=\"content-text__container \" data-track-category=\"Link no Texto\" data-track-links=\"\">Em nota, o pol\u00edtico agradeceu a legenda da qual era filiado desde 2009 e que foi o \u00fanico partido integrado por ele.<\/p>\n<\/div>\n<\/div>\n<div id=\"chunk-dmpeo\">\n<div class=\"mc-column content-text active-extra-styles \" data-block-type=\"unstyled\" data-block-weight=\"24\" data-block-id=\"5\">\n<p class=\"content-text__container \" data-track-category=\"Link no Texto\" data-track-links=\"\">Hissam est\u00e1 no segundo mandato como prefeito de Arauc\u00e1ria. Em 2020, foi eleito com 47.613 votos, de acordo com o Tribunal Superior Eleitoral (TSE).<\/p>\n<\/div>\n<\/div>\n<div id=\"chunk-fre4n\">\n<div class=\"mc-column content-text active-extra-styles \" data-block-type=\"unstyled\" data-block-weight=\"31\" data-block-id=\"6\">\n<p class=\"content-text__container \" data-track-category=\"Link no Texto\" data-track-links=\"\">O prefeito do munic\u00edpio da Regi\u00e3o Metropolitana de\u00a0<a class=\"\" href=\"https:\/\/g1.globo.com\/pr\/parana\/cidade\/curitiba\/\">Curitiba<\/a> (RMC) tem 65 anos e casou com a adolescente um dia ap\u00f3s a ela completar idade legal para formalizar a uni\u00e3o.<\/p>\n<\/div>\n<\/div>\n<div id=\"chunk-duu1\">\n<div class=\"mc-column content-text active-extra-styles \" data-block-type=\"unstyled\" data-block-weight=\"23\" data-block-id=\"8\">\n<p class=\"content-text__container \" data-track-category=\"Link no Texto\" data-track-links=\"\">Atualmente, a<a class=\"\" href=\"https:\/\/g1.globo.com\/pr\/parana\/noticia\/2023\/04\/25\/entenda-o-que-diz-lei-sobre-casamento-de-adolescentes-no-brasil-prefeito-no-parana-casou-com-garota-um-dia-apos-ela-completar-16-anos.ghtml\">\u00a0lei federal brasileira permite casamento de menores de idade<\/a>\u00a0a partir dos 16 anos, desde que ocorra permiss\u00e3o legal dos respons\u00e1veis.<\/p>\n<\/div>\n<\/div>\n<div id=\"chunk-8fs70\">\n<div class=\"mc-column content-text active-extra-styles \" data-block-type=\"unstyled\" data-block-weight=\"21\" data-block-id=\"9\">\n<p class=\"content-text__container \" data-track-category=\"Link no Texto\" data-track-links=\"\">24 horas depois do casamento, o prefeito nomeou a sogra, Marilene R\u00f4de, como secret\u00e1ria de Cultura e Turismo do munic\u00edpio.<\/p>\n<\/div>\n<\/div>\n<div id=\"chunk-9mhkd\">\n<div class=\"mc-column content-text active-extra-styles \" data-block-type=\"unstyled\" data-block-weight=\"25\" data-block-id=\"10\">\n<p class=\"content-text__container \" data-track-category=\"Link no Texto\" data-track-links=\"\">O Minist\u00e9rio P\u00fablico do Paran\u00e1 (MP-PR)<a class=\"\" href=\"https:\/\/g1.globo.com\/pr\/parana\/noticia\/2023\/04\/25\/mp-apura-nomeacao-de-sogra-do-prefeito-de-araucaria-como-secretaria-municipal-um-dia-apos-ele-casar-com-adolescente-de-16-anos.ghtml\">\u00a0informou que apura a nomea\u00e7\u00e3o\u00a0<\/a>e que as investiga\u00e7\u00f5es s\u00e3o sigilosas por envolver uma pessoa menor de idade.<\/p>\n<\/div>\n<\/div>\n<div id=\"chunk-cqalc\">\n<div class=\"mc-column content-text active-extra-styles \" data-block-type=\"unstyled\" data-block-weight=\"19\" data-block-id=\"11\">\n<p class=\"content-text__container \" data-track-category=\"Link no Texto\" data-track-links=\"\"><strong>SAIBA TUDO:\u00a0<\/strong><a class=\"\" href=\"https:\/\/g1.globo.com\/pr\/parana\/noticia\/2023\/04\/25\/entenda-o-caso-do-prefeito-de-araucaria-que-casou-com-adolescente-e-nomeou-sogra-secretaria-de-cultura.ghtml\">Entenda o caso do prefeito de Arauc\u00e1ria que casou com adolescente e nomeou sogra secret\u00e1ria de Cultura<\/a><\/p>\n<\/div>\n<\/div>\n<div id=\"chunk-7e9d3\">\n<div class=\"row medium-uncollapsed content-media content-photo\" data-block-type=\"backstage-photo\" data-block-id=\"12\">\n<div class=\" mc-column  content-media__container\">\n<div class=\"content-media-container glb-skeleton-box\">\n<figure class=\"content-media-figure\"><img class=\"i-amphtml-fill-content i-amphtml-replaced-content\" src=\"https:\/\/s2.glbimg.com\/B8FAIwL8uVTzS-t0a10rEjQEAEM=\/0x0:1200x630\/984x0\/smart\/filters:strip_icc()\/i.s3.glbimg.com\/v1\/AUTH_59edd422c0c84a879bd37670ae4f538a\/internal_photos\/bs\/2023\/5\/z\/rEGFlvQROJBkTi5BWcVg\/novo-projeto.jpg\" sizes=\"(max-width: 1707px) 648px, 100vw\" srcset=\"https:\/\/s2.glbimg.com\/mwyY93u_QEmHXP_XWWJ0-kuLzys=\/0x0:1200x630\/1000x0\/smart\/filters:strip_icc()\/i.s3.glbimg.com\/v1\/AUTH_59edd422c0c84a879bd37670ae4f538a\/internal_photos\/bs\/2023\/5\/z\/rEGFlvQROJBkTi5BWcVg\/novo-projeto.jpg 1000w, https:\/\/s2.glbimg.com\/B8FAIwL8uVTzS-t0a10rEjQEAEM=\/0x0:1200x630\/984x0\/smart\/filters:strip_icc()\/i.s3.glbimg.com\/v1\/AUTH_59edd422c0c84a879bd37670ae4f538a\/internal_photos\/bs\/2023\/5\/z\/rEGFlvQROJBkTi5BWcVg\/novo-projeto.jpg 984w, https:\/\/s2.glbimg.com\/AiSYCIQ8UYRYB49SZdCdoo0Q4hI=\/0x0:1200x630\/640x0\/smart\/filters:strip_icc()\/i.s3.glbimg.com\/v1\/AUTH_59edd422c0c84a879bd37670ae4f538a\/internal_photos\/bs\/2023\/5\/z\/rEGFlvQROJBkTi5BWcVg\/novo-projeto.jpg 640w, https:\/\/s2.glbimg.com\/AXSeM7TwmF-5Fb9LjfRPutuYRX4=\/0x0:1200x630\/600x0\/smart\/filters:strip_icc()\/i.s3.glbimg.com\/v1\/AUTH_59edd422c0c84a879bd37670ae4f538a\/internal_photos\/bs\/2023\/5\/z\/rEGFlvQROJBkTi5BWcVg\/novo-projeto.jpg 600w\" alt=\"Hissam est\u00e1 no segundo mandato como prefeito \u2014 Foto: Reprodu\u00e7\u00e3o\/Prefeitura de Arauc\u00e1ria\" \/><\/figure>\n<\/div>\n<p class=\"content-media__description  \">Hissam est\u00e1 no segundo mandato como prefeito \u2014 Foto: Reprodu\u00e7\u00e3o\/Prefeitura de Arauc\u00e1ria<\/p>\n<\/div>\n<\/div>\n<\/div>\n<div id=\"chunk-bsu47\">\n<div class=\"mc-column content-text active-extra-styles \" data-block-type=\"unstyled\" data-block-weight=\"26\" data-block-id=\"13\">\n<p class=\"content-text__container \" data-track-category=\"Link no Texto\" data-track-links=\"\">Pela Constitui\u00e7\u00e3o Federal, agentes p\u00fablicos n\u00e3o podem nomear, contratar ou favorecer familiares e parentes em cargos do poder p\u00fablico. Popularmente, o ato \u00e9 conhecido como nepotismo.<\/p>\n<\/div>\n<\/div>\n<div id=\"chunk-fmctf\">\n<div class=\"content-ads content-ads--reveal\" data-block-type=\"ads\" data-block-id=\"14\">\n<div id=\"banner_materia__f653a912-f245-426a-83d6-68e724cb9ccd\" class=\"tag-manager-publicidade-container mc-has-reveal mc-has-ad-lazyload tag-manager-publicidade-banner_materia__f653a912-f245-426a-83d6-68e724cb9ccd tag-manager-publicidade-container--carregado tag-manager-publicidade-container--visivel\" data-id=\"banner_materia__f653a912-f245-426a-83d6-68e724cb9ccd\" data-google-query-id=\"CMrBk82yx_4CFW4FuQYdkTYIcw\">\n<div id=\"google_ads_iframe_\/95377733\/tvg_G1\/Sua_Regiao&gt;Sul&gt;Parana_4__container__\" style=\"box-sizing: inherit; margin: auto; padding: 0px; border: 0pt none; font: inherit; vertical-align: initial; max-width: 100%; text-align: center; width: 970px; height: 250px;\"><iframe loading=\"lazy\" id=\"google_ads_iframe_\/95377733\/tvg_G1\/Sua_Regiao&gt;Sul&gt;Parana_4\" style=\"box-sizing: inherit; margin: 0px; padding: 0px; border: 0px; font: inherit; vertical-align: bottom; width: 970px; height: 250px;\" tabindex=\"0\" title=\"3rd party ad content\" role=\"region\" src=\"https:\/\/5f92241392d7612eb6a6baf81a6ea024.safeframe.googlesyndication.com\/safeframe\/1-0-40\/html\/container.html\" name=\"\" width=\"1\" height=\"1\" frameborder=\"0\" marginwidth=\"0\" marginheight=\"0\" scrolling=\"no\" sandbox=\"allow-forms allow-popups allow-popups-to-escape-sandbox allow-same-origin allow-scripts allow-top-navigation-by-user-activation\" data-is-safeframe=\"true\" aria-label=\"Advertisement\" data-google-container-id=\"6\" data-load-complete=\"true\" data-mce-fragment=\"1\"><\/iframe><\/div>\n<\/div>\n<\/div>\n<\/div>\n<div id=\"chunk-bg80c\">\n<div class=\"mc-column content-text active-extra-styles \" data-block-type=\"unstyled\" data-block-weight=\"47\" data-block-id=\"15\">\n<p class=\"content-text__container \" data-track-category=\"Link no Texto\" data-track-links=\"\">Em nota, a Prefeitura de Arauc\u00e1ria disse que a nomea\u00e7\u00e3o de Marilene \u00e9 &#8220;ato discricion\u00e1rio do chefe do Poder Executivo, o qual entendeu que a servidora em quest\u00e3o re\u00fane as condi\u00e7\u00f5es necess\u00e1rias para o exerc\u00edcio do cargo, vez que possui 26 anos de experi\u00eancia no servi\u00e7o p\u00fablico&#8221;.<\/p>\n<\/div>\n<\/div>\n<div id=\"chunk-dt44n\">\n<div class=\"mc-column content-text active-extra-styles \" data-block-type=\"unstyled\" data-block-weight=\"28\" data-block-id=\"16\">\n<p class=\"content-text__container \" data-track-category=\"Link no Texto\" data-track-links=\"\">Em 13 de abril, o Di\u00e1rio Oficial de Arauc\u00e1ria publicou a nomea\u00e7\u00e3o de Marilene R\u00f4de ao novo cargo. Antes, ela era diretora-geral na Secretaria de Educa\u00e7\u00e3o do munic\u00edpio.<\/p>\n<\/div>\n<\/div>\n<div id=\"chunk-fv0fp\">\n<div class=\"mc-column content-text active-extra-styles \" data-block-type=\"unstyled\" data-block-weight=\"40\" data-block-id=\"17\">\n<p class=\"content-text__container \" data-track-category=\"Link no Texto\" data-track-links=\"\">At\u00e9 mar\u00e7o deste ano, no cargo antigo, Marilene tinha vencimentos (sal\u00e1rio de servidor sem incluir benef\u00edcios) de R$ 13.917,38, segundo o Portal da Transpar\u00eancia. Em Arauc\u00e1ria, secret\u00e1rios municipais recebem R$ 21.416. J\u00e1 o sal\u00e1rio do prefeito \u00e9 de R$ 17.940,27.<\/p>\n<\/div>\n<\/div>\n<\/div>\n<\/article>\n<\/div>\n","protected":false},"excerpt":{"rendered":"<p>Nomea\u00e7\u00e3o foi publicada um dia ap\u00f3s uni\u00e3o entre o pol\u00edtico de 65 anos e a adolescente. Minist\u00e9rio P\u00fablico apura ind\u00edcios de nepotismo. Prefeito de Arauc\u00e1ria, Hissam Hussein Dehaini \u2014 Foto: Gustavo Pontes O prefeito de\u00a0Arauc\u00e1ria, Hissan Hussein Dehaini, anunciou nesta ter\u00e7a-feira (25) a sa\u00edda do partido Cidadania. O desligamento veio ap\u00f3s a publica\u00e7\u00e3o de reportagens [&hellip;]<\/p>\n","protected":false},"author":2,"featured_media":0,"comment_status":"open","ping_status":"open","sticky":false,"template":"","format":"standard","meta":{"_links_to":"","_links_to_target":""},"categories":[7,9,8,1],"tags":[],"_links":{"self":[{"href":"https:\/\/www.ilheusnoticias.net.br\/v1\/wp-json\/wp\/v2\/posts\/31666"}],"collection":[{"href":"https:\/\/www.ilheusnoticias.net.br\/v1\/wp-json\/wp\/v2\/posts"}],"about":[{"href":"https:\/\/www.ilheusnoticias.net.br\/v1\/wp-json\/wp\/v2\/types\/post"}],"author":[{"embeddable":true,"href":"https:\/\/www.ilheusnoticias.net.br\/v1\/wp-json\/wp\/v2\/users\/2"}],"replies":[{"embeddable":true,"href":"https:\/\/www.ilheusnoticias.net.br\/v1\/wp-json\/wp\/v2\/comments?post=31666"}],"version-history":[{"count":1,"href":"https:\/\/www.ilheusnoticias.net.br\/v1\/wp-json\/wp\/v2\/posts\/31666\/revisions"}],"predecessor-version":[{"id":31667,"href":"https:\/\/www.ilheusnoticias.net.br\/v1\/wp-json\/wp\/v2\/posts\/31666\/revisions\/31667"}],"wp:attachment":[{"href":"https:\/\/www.ilheusnoticias.net.br\/v1\/wp-json\/wp\/v2\/media?parent=31666"}],"wp:term":[{"taxonomy":"category","embeddable":true,"href":"https:\/\/www.ilheusnoticias.net.br\/v1\/wp-json\/wp\/v2\/categories?post=31666"},{"taxonomy":"post_tag","embeddable":true,"href":"https:\/\/www.ilheusnoticias.net.br\/v1\/wp-json\/wp\/v2\/tags?post=31666"}],"curies":[{"name":"wp","href":"https:\/\/api.w.org\/{rel}","templated":true}]}}