{"id":31664,"date":"2023-04-26T08:00:48","date_gmt":"2023-04-26T11:00:48","guid":{"rendered":"https:\/\/www.ilheusnoticias.net.br\/v1\/?p=31664"},"modified":"2023-04-26T08:00:48","modified_gmt":"2023-04-26T11:00:48","slug":"lei-torna-ayrton-senna-patrono-do-esporte-brasileiro","status":"publish","type":"post","link":"https:\/\/www.ilheusnoticias.net.br\/v1\/2023\/04\/26\/lei-torna-ayrton-senna-patrono-do-esporte-brasileiro\/","title":{"rendered":"Lei torna Ayrton Senna patrono do esporte brasileiro"},"content":{"rendered":"<div class=\"mc-article-body\">\n<article>\n<div id=\"chunk-enb1i\">\n<div class=\"row medium-uncollapsed content-media content-photo\" data-block-type=\"backstage-photo\" data-block-id=\"1\">\n<div class=\" mc-column  content-media__container\">\n<div class=\"content-media-container glb-skeleton-box\">\n<figure class=\"content-media-figure\"><img class=\"i-amphtml-fill-content i-amphtml-replaced-content\" src=\"https:\/\/s2.glbimg.com\/NKzFunqldIvWP7OZQRds4LHM1iw=\/0x0:620x388\/984x0\/smart\/filters:strip_icc()\/i.s3.glbimg.com\/v1\/AUTH_59edd422c0c84a879bd37670ae4f538a\/internal_photos\/bs\/2019\/M\/g\/wZI4gtRfySlCkLrDQ6NQ\/senna-3-divulgacao-universal-pictures.jpg\" sizes=\"(max-width: 1707px) 648px, 100vw\" srcset=\"https:\/\/s2.glbimg.com\/c7GG1ptDVAZ5j2sXNZAKtNALOe4=\/0x0:620x388\/1000x0\/smart\/filters:strip_icc()\/i.s3.glbimg.com\/v1\/AUTH_59edd422c0c84a879bd37670ae4f538a\/internal_photos\/bs\/2019\/M\/g\/wZI4gtRfySlCkLrDQ6NQ\/senna-3-divulgacao-universal-pictures.jpg 1000w, https:\/\/s2.glbimg.com\/NKzFunqldIvWP7OZQRds4LHM1iw=\/0x0:620x388\/984x0\/smart\/filters:strip_icc()\/i.s3.glbimg.com\/v1\/AUTH_59edd422c0c84a879bd37670ae4f538a\/internal_photos\/bs\/2019\/M\/g\/wZI4gtRfySlCkLrDQ6NQ\/senna-3-divulgacao-universal-pictures.jpg 984w, https:\/\/s2.glbimg.com\/SperswFkjqmmpR5fpIeByoUNvKo=\/0x0:620x388\/640x0\/smart\/filters:strip_icc()\/i.s3.glbimg.com\/v1\/AUTH_59edd422c0c84a879bd37670ae4f538a\/internal_photos\/bs\/2019\/M\/g\/wZI4gtRfySlCkLrDQ6NQ\/senna-3-divulgacao-universal-pictures.jpg 640w, https:\/\/s2.glbimg.com\/v5qMkjh8Zu0Mc5nJ1NH79BoHXVM=\/0x0:620x388\/600x0\/smart\/filters:strip_icc()\/i.s3.glbimg.com\/v1\/AUTH_59edd422c0c84a879bd37670ae4f538a\/internal_photos\/bs\/2019\/M\/g\/wZI4gtRfySlCkLrDQ6NQ\/senna-3-divulgacao-universal-pictures.jpg 600w\" alt=\"O piloto Ayrton Senna \u2014 Foto: Divulga\u00e7\u00e3o\/Universal Pictures\" \/><\/figure>\n<\/div>\n<p class=\"content-media__description  \">O piloto Ayrton Senna \u2014 Foto: Divulga\u00e7\u00e3o\/Universal Pictures<\/p>\n<\/div>\n<\/div>\n<\/div>\n<div id=\"chunk-bdn5k\">\n<div class=\"mc-column content-text active-extra-styles \" data-block-type=\"unstyled\" data-block-weight=\"38\" data-block-id=\"3\">\n<p class=\"content-text__container \" data-track-category=\"Link no Texto\" data-track-links=\"\">O vice-presidente Geraldo Alckmin (PSB) sancionou uma lei que torna\u00a0<strong>Ayrton Senna<\/strong> patrono do esporte brasileiro. A proposta foi aprovada pelo Senado no fim de mar\u00e7o. A lei foi publicada nesta quarta-feira (26), no Di\u00e1rio Oficial da Uni\u00e3o.<\/p>\n<\/div>\n<\/div>\n<div class=\"wall protected-content\">\n<div id=\"chunk-27bem\">\n<div class=\"mc-column content-text active-extra-styles \" data-block-type=\"unstyled\" data-block-weight=\"25\" data-block-id=\"5\">\n<p class=\"content-text__container \" data-track-category=\"Link no Texto\" data-track-links=\"\">\u00cddolo de gera\u00e7\u00f5es e nome hist\u00f3rico da F\u00f3rmula 1, Senna morreu em 1994 ap\u00f3s um acidente durante o Grande Pr\u00eamio de San Marino, na It\u00e1lia.<\/p>\n<\/div>\n<\/div>\n<div id=\"chunk-2vjus\">\n<div class=\"mc-column content-text active-extra-styles \" data-block-type=\"unstyled\" data-block-weight=\"36\" data-block-id=\"6\">\n<p class=\"content-text__container \" data-track-category=\"Link no Texto\" data-track-links=\"\">Nascido em S\u00e3o Paulo, em mar\u00e7o de 1960, Senna come\u00e7ou a carreira no automobilismo na d\u00e9cada de 1970, no kart. Em 1984, o piloto estreou na F\u00f3rmula 1, sendo campe\u00e3o mundial em 1988, 1990 e 1991.<\/p>\n<\/div>\n<\/div>\n<div id=\"chunk-c9rc3\">\n<div class=\"mc-column content-text active-extra-styles \" data-block-type=\"unstyled\" data-block-weight=\"33\" data-block-id=\"8\">\n<p class=\"content-text__container \" data-track-category=\"Link no Texto\" data-track-links=\"\">Mais de 200 mil pessoas participaram do vel\u00f3rio do atleta, em S\u00e3o Paulo. \u00c0 \u00e9poca, o governo brasileiro declarou tr\u00eas dias de luto oficial e concedeu ao piloto honras de chefe de Estado.<\/p>\n<\/div>\n<\/div>\n<div id=\"chunk-26a12\">\n<div class=\"mc-column content-text active-extra-styles \" data-block-type=\"unstyled\" data-block-weight=\"39\" data-block-id=\"9\">\n<p class=\"content-text__container \" data-track-category=\"Link no Texto\" data-track-links=\"\">A proposta de tornar Senna patrono do esporte brasileiro foi protocolada em 2019 pelo deputado federal Filipe Barros (PL-PR). O projeto passou pela C\u00e2mara no mesmo ano, mas s\u00f3 foi aprovado pelo Senado em 29 de mar\u00e7o deste ano.<\/p>\n<\/div>\n<\/div>\n<\/div>\n<\/article>\n<\/div>\n","protected":false},"excerpt":{"rendered":"<p>O piloto Ayrton Senna \u2014 Foto: Divulga\u00e7\u00e3o\/Universal Pictures O vice-presidente Geraldo Alckmin (PSB) sancionou uma lei que torna\u00a0Ayrton Senna patrono do esporte brasileiro. A proposta foi aprovada pelo Senado no fim de mar\u00e7o. A lei foi publicada nesta quarta-feira (26), no Di\u00e1rio Oficial da Uni\u00e3o. \u00cddolo de gera\u00e7\u00f5es e nome hist\u00f3rico da F\u00f3rmula 1, Senna [&hellip;]<\/p>\n","protected":false},"author":2,"featured_media":0,"comment_status":"open","ping_status":"open","sticky":false,"template":"","format":"standard","meta":{"_links_to":"","_links_to_target":""},"categories":[7,9,8,1],"tags":[],"_links":{"self":[{"href":"https:\/\/www.ilheusnoticias.net.br\/v1\/wp-json\/wp\/v2\/posts\/31664"}],"collection":[{"href":"https:\/\/www.ilheusnoticias.net.br\/v1\/wp-json\/wp\/v2\/posts"}],"about":[{"href":"https:\/\/www.ilheusnoticias.net.br\/v1\/wp-json\/wp\/v2\/types\/post"}],"author":[{"embeddable":true,"href":"https:\/\/www.ilheusnoticias.net.br\/v1\/wp-json\/wp\/v2\/users\/2"}],"replies":[{"embeddable":true,"href":"https:\/\/www.ilheusnoticias.net.br\/v1\/wp-json\/wp\/v2\/comments?post=31664"}],"version-history":[{"count":1,"href":"https:\/\/www.ilheusnoticias.net.br\/v1\/wp-json\/wp\/v2\/posts\/31664\/revisions"}],"predecessor-version":[{"id":31665,"href":"https:\/\/www.ilheusnoticias.net.br\/v1\/wp-json\/wp\/v2\/posts\/31664\/revisions\/31665"}],"wp:attachment":[{"href":"https:\/\/www.ilheusnoticias.net.br\/v1\/wp-json\/wp\/v2\/media?parent=31664"}],"wp:term":[{"taxonomy":"category","embeddable":true,"href":"https:\/\/www.ilheusnoticias.net.br\/v1\/wp-json\/wp\/v2\/categories?post=31664"},{"taxonomy":"post_tag","embeddable":true,"href":"https:\/\/www.ilheusnoticias.net.br\/v1\/wp-json\/wp\/v2\/tags?post=31664"}],"curies":[{"name":"wp","href":"https:\/\/api.w.org\/{rel}","templated":true}]}}