{"id":31662,"date":"2023-04-26T07:53:17","date_gmt":"2023-04-26T10:53:17","guid":{"rendered":"https:\/\/www.ilheusnoticias.net.br\/v1\/?p=31662"},"modified":"2023-04-26T07:53:17","modified_gmt":"2023-04-26T10:53:17","slug":"governo-atualiza-dados-e-bahia-registra-mais-de-8-mil-desalojados-por-causa-das-chuvas-no-interior-do-estado","status":"publish","type":"post","link":"https:\/\/www.ilheusnoticias.net.br\/v1\/2023\/04\/26\/governo-atualiza-dados-e-bahia-registra-mais-de-8-mil-desalojados-por-causa-das-chuvas-no-interior-do-estado\/","title":{"rendered":"Governo atualiza dados e Bahia registra mais de 8 mil desalojados por causa das chuvas no interior do estado"},"content":{"rendered":"<div class=\"row content-head non-featured \">\n<div class=\"title\" data-block-type=\"title\" data-block-id=\"0\"><\/div>\n<\/div>\n<div class=\"mc-article-body\">\n<article>\n<div id=\"chunk-futhl\">\n<div class=\"row medium-uncollapsed content-media content-photo\" data-block-type=\"backstage-photo\" data-block-id=\"1\">\n<div class=\" mc-column  content-media__container\">\n<div class=\"content-media-container glb-skeleton-box\">\n<figure class=\"content-media-figure\"><img class=\"i-amphtml-fill-content i-amphtml-replaced-content\" src=\"https:\/\/s2.glbimg.com\/7PoVOUa2cXtur54VBlKgAAuFDms=\/0x0:1280x852\/984x0\/smart\/filters:strip_icc()\/i.s3.glbimg.com\/v1\/AUTH_59edd422c0c84a879bd37670ae4f538a\/internal_photos\/bs\/2023\/L\/r\/mrWGtzRlAIbQ1cA0eNEg\/operacao-chuva-cabralia.foto-divulgacao-bombeiros3.jpeg\" sizes=\"(max-width: 1707px) 648px, 100vw\" srcset=\"https:\/\/s2.glbimg.com\/o3XEmppYsFBYmrprbtdcz4uArfc=\/0x0:1280x852\/1000x0\/smart\/filters:strip_icc()\/i.s3.glbimg.com\/v1\/AUTH_59edd422c0c84a879bd37670ae4f538a\/internal_photos\/bs\/2023\/L\/r\/mrWGtzRlAIbQ1cA0eNEg\/operacao-chuva-cabralia.foto-divulgacao-bombeiros3.jpeg 1000w, https:\/\/s2.glbimg.com\/7PoVOUa2cXtur54VBlKgAAuFDms=\/0x0:1280x852\/984x0\/smart\/filters:strip_icc()\/i.s3.glbimg.com\/v1\/AUTH_59edd422c0c84a879bd37670ae4f538a\/internal_photos\/bs\/2023\/L\/r\/mrWGtzRlAIbQ1cA0eNEg\/operacao-chuva-cabralia.foto-divulgacao-bombeiros3.jpeg 984w, https:\/\/s2.glbimg.com\/Qu17fGGef12tD_yHH6c9JqIxaac=\/0x0:1280x852\/640x0\/smart\/filters:strip_icc()\/i.s3.glbimg.com\/v1\/AUTH_59edd422c0c84a879bd37670ae4f538a\/internal_photos\/bs\/2023\/L\/r\/mrWGtzRlAIbQ1cA0eNEg\/operacao-chuva-cabralia.foto-divulgacao-bombeiros3.jpeg 640w, https:\/\/s2.glbimg.com\/9MQ0cXVA5wjL_MGsedV4lozEVGs=\/0x0:1280x852\/600x0\/smart\/filters:strip_icc()\/i.s3.glbimg.com\/v1\/AUTH_59edd422c0c84a879bd37670ae4f538a\/internal_photos\/bs\/2023\/L\/r\/mrWGtzRlAIbQ1cA0eNEg\/operacao-chuva-cabralia.foto-divulgacao-bombeiros3.jpeg 600w\" alt=\"Bombeiros no iterior do estado ap\u00f3s chuvas atingirem sul e extremo sul da Bahia \u2014 Foto: Divulga\u00e7\u00e3o\/GovBA\" \/><\/figure>\n<\/div>\n<p class=\"content-media__description  \">Bombeiros no iterior do estado ap\u00f3s chuvas atingirem sul e extremo sul da Bahia \u2014 Foto: Divulga\u00e7\u00e3o\/GovBA<\/p>\n<\/div>\n<\/div>\n<\/div>\n<div id=\"chunk-9n098\">\n<div class=\"mc-column content-text active-extra-styles \" data-block-type=\"unstyled\" data-block-weight=\"42\" data-block-id=\"3\">\n<p class=\"content-text__container \" data-track-category=\"Link no Texto\" data-track-links=\"\">A Bahia tem 8.081 pessoas desalojadas, 65 desabrigadas e 9.348 afetadas em decorr\u00eancia das fortes chuvas que atingiram algumas regi\u00f5es do estado. Os dados s\u00e3o do Governo do Estado e foram atualizados nesta ter\u00e7a-feira (25), com base em informa\u00e7\u00f5es recebidas das prefeituras.<\/p>\n<\/div>\n<\/div>\n<div class=\"wall protected-content\">\n<div id=\"chunk-1qoc0\">\n<div class=\"mc-column content-text active-extra-styles \" data-block-type=\"unstyled\" data-block-weight=\"20\" data-block-id=\"5\">\n<p class=\"content-text__container \" data-track-category=\"Link no Texto\" data-track-links=\"\">Os n\u00fameros correspondem \u00e0s ocorr\u00eancias registradas em 25 munic\u00edpios atingidos, que s\u00e3o monitorados e recebem apoio do governo estadual.<\/p>\n<\/div>\n<\/div>\n<div id=\"chunk-9bh6c\">\n<div class=\"mc-column content-text active-extra-styles \" data-block-type=\"unstyled\" data-block-weight=\"22\" data-block-id=\"6\">\n<p class=\"content-text__container \" data-track-category=\"Link no Texto\" data-track-links=\"\">Dos 25, cinco est\u00e3o com decreto de situa\u00e7\u00e3o de emerg\u00eancia, s\u00e3o eles:\u00a0<a class=\"\" href=\"https:\/\/g1.globo.com\/ba\/bahia\/cidade\/santa-cruz-cabralia\/\"><span class=\"highlight highlighted\">Santa Cruz Cabr\u00e1lia<\/span><\/a><span class=\"highlight highlighted\">,\u00a0<\/span><a class=\"\" href=\"https:\/\/g1.globo.com\/ba\/bahia\/cidade\/ilheus\/\"><span class=\"highlight highlighted\">Ilh\u00e9us<\/span><\/a><span class=\"highlight highlighted\">,\u00a0<\/span><a class=\"\" href=\"https:\/\/g1.globo.com\/ba\/bahia\/cidade\/belmonte-ba\/\"><span class=\"highlight highlighted\">Belmonte<\/span><\/a><span class=\"highlight highlighted\">,\u00a0<\/span><a class=\"\" href=\"https:\/\/g1.globo.com\/ba\/bahia\/cidade\/porto-seguro\/\"><span class=\"highlight highlighted\">Porto Seguro<\/span><\/a><span class=\"highlight highlighted\">\u00a0e\u00a0<\/span><a class=\"\" href=\"https:\/\/g1.globo.com\/ba\/bahia\/cidade\/itapebi\/\"><span class=\"highlight highlighted\">Itapebi<\/span><\/a><span class=\"highlight highlighted\">.<\/span><\/p>\n<\/div>\n<\/div>\n<div id=\"chunk-cg8ul\">\n<div class=\"mc-column content-text active-extra-styles \" data-block-type=\"unstyled\" data-block-weight=\"33\" data-block-id=\"7\">\n<p class=\"content-text__container \" data-track-category=\"Link no Texto\" data-track-links=\"\">Os demais munic\u00edpios atingidos s\u00e3o: Anag\u00e9, Cara\u00edbas, Caravelas, Eun\u00e1polis, Guaratinga, Ibirapu\u00e3, Itabela, Itabuna, Itagimirim, Itamaraju, Itanh\u00e9m, Jucuru\u00e7u, Lajed\u00e3o, Medeiros Neto, Mucuri, Nova Vi\u00e7osa, Prado, Teixeira de Freitas, Vereda e Vit\u00f3ria da Conquista.<img class=\"i-amphtml-fill-content i-amphtml-replaced-content\" style=\"font-family: inherit; font-size: inherit; font-style: inherit; font-variant-ligatures: inherit; font-variant-caps: inherit; font-weight: inherit; text-align: center;\" src=\"https:\/\/s2.glbimg.com\/o1iEmqdlGwSeIBXdH2zo7vj7twM=\/0x0:1140x777\/984x0\/smart\/filters:strip_icc()\/i.s3.glbimg.com\/v1\/AUTH_59edd422c0c84a879bd37670ae4f538a\/internal_photos\/bs\/2023\/v\/z\/f3GyNKQsaJo3iDy5vKuw\/operacao-chuva-cabralia.foto-divulgacao-bombeiros2.jpeg\" sizes=\"(max-width: 1707px) 648px, 100vw\" srcset=\"https:\/\/s2.glbimg.com\/2q9M2VqR3BT6pVMEyv9XBboOy4E=\/0x0:1140x777\/1000x0\/smart\/filters:strip_icc()\/i.s3.glbimg.com\/v1\/AUTH_59edd422c0c84a879bd37670ae4f538a\/internal_photos\/bs\/2023\/v\/z\/f3GyNKQsaJo3iDy5vKuw\/operacao-chuva-cabralia.foto-divulgacao-bombeiros2.jpeg 1000w, https:\/\/s2.glbimg.com\/o1iEmqdlGwSeIBXdH2zo7vj7twM=\/0x0:1140x777\/984x0\/smart\/filters:strip_icc()\/i.s3.glbimg.com\/v1\/AUTH_59edd422c0c84a879bd37670ae4f538a\/internal_photos\/bs\/2023\/v\/z\/f3GyNKQsaJo3iDy5vKuw\/operacao-chuva-cabralia.foto-divulgacao-bombeiros2.jpeg 984w, https:\/\/s2.glbimg.com\/FFtgGm9zvUBRIBjwT_75n47gMoA=\/0x0:1140x777\/640x0\/smart\/filters:strip_icc()\/i.s3.glbimg.com\/v1\/AUTH_59edd422c0c84a879bd37670ae4f538a\/internal_photos\/bs\/2023\/v\/z\/f3GyNKQsaJo3iDy5vKuw\/operacao-chuva-cabralia.foto-divulgacao-bombeiros2.jpeg 640w, https:\/\/s2.glbimg.com\/qPHRzYkZMQd_xNtKZcCeZ-tNKH8=\/0x0:1140x777\/600x0\/smart\/filters:strip_icc()\/i.s3.glbimg.com\/v1\/AUTH_59edd422c0c84a879bd37670ae4f538a\/internal_photos\/bs\/2023\/v\/z\/f3GyNKQsaJo3iDy5vKuw\/operacao-chuva-cabralia.foto-divulgacao-bombeiros2.jpeg 600w\" alt=\"Ruas com lamas e mroadores recebendo colch\u00f5es dos bombeiros no sul da Bahia \u2014 Foto: Divulga\u00e7\u00e3o\/GovBA\" \/><\/p>\n<\/div>\n<\/div>\n<div id=\"chunk-60nlk\">\n<div class=\"row medium-uncollapsed content-media content-photo\" data-block-type=\"backstage-photo\" data-block-id=\"9\">\n<div class=\" mc-column  content-media__container\">\n<p class=\"content-media__description  \">Ruas com lamas e mroadores recebendo colch\u00f5es dos bombeiros no sul da Bahia \u2014 Foto: Divulga\u00e7\u00e3o\/GovBA<\/p>\n<\/div>\n<\/div>\n<\/div>\n<div id=\"chunk-flte7\">\n<div class=\"mc-column content-text active-extra-styles \" data-block-type=\"unstyled\" data-block-weight=\"25\" data-block-id=\"10\">\n<p class=\"content-text__container \" data-track-category=\"Link no Texto\" data-track-links=\"\">Nesta ter\u00e7a-feira, o Corpo de Bombeiros Militar da Bahia (CBMBA) continuou no atendimento a popula\u00e7\u00e3o em \u00e1reas isoladas na regi\u00e3o de Santa Cruz Cabr\u00e1lia.<\/p>\n<\/div>\n<\/div>\n<div id=\"chunk-3p7vi\">\n<div class=\"mc-column content-text active-extra-styles \" data-block-type=\"unstyled\" data-block-weight=\"31\" data-block-id=\"11\">\n<p class=\"content-text__container \" data-track-category=\"Link no Texto\" data-track-links=\"\">A a\u00e7\u00e3o foi iniciada na segunda-feira (24), com a distribui\u00e7\u00e3o de cestas b\u00e1sicas, \u00e1gua pot\u00e1vel e colch\u00f5es feita pelas guarni\u00e7\u00f5es. Al\u00e9m disso, os bombeiros permanecem atentos \u00e0s situa\u00e7\u00f5es de emerg\u00eancia.<\/p>\n<\/div>\n<\/div>\n<div id=\"chunk-7cncp\">\n<div class=\"row medium-uncollapsed content-media content-photo\" data-block-type=\"backstage-photo\" data-block-id=\"12\">\n<div class=\" mc-column  content-media__container\">\n<div class=\"content-media-container glb-skeleton-box\">\n<figure class=\"content-media-figure\"><img class=\"i-amphtml-fill-content i-amphtml-replaced-content\" src=\"https:\/\/s2.glbimg.com\/sOdssUK4PIOc5QrRaIkVhMTMCb8=\/0x0:1083x576\/984x0\/smart\/filters:strip_icc()\/i.s3.glbimg.com\/v1\/AUTH_59edd422c0c84a879bd37670ae4f538a\/internal_photos\/bs\/2023\/e\/b\/aRQkiKQvij9YmPvbP9lA\/porto-seguro-chuva-2-g1.jpg\" sizes=\"(max-width: 1707px) 648px, 100vw\" srcset=\"https:\/\/s2.glbimg.com\/aiduCjtVdtvmH5eKjkYNsVz0Ljo=\/0x0:1083x576\/1000x0\/smart\/filters:strip_icc()\/i.s3.glbimg.com\/v1\/AUTH_59edd422c0c84a879bd37670ae4f538a\/internal_photos\/bs\/2023\/e\/b\/aRQkiKQvij9YmPvbP9lA\/porto-seguro-chuva-2-g1.jpg 1000w, https:\/\/s2.glbimg.com\/sOdssUK4PIOc5QrRaIkVhMTMCb8=\/0x0:1083x576\/984x0\/smart\/filters:strip_icc()\/i.s3.glbimg.com\/v1\/AUTH_59edd422c0c84a879bd37670ae4f538a\/internal_photos\/bs\/2023\/e\/b\/aRQkiKQvij9YmPvbP9lA\/porto-seguro-chuva-2-g1.jpg 984w, https:\/\/s2.glbimg.com\/xnpOfKNaLj8u5O3JNno_ImXrBBY=\/0x0:1083x576\/640x0\/smart\/filters:strip_icc()\/i.s3.glbimg.com\/v1\/AUTH_59edd422c0c84a879bd37670ae4f538a\/internal_photos\/bs\/2023\/e\/b\/aRQkiKQvij9YmPvbP9lA\/porto-seguro-chuva-2-g1.jpg 640w, https:\/\/s2.glbimg.com\/bUshNHxL1LZ9Vywxyf3AE7fk6V0=\/0x0:1083x576\/600x0\/smart\/filters:strip_icc()\/i.s3.glbimg.com\/v1\/AUTH_59edd422c0c84a879bd37670ae4f538a\/internal_photos\/bs\/2023\/e\/b\/aRQkiKQvij9YmPvbP9lA\/porto-seguro-chuva-2-g1.jpg 600w\" alt=\"Chuva em Porto Seguro, no extremo sul da Bahia  \u2014 Foto: Eric Lu\u00eds Carvalho, g1\" \/><\/figure>\n<\/div>\n<p class=\"content-media__description  \">Chuva em Porto Seguro, no extremo sul da Bahia \u2014 Foto: Eric Lu\u00eds Carvalho, g1<\/p>\n<\/div>\n<\/div>\n<\/div>\n<div id=\"chunk-69m2c\">\n<div class=\"mc-column content-text active-extra-styles \" data-block-type=\"unstyled\" data-block-weight=\"58\" data-block-id=\"14\">\n<p class=\"content-text__container \" data-track-category=\"Link no Texto\" data-track-links=\"\">Na maioria das cidades, a chuva come\u00e7ou na madrugada de sexta-feira (21) e permaneceu no s\u00e1bado (22) e no domingo (23). Neste per\u00edodo, foram contabilizados alagamentos, deslizamentos de terra e desabamentos de im\u00f3veis. At\u00e9 esta segunda, tr\u00eas mortes foram contabilizadas: um\u00a0<a class=\"\" href=\"https:\/\/g1.globo.com\/ba\/bahia\/noticia\/2023\/04\/21\/duas-pessoas-morrem-em-praia-no-sul-da-bahia.ghtml\">casal de turistas mineiros<\/a>\u00a0e o um\u00a0<a class=\"\" href=\"https:\/\/g1.globo.com\/ba\/bahia\/noticia\/2023\/04\/22\/corpo-e-encontrado-na-cidade-de-porto-seguro.ghtml\">pescador , que era tio da artista Carla Perez<\/a>.<\/p>\n<\/div>\n<\/div>\n<div id=\"chunk-dfins\">\n<div class=\"mc-column content-text active-extra-styles \" data-block-type=\"unstyled\" data-block-weight=\"50\" data-block-id=\"15\">\n<p class=\"content-text__container \" data-track-category=\"Link no Texto\" data-track-links=\"\">Por causa da gravidade da situa\u00e7\u00e3o, o ministro da Casa Civil e ex-governador da Bahia, Rui Costa, e o ministro da Integra\u00e7\u00e3o e Desenvolvimento Regional, Waldez G\u00f3es, viajaram para Itabuna, no sul da Bahia, na segunda-feira. Acompanhados do governador Jer\u00f4nimo Rodrigues, eles\u00a0<a class=\"\" href=\"https:\/\/g1.globo.com\/ba\/bahia\/noticia\/2023\/04\/24\/ministros-chegam-ao-sul-da-bahia-para-acompanhar-estragos-causados-por-temporais.ghtml\">sobrevoaram \u00e1reas afetadas pelos temporais\u00a0<\/a>na regi\u00e3o.<\/p>\n<\/div>\n<\/div>\n<div id=\"chunk-dp6ck\">\n<div class=\"mc-column content-text active-extra-styles \" data-block-type=\"unstyled\" data-block-weight=\"21\" data-block-id=\"16\">\n<p class=\"content-text__container \" data-track-category=\"Link no Texto\" data-track-links=\"\">No v\u00eddeo publicado nas redes sociais, \u00e9 poss\u00edvel ver bairros alagados, pontes destru\u00eddas e locais onde ocorreram deslizamentos de terra.<\/p>\n<\/div>\n<\/div>\n<\/div>\n<\/article>\n<\/div>\n","protected":false},"excerpt":{"rendered":"<p>Bombeiros no iterior do estado ap\u00f3s chuvas atingirem sul e extremo sul da Bahia \u2014 Foto: Divulga\u00e7\u00e3o\/GovBA A Bahia tem 8.081 pessoas desalojadas, 65 desabrigadas e 9.348 afetadas em decorr\u00eancia das fortes chuvas que atingiram algumas regi\u00f5es do estado. Os dados s\u00e3o do Governo do Estado e foram atualizados nesta ter\u00e7a-feira (25), com base em [&hellip;]<\/p>\n","protected":false},"author":2,"featured_media":0,"comment_status":"open","ping_status":"open","sticky":false,"template":"","format":"standard","meta":{"_links_to":"","_links_to_target":""},"categories":[7,9,8,1],"tags":[],"_links":{"self":[{"href":"https:\/\/www.ilheusnoticias.net.br\/v1\/wp-json\/wp\/v2\/posts\/31662"}],"collection":[{"href":"https:\/\/www.ilheusnoticias.net.br\/v1\/wp-json\/wp\/v2\/posts"}],"about":[{"href":"https:\/\/www.ilheusnoticias.net.br\/v1\/wp-json\/wp\/v2\/types\/post"}],"author":[{"embeddable":true,"href":"https:\/\/www.ilheusnoticias.net.br\/v1\/wp-json\/wp\/v2\/users\/2"}],"replies":[{"embeddable":true,"href":"https:\/\/www.ilheusnoticias.net.br\/v1\/wp-json\/wp\/v2\/comments?post=31662"}],"version-history":[{"count":1,"href":"https:\/\/www.ilheusnoticias.net.br\/v1\/wp-json\/wp\/v2\/posts\/31662\/revisions"}],"predecessor-version":[{"id":31663,"href":"https:\/\/www.ilheusnoticias.net.br\/v1\/wp-json\/wp\/v2\/posts\/31662\/revisions\/31663"}],"wp:attachment":[{"href":"https:\/\/www.ilheusnoticias.net.br\/v1\/wp-json\/wp\/v2\/media?parent=31662"}],"wp:term":[{"taxonomy":"category","embeddable":true,"href":"https:\/\/www.ilheusnoticias.net.br\/v1\/wp-json\/wp\/v2\/categories?post=31662"},{"taxonomy":"post_tag","embeddable":true,"href":"https:\/\/www.ilheusnoticias.net.br\/v1\/wp-json\/wp\/v2\/tags?post=31662"}],"curies":[{"name":"wp","href":"https:\/\/api.w.org\/{rel}","templated":true}]}}