{"id":31660,"date":"2023-04-25T14:05:12","date_gmt":"2023-04-25T17:05:12","guid":{"rendered":"https:\/\/www.ilheusnoticias.net.br\/v1\/?p=31660"},"modified":"2023-04-25T14:05:12","modified_gmt":"2023-04-25T17:05:12","slug":"governo-da-bahia-publica-resultado-final-de-concurso-para-policia-tecnica","status":"publish","type":"post","link":"https:\/\/www.ilheusnoticias.net.br\/v1\/2023\/04\/25\/governo-da-bahia-publica-resultado-final-de-concurso-para-policia-tecnica\/","title":{"rendered":"Governo da Bahia publica resultado final de concurso para Pol\u00edcia T\u00e9cnica"},"content":{"rendered":"<div class=\"row content-head non-featured \">\n<div class=\"title\" data-block-type=\"title\" data-block-id=\"0\">\n<h1 class=\"content-head__title\"><span style=\"font-size: 16px;\">Certame ofereceu 456 vagas para perito criminal, m\u00e9dico legista, perito odonto-legal e perito t\u00e9cnico.<\/span><\/h1>\n<\/div>\n<\/div>\n<div class=\"mc-article-body\">\n<article>\n<div id=\"chunk-bv6sg\">\n<div class=\"row medium-uncollapsed content-media content-photo\" data-block-type=\"backstage-photo\" data-block-id=\"1\">\n<div class=\" mc-column  content-media__container\">\n<div class=\"content-media-container glb-skeleton-box\">\n<figure class=\"content-media-figure\"><img class=\"i-amphtml-fill-content i-amphtml-replaced-content\" src=\"https:\/\/s2.glbimg.com\/Bz6hYJQjEi8EPjdQrld2NiC6iOI=\/0x0:1280x960\/984x0\/smart\/filters:strip_icc()\/i.s3.glbimg.com\/v1\/AUTH_59edd422c0c84a879bd37670ae4f538a\/internal_photos\/bs\/2019\/v\/E\/6XnvMCRsSFmFcFeal8jQ\/whatsapp-image-2019-12-09-at-09.04.47.jpeg\" sizes=\"(max-width: 1707px) 648px, 100vw\" srcset=\"https:\/\/s2.glbimg.com\/WvzrbL7s6lU429xfFXfjkhPsaxE=\/0x0:1280x960\/1000x0\/smart\/filters:strip_icc()\/i.s3.glbimg.com\/v1\/AUTH_59edd422c0c84a879bd37670ae4f538a\/internal_photos\/bs\/2019\/v\/E\/6XnvMCRsSFmFcFeal8jQ\/whatsapp-image-2019-12-09-at-09.04.47.jpeg 1000w, https:\/\/s2.glbimg.com\/Bz6hYJQjEi8EPjdQrld2NiC6iOI=\/0x0:1280x960\/984x0\/smart\/filters:strip_icc()\/i.s3.glbimg.com\/v1\/AUTH_59edd422c0c84a879bd37670ae4f538a\/internal_photos\/bs\/2019\/v\/E\/6XnvMCRsSFmFcFeal8jQ\/whatsapp-image-2019-12-09-at-09.04.47.jpeg 984w, https:\/\/s2.glbimg.com\/MKsXDybU63GRSx-Mo0ExKdSPYE8=\/0x0:1280x960\/640x0\/smart\/filters:strip_icc()\/i.s3.glbimg.com\/v1\/AUTH_59edd422c0c84a879bd37670ae4f538a\/internal_photos\/bs\/2019\/v\/E\/6XnvMCRsSFmFcFeal8jQ\/whatsapp-image-2019-12-09-at-09.04.47.jpeg 640w, https:\/\/s2.glbimg.com\/nkY4DJ6IlEef0rpmNsHMcUrpfNQ=\/0x0:1280x960\/600x0\/smart\/filters:strip_icc()\/i.s3.glbimg.com\/v1\/AUTH_59edd422c0c84a879bd37670ae4f538a\/internal_photos\/bs\/2019\/v\/E\/6XnvMCRsSFmFcFeal8jQ\/whatsapp-image-2019-12-09-at-09.04.47.jpeg 600w\" alt=\"Departamento de Pol\u00edcia T\u00e9cnica de Salvador \u2014 Foto: Maiana Belo\/G1\" \/><\/figure>\n<\/div>\n<p class=\"content-media__description  \">Departamento de Pol\u00edcia T\u00e9cnica de Salvador \u2014 Foto: Maiana Belo\/G1<\/p>\n<\/div>\n<\/div>\n<\/div>\n<div id=\"chunk-345b0\">\n<div class=\"mc-column content-text active-extra-styles \" data-block-type=\"unstyled\" data-block-weight=\"36\" data-block-id=\"3\">\n<p class=\"content-text__container \" data-track-category=\"Link no Texto\" data-track-links=\"\">O governo da Bahia publicou no Di\u00e1rio Oficial do Estado (DOE) desta ter\u00e7a-feira (25) o resultado final e a homologa\u00e7\u00e3o do\u00a0<a class=\"\" href=\"https:\/\/g1.globo.com\/ba\/bahia\/noticia\/2022\/10\/07\/inscricoes-para-concurso-publico-do-departamento-de-policia-tecnica-serao-encerradas-na-segunda-feira-veja-como-participar.ghtml\">concurso p\u00fablico para o Departamento de Pol\u00edcia T\u00e9cnica (DPT) da Pol\u00edcia Civil do Estado<\/a>.<\/p>\n<\/div>\n<\/div>\n<div class=\"wall protected-content\">\n<div id=\"chunk-f5060\">\n<div class=\"mc-column content-text active-extra-styles \" data-block-type=\"unstyled\" data-block-weight=\"39\" data-block-id=\"4\">\n<p class=\"content-text__container \" data-track-category=\"Link no Texto\" data-track-links=\"\">Na publica\u00e7\u00e3o realizada pela Secretaria da Administra\u00e7\u00e3o do Estado (Saeb), podem ser conferidos os resultados definitivos da terceira etapa do concurso, que compreende prova de t\u00edtulos, procedimento de heteroidentifica\u00e7\u00e3o e per\u00edcia m\u00e9dica dos candidatos que se declararam com defici\u00eancia.<\/p>\n<\/div>\n<\/div>\n<div id=\"chunk-8e6cu\">\n<div class=\"mc-column content-text active-extra-styles \" data-block-type=\"unstyled\" data-block-weight=\"26\" data-block-id=\"5\">\n<p class=\"content-text__container \" data-track-category=\"Link no Texto\" data-track-links=\"\">Os documentos est\u00e3o dispon\u00edveis tamb\u00e9m no\u00a0<a class=\"\" href=\"http:\/\/www.rhbahia.ba.gov.br\/\" target=\"_blank\" rel=\"noopener\">portal\u00a0<\/a><a class=\"\" href=\"http:\/\/www.rhbahia.ba.gov.br\/\" target=\"_blank\" rel=\"noopener\">RH Bahia<\/a>\u00a0e no\u00a0<a class=\"\" href=\"http:\/\/www.idecan.org.br\/\" target=\"_blank\" rel=\"noopener\">site da organizadora do certame<\/a>, o Instituto de Desenvolvimento Educacional, Cultural e Assistencial Nacional (Idecan).<\/p>\n<\/div>\n<\/div>\n<div id=\"chunk-3mlup\">\n<div class=\"mc-column content-text active-extra-styles \" data-block-type=\"unstyled\" data-block-weight=\"48\" data-block-id=\"7\">\n<p class=\"content-text__container \" data-track-category=\"Link no Texto\" data-track-links=\"\">O concurso visa preencher 456 vagas, incluindo 166 para perito criminal, 103 para m\u00e9dico legista, 10 para perito odonto-legal e 177 para perito t\u00e9cnico. Ap\u00f3s a homologa\u00e7\u00e3o, os candidatos ser\u00e3o convocados a realizar exames pr\u00e9-admissionais (teste de aptid\u00e3o f\u00edsica, exames m\u00e9dicos e exames psicol\u00f3gicos) e investiga\u00e7\u00e3o social.<\/p>\n<\/div>\n<\/div>\n<div id=\"chunk-fev5r\">\n<div class=\"mc-column content-text active-extra-styles \" data-block-type=\"unstyled\" data-block-weight=\"30\" data-block-id=\"8\">\n<p class=\"content-text__container \" data-track-category=\"Link no Texto\" data-track-links=\"\">Os considerados aptos ser\u00e3o convocados a participar do Curso de Forma\u00e7\u00e3o de Policiais Civis. As vagas ser\u00e3o preenchidas de acordo com a classifica\u00e7\u00e3o final e o interesse da administra\u00e7\u00e3o p\u00fablica.<\/p>\n<\/div>\n<\/div>\n<div id=\"chunk-a651e\">\n<div class=\"mc-column content-text active-extra-styles \" data-block-type=\"unstyled\" data-block-weight=\"47\" data-block-id=\"9\">\n<p class=\"content-text__container \" data-track-category=\"Link no Texto\" data-track-links=\"\">Com edital de abertura das Inscri\u00e7\u00f5es publicado no dia 3 de setembro de 2022, no Di\u00e1rio Oficial do Estado, o certame do Departamento de Per\u00edcia T\u00e9cnica ofereceu vagas para profissionais de n\u00edvel superior, incluindo oportunidades para perito criminal, m\u00e9dico legista, perito odonto-legal e a perito t\u00e9cnico.<\/p>\n<\/div>\n<\/div>\n<div id=\"chunk-aekev\">\n<div class=\"mc-column content-text active-extra-styles \" data-block-type=\"unstyled\" data-block-weight=\"17\" data-block-id=\"10\">\n<p class=\"content-text__container \" data-track-category=\"Link no Texto\" data-track-links=\"\">As carreiras integram quadro de pessoal da Pol\u00edcia Civil e ter\u00e3o carga hor\u00e1ria semanal de 40 horas.<\/p>\n<\/div>\n<\/div>\n<div id=\"chunk-9bm32\">\n<div class=\"mc-column content-text active-extra-styles \" data-block-type=\"unstyled\" data-block-weight=\"49\" data-block-id=\"11\">\n<p class=\"content-text__container \" data-track-category=\"Link no Texto\" data-track-links=\"\">Em dezembro de 2022,\u00a0<a class=\"\" href=\"https:\/\/g1.globo.com\/ba\/bahia\/blogdoemprego\/noticia\/2022\/12\/02\/data-de-provas-do-concurso-do-departamento-de-policia-tecnica-e-anunciada.ghtml\">mais de 9 mil candidatos fizeram as provas para concorrer a uma das vagas<\/a>. O exame foi composto por uma prova objetiva, com 100 quest\u00f5es de m\u00faltipla escolha, abordando conhecimentos gerais e espec\u00edficos, al\u00e9m de uma prova discursiva, voltada para a elabora\u00e7\u00e3o de texto dissertativo.<\/p>\n<\/div>\n<\/div>\n<\/div>\n<\/article>\n<\/div>\n","protected":false},"excerpt":{"rendered":"<p>Certame ofereceu 456 vagas para perito criminal, m\u00e9dico legista, perito odonto-legal e perito t\u00e9cnico. Departamento de Pol\u00edcia T\u00e9cnica de Salvador \u2014 Foto: Maiana Belo\/G1 O governo da Bahia publicou no Di\u00e1rio Oficial do Estado (DOE) desta ter\u00e7a-feira (25) o resultado final e a homologa\u00e7\u00e3o do\u00a0concurso p\u00fablico para o Departamento de Pol\u00edcia T\u00e9cnica (DPT) da Pol\u00edcia [&hellip;]<\/p>\n","protected":false},"author":2,"featured_media":0,"comment_status":"open","ping_status":"open","sticky":false,"template":"","format":"standard","meta":{"_links_to":"","_links_to_target":""},"categories":[7,9,8,1],"tags":[],"_links":{"self":[{"href":"https:\/\/www.ilheusnoticias.net.br\/v1\/wp-json\/wp\/v2\/posts\/31660"}],"collection":[{"href":"https:\/\/www.ilheusnoticias.net.br\/v1\/wp-json\/wp\/v2\/posts"}],"about":[{"href":"https:\/\/www.ilheusnoticias.net.br\/v1\/wp-json\/wp\/v2\/types\/post"}],"author":[{"embeddable":true,"href":"https:\/\/www.ilheusnoticias.net.br\/v1\/wp-json\/wp\/v2\/users\/2"}],"replies":[{"embeddable":true,"href":"https:\/\/www.ilheusnoticias.net.br\/v1\/wp-json\/wp\/v2\/comments?post=31660"}],"version-history":[{"count":1,"href":"https:\/\/www.ilheusnoticias.net.br\/v1\/wp-json\/wp\/v2\/posts\/31660\/revisions"}],"predecessor-version":[{"id":31661,"href":"https:\/\/www.ilheusnoticias.net.br\/v1\/wp-json\/wp\/v2\/posts\/31660\/revisions\/31661"}],"wp:attachment":[{"href":"https:\/\/www.ilheusnoticias.net.br\/v1\/wp-json\/wp\/v2\/media?parent=31660"}],"wp:term":[{"taxonomy":"category","embeddable":true,"href":"https:\/\/www.ilheusnoticias.net.br\/v1\/wp-json\/wp\/v2\/categories?post=31660"},{"taxonomy":"post_tag","embeddable":true,"href":"https:\/\/www.ilheusnoticias.net.br\/v1\/wp-json\/wp\/v2\/tags?post=31660"}],"curies":[{"name":"wp","href":"https:\/\/api.w.org\/{rel}","templated":true}]}}