{"id":31658,"date":"2023-04-25T14:02:30","date_gmt":"2023-04-25T17:02:30","guid":{"rendered":"https:\/\/www.ilheusnoticias.net.br\/v1\/?p=31658"},"modified":"2023-04-25T14:02:30","modified_gmt":"2023-04-25T17:02:30","slug":"mae-de-lucas-terra-celebra-juri-de-pastores-22-anos-apos-crime-mas-desabafa-nao-e-uma-vitoria-porque-passou-muito-tempo","status":"publish","type":"post","link":"https:\/\/www.ilheusnoticias.net.br\/v1\/2023\/04\/25\/mae-de-lucas-terra-celebra-juri-de-pastores-22-anos-apos-crime-mas-desabafa-nao-e-uma-vitoria-porque-passou-muito-tempo\/","title":{"rendered":"M\u00e3e de Lucas Terra celebra j\u00fari de pastores 22 anos ap\u00f3s crime, mas desabafa: &#8216;n\u00e3o \u00e9 uma vit\u00f3ria, porque passou muito tempo&#8217;"},"content":{"rendered":"<div class=\"row content-head non-featured \">\n<div class=\"title\" data-block-type=\"title\" data-block-id=\"0\">\n<h1 class=\"content-head__title\"><span style=\"font-size: 16px;\">V\u00edtima tinha 14 anos quando foi estuprado e queimado vivo em 2001. Julgamento come\u00e7ou nesta ter\u00e7a-feira (23).<\/span><\/h1>\n<\/div>\n<\/div>\n<div class=\"mc-article-body\">\n<article>\n<div id=\"chunk-917b3\">\n<div class=\"bs-video-block mc-column  content-media content-video\" data-block-type=\"backstage-video\" data-block-id=\"1\">\n<div class=\"content-media__container\">\n<div class=\"content-video__bigger-player-description-fixer\">\n<article class=\"content-video\">\n<section class=\"content-video__video-container\">\n<div class=\"content-video__video\">\n<div class=\"content-video__placeholder\" data-video-id=\"11563122\" data-video-has-viewport-play=\"True\"><img class=\"content-video__placeholder__thumb\" title=\"J\u00fari popular do caso Lucas Terra acontece hoje na Bahia\" src=\"https:\/\/s03.video.glbimg.com\/x240\/11563122.jpg\" alt=\"J\u00fari popular do caso Lucas Terra acontece hoje na Bahia\" \/><\/div>\n<div id=\"wp3-player-2\" class=\"clappr-player\" tabindex=\"9999\" data-player=\"\">\n<div class=\"dfp-ad-overlay dfp-ad-overlay--poster-mode\">\n<div>J\u00fari popular do caso Lucas Terra acontece hoje na Bahia<\/div>\n<\/div>\n<\/div>\n<\/div>\n<\/section>\n<\/article>\n<\/div>\n<p class=\"content-media__description\">\n<\/div>\n<\/div>\n<\/div>\n<div id=\"chunk-4t5dn\">\n<div class=\"mc-column content-text active-extra-styles \" data-block-type=\"unstyled\" data-block-weight=\"61\" data-block-id=\"3\">\n<p class=\"content-text__container \" data-track-category=\"Link no Texto\" data-track-links=\"\">&#8220;S\u00e3o 22 anos de impunidade, de abuso do tempo de espera. Esperar para que haja o julgamento de uma crian\u00e7a, todos esses anos, \u00e9 ferir a nossa fam\u00edlia todos os dias. Hoje, eu sinto como se n\u00e3o fosse uma vit\u00f3ria, porque quando passa muito tempo ela perde o efeito, mas eu quero que eles sejam julgados e que tenham pena m\u00e1xima&#8221;.<\/p>\n<\/div>\n<\/div>\n<div class=\"wall protected-content\">\n<div id=\"chunk-drfh2\">\n<div class=\"mc-column content-text active-extra-styles \" data-block-type=\"unstyled\" data-block-weight=\"61\" data-block-id=\"4\">\n<p class=\"content-text__container \" data-track-category=\"Link no Texto\" data-track-links=\"\">O desabafo acima \u00e9 de Marion Terra, m\u00e3e do jovem Lucas Terra, que foi estuprado e queimado vivo aos 14 anos. Os acusados do crime s\u00e3o tr\u00eas pastores da Igreja Universal do Reino de Deus. Um deles, Silvio Galiza, foi condenado em 2007 e\u00a0<a class=\"\" href=\"https:\/\/g1.globo.com\/ba\/bahia\/noticia\/2023\/04\/25\/caso-lucas-terra-apos-mais-de-20-anos-suspeitos-de-envolvimento-na-morte-de-adolescente-vao-a-juri-popular-em-salvador.ghtml\">os outros dois, Joel Miranda e Fernando Aparecido da Silva, come\u00e7ar\u00e3o a ser julgados nesta ter\u00e7a-feira (25)<\/a>.<\/p>\n<\/div>\n<\/div>\n<div id=\"chunk-9hsku\">\n<div class=\"content-ads content-ads--reveal\" data-block-type=\"ads\" data-block-id=\"5\">\n<div id=\"banner_materia2\" class=\"tag-manager-publicidade-container mc-has-reveal mc-has-ad-lazyload tag-manager-publicidade-banner_materia2 tag-manager-publicidade-container--carregado tag-manager-publicidade-container--visivel\" data-id=\"banner_materia2\" data-google-query-id=\"CIeH973Axf4CFc0BuQYdJQgMeA\">\n<div id=\"google_ads_iframe_\/95377733\/tvg_G1\/Sua_Regiao&gt;Nordeste&gt;Bahia_3__container__\" style=\"box-sizing: inherit; margin: auto; padding: 0px; border: 0pt none; font: inherit; vertical-align: initial; max-width: 100%; text-align: center; width: 970px; height: 250px;\"><img class=\"i-amphtml-fill-content i-amphtml-replaced-content\" src=\"https:\/\/s2.glbimg.com\/EbWFwiPxf7mt1WZfXDTaalKptLw=\/0x0:1413x809\/984x0\/smart\/filters:strip_icc()\/i.s3.glbimg.com\/v1\/AUTH_59edd422c0c84a879bd37670ae4f538a\/internal_photos\/bs\/2023\/4\/w\/NM4d1WTh6FpyEqtWQ3Bw\/whatsapp-image-2023-04-25-at-12.08.29.jpeg\" sizes=\"(max-width: 1707px) 648px, 100vw\" srcset=\"https:\/\/s2.glbimg.com\/4jPhoEaSZsNNtgNXI_6gP3monCs=\/0x0:1413x809\/1000x0\/smart\/filters:strip_icc()\/i.s3.glbimg.com\/v1\/AUTH_59edd422c0c84a879bd37670ae4f538a\/internal_photos\/bs\/2023\/4\/w\/NM4d1WTh6FpyEqtWQ3Bw\/whatsapp-image-2023-04-25-at-12.08.29.jpeg 1000w, https:\/\/s2.glbimg.com\/EbWFwiPxf7mt1WZfXDTaalKptLw=\/0x0:1413x809\/984x0\/smart\/filters:strip_icc()\/i.s3.glbimg.com\/v1\/AUTH_59edd422c0c84a879bd37670ae4f538a\/internal_photos\/bs\/2023\/4\/w\/NM4d1WTh6FpyEqtWQ3Bw\/whatsapp-image-2023-04-25-at-12.08.29.jpeg 984w, https:\/\/s2.glbimg.com\/9uxX9kLzAEo4rG2h8JWT2j-VVmM=\/0x0:1413x809\/640x0\/smart\/filters:strip_icc()\/i.s3.glbimg.com\/v1\/AUTH_59edd422c0c84a879bd37670ae4f538a\/internal_photos\/bs\/2023\/4\/w\/NM4d1WTh6FpyEqtWQ3Bw\/whatsapp-image-2023-04-25-at-12.08.29.jpeg 640w, https:\/\/s2.glbimg.com\/owbfo37hgkX4moCCM97fw78WRn8=\/0x0:1413x809\/600x0\/smart\/filters:strip_icc()\/i.s3.glbimg.com\/v1\/AUTH_59edd422c0c84a879bd37670ae4f538a\/internal_photos\/bs\/2023\/4\/w\/NM4d1WTh6FpyEqtWQ3Bw\/whatsapp-image-2023-04-25-at-12.08.29.jpeg 600w\" alt=\"Marion Terra, m\u00e3e de Lucas Terra \u2014 Foto: Reprodu\u00e7\u00e3o\/TV Bahia\" \/><\/div>\n<\/div>\n<\/div>\n<\/div>\n<div id=\"chunk-a1fpd\">\n<div class=\"row medium-uncollapsed content-media content-photo\" data-block-type=\"backstage-photo\" data-block-id=\"6\">\n<div class=\" mc-column  content-media__container\">\n<p class=\"content-media__description  \">Marion Terra, m\u00e3e de Lucas Terra \u2014 Foto: Reprodu\u00e7\u00e3o\/TV Bahia<\/p>\n<\/div>\n<\/div>\n<\/div>\n<div id=\"chunk-3fpb3\">\n<div class=\"mc-column content-text active-extra-styles \" data-block-type=\"unstyled\" data-block-weight=\"38\" data-block-id=\"7\">\n<p class=\"content-text__container \" data-track-category=\"Link no Texto\" data-track-links=\"\">Em mar\u00e7o de 2001, o adolescente flagrou uma rela\u00e7\u00e3o sexual entre os pastores Joel Miranda e Fernando Aparecido da Silva, dentro do templo da Igreja Universal do Reino de Deus, no bairro do Rio Vermelho, em\u00a0<a class=\"\" href=\"https:\/\/g1.globo.com\/ba\/bahia\/cidade\/salvador\/\">Salvador<\/a>.<\/p>\n<\/div>\n<\/div>\n<div id=\"chunk-7i7bf\">\n<div class=\"mc-column content-text active-extra-styles \" data-block-type=\"unstyled\" data-block-weight=\"48\" data-block-id=\"8\">\n<p class=\"content-text__container \" data-track-category=\"Link no Texto\" data-track-links=\"\">Depois disso, Lucas foi estuprado, e colocado em uma caixa de madeira, onde foi queimado vivo em um terreno baldio na Avenida Vasco da Gama, com a ajuda do terceiro pastor, Silvio Galiza \u2013 que j\u00e1 teve condena\u00e7\u00e3o, pena reduzida e acabou solto por liberdade condicional em 2012.<\/p>\n<\/div>\n<\/div>\n<div id=\"chunk-g3cm\">\n<div class=\"mc-column content-text active-extra-styles \" data-block-type=\"unstyled\" data-block-weight=\"53\" data-block-id=\"9\">\n<p class=\"content-text__container \" data-track-category=\"Link no Texto\" data-track-links=\"\">&#8220;O meu filho n\u00e3o teve direito \u00e0 defesa. Era uma crian\u00e7a de 14 anos, estava ali porque amava Cristo. Ele era um evangelizador, ele falava de Jesus todos os dias. Ele dizia: \u2018m\u00e3e, esse bairro aqui da Santa Cruz \u00e9 um po\u00e7o de almas, de vidas para eu trazer para Cristo\u2019&#8221;, disse Marion<\/p>\n<\/div>\n<\/div>\n<div class=\"mc-column content-text active-extra-styles\" data-block-type=\"raw\" data-block-weight=\"5\" data-block-id=\"11\">\n<div class=\"content-intertitle\">\n<h2>Pai morreu sem ver julgamento<\/h2>\n<\/div>\n<\/div>\n<div id=\"chunk-fqavh\">\n<div class=\"row medium-uncollapsed content-media content-photo\" data-block-type=\"backstage-photo\" data-block-id=\"12\">\n<div class=\" mc-column  content-media__container\">\n<div class=\"content-media-container glb-skeleton-box\">\n<figure class=\"content-media-figure\"><img class=\"i-amphtml-fill-content i-amphtml-replaced-content\" src=\"https:\/\/s2.glbimg.com\/Ti0e-oD9XnRNNRlV4aEjgUTDKSY=\/0x0:620x465\/984x0\/smart\/filters:strip_icc()\/i.s3.glbimg.com\/v1\/AUTH_59edd422c0c84a879bd37670ae4f538a\/internal_photos\/bs\/2023\/h\/M\/qLKHFeTYClalIBPhagCw\/pai-de-lucas-terra.jpg\" sizes=\"(max-width: 1707px) 648px, 100vw\" srcset=\"https:\/\/s2.glbimg.com\/oCc5z6UX5sAucP0jq1ebNkSEPkc=\/0x0:620x465\/1000x0\/smart\/filters:strip_icc()\/i.s3.glbimg.com\/v1\/AUTH_59edd422c0c84a879bd37670ae4f538a\/internal_photos\/bs\/2023\/h\/M\/qLKHFeTYClalIBPhagCw\/pai-de-lucas-terra.jpg 1000w, https:\/\/s2.glbimg.com\/Ti0e-oD9XnRNNRlV4aEjgUTDKSY=\/0x0:620x465\/984x0\/smart\/filters:strip_icc()\/i.s3.glbimg.com\/v1\/AUTH_59edd422c0c84a879bd37670ae4f538a\/internal_photos\/bs\/2023\/h\/M\/qLKHFeTYClalIBPhagCw\/pai-de-lucas-terra.jpg 984w, https:\/\/s2.glbimg.com\/MVRc6h-V8z_ihqfvVME2cJdfHng=\/0x0:620x465\/640x0\/smart\/filters:strip_icc()\/i.s3.glbimg.com\/v1\/AUTH_59edd422c0c84a879bd37670ae4f538a\/internal_photos\/bs\/2023\/h\/M\/qLKHFeTYClalIBPhagCw\/pai-de-lucas-terra.jpg 640w, https:\/\/s2.glbimg.com\/mJkZhyq4-Ra8SUFc5JGO7RD6Fg8=\/0x0:620x465\/600x0\/smart\/filters:strip_icc()\/i.s3.glbimg.com\/v1\/AUTH_59edd422c0c84a879bd37670ae4f538a\/internal_photos\/bs\/2023\/h\/M\/qLKHFeTYClalIBPhagCw\/pai-de-lucas-terra.jpg 600w\" alt=\"Pai de Lucas Terra protestou em frente ao f\u00f3rum de Salvador \u2014 Foto: Reprodu\u00e7\u00e3o\/ TV Bahia\" \/><\/figure>\n<\/div>\n<p class=\"content-media__description  \">Pai de Lucas Terra protestou em frente ao f\u00f3rum de Salvador \u2014 Foto: Reprodu\u00e7\u00e3o\/ TV Bahia<\/p>\n<\/div>\n<\/div>\n<\/div>\n<div id=\"chunk-cnf6v\">\n<div class=\"mc-column content-text active-extra-styles \" data-block-type=\"unstyled\" data-block-weight=\"38\" data-block-id=\"13\">\n<p class=\"content-text__container \" data-track-category=\"Link no Texto\" data-track-links=\"\">&#8220;\u00c9 o momento de fechar esse ciclo, e de poder fazer aquilo que o Carlos n\u00e3o pode fazer. O Carlos acabou jogando a toalha, e adoeceu nessa caminhada. Eu lamento por ele, meu companheiro, n\u00e3o estar aqui&#8221;.<\/p>\n<\/div>\n<\/div>\n<div id=\"chunk-dkl0c\">\n<div class=\"mc-column content-text active-extra-styles \" data-block-type=\"unstyled\" data-block-weight=\"44\" data-block-id=\"14\">\n<p class=\"content-text__container \" data-track-category=\"Link no Texto\" data-track-links=\"\">O Carlos a quem Marion se refere era o pai de Lucas e ent\u00e3o companheiro dela. Jos\u00e9 Carlos Terra morreu em fevereiro de 2019, no Hospital Geral Ernesto Sim\u00f5es Filho, ap\u00f3s ter uma parada respirat\u00f3ria decorrente de uma cirrose hep\u00e1tica, diagnosticada um ano antes.<\/p>\n<\/div>\n<\/div>\n<div id=\"chunk-ft95l\">\n<div class=\"mc-column content-text active-extra-styles \" data-block-type=\"unstyled\" data-block-weight=\"44\" data-block-id=\"15\">\n<p class=\"content-text__container \" data-track-category=\"Link no Texto\" data-track-links=\"\">Por muitos anos, Carlos foi o s\u00edmbolo da luta da fam\u00edlia na cobran\u00e7a da marca\u00e7\u00e3o do j\u00fari dos pastores. Ele fez v\u00e1rios protestos e chegou a\u00a0<a class=\"\" href=\"https:\/\/g1.globo.com\/bahia\/noticia\/2012\/03\/pai-de-lucas-terra-acampa-no-forum-para-pressionar-celeridade-da-justica.html\">acampar na frente do F\u00f3rum Ruy Barbosa, em 2012<\/a>, para cobrar celeridade da Justi\u00e7a no julgamento do crime.<\/p>\n<\/div>\n<\/div>\n<div id=\"chunk-bb2u4\">\n<div class=\"mc-column content-text active-extra-styles \" data-block-type=\"unstyled\" data-block-weight=\"63\" data-block-id=\"17\">\n<p class=\"content-text__container \" data-track-category=\"Link no Texto\" data-track-links=\"\">&#8220;Toda nossa caminhada foi feita um amparando outro. Hoje a me sinto sozinha aqui, mesmo com meu filho [irm\u00e3o de Lucas]. A companhia dele, que nunca desistiu de lutar \u2013 ele sempre acreditou, dizia para mim: \u2018Marion, mesmo que demore, mesmo que seja at\u00e9 o \u00faltimo dia da minha vida, n\u00f3s vamos lutar para que esses homens sentem no banco dos r\u00e9us\u2019&#8221;.<\/p>\n<\/div>\n<\/div>\n<div class=\"mc-column content-text active-extra-styles\" data-block-type=\"raw\" data-block-weight=\"30\" data-block-id=\"18\">\n<blockquote class=\"content-blockquote theme-border-color-primary-before\"><p>&#8220;Ent\u00e3o, o que eu quero hoje \u00e9 que haja uma pena justa, uma pena m\u00e1xima. Que Fernando Aparecido da Silva e o pastor Joel Miranda sejam julgados pela sociedade baiana&#8221;.<\/p><\/blockquote>\n<\/div>\n<div id=\"chunk-d18hq\">\n<div class=\"row medium-uncollapsed content-media content-photo\" data-block-type=\"backstage-photo\" data-block-id=\"19\">\n<div class=\" mc-column  content-media__container\">\n<div class=\"content-media-container glb-skeleton-box\">\n<figure class=\"content-media-figure\"><img class=\"i-amphtml-fill-content i-amphtml-replaced-content\" src=\"https:\/\/s2.glbimg.com\/pMXlG8_yh76HKz1rAIphJEO4peo=\/0x18:1398x1080\/984x0\/smart\/filters:strip_icc()\/i.s3.glbimg.com\/v1\/AUTH_59edd422c0c84a879bd37670ae4f538a\/internal_photos\/bs\/2023\/9\/T\/NVT68xQWimIV0jXD1QBQ\/g1-carlos-terra.jpg\" sizes=\"(max-width: 1707px) 648px, 100vw\" srcset=\"https:\/\/s2.glbimg.com\/J-k24z-64Q6cKU0n-zZ1UYAEmMI=\/0x18:1398x1080\/1000x0\/smart\/filters:strip_icc()\/i.s3.glbimg.com\/v1\/AUTH_59edd422c0c84a879bd37670ae4f538a\/internal_photos\/bs\/2023\/9\/T\/NVT68xQWimIV0jXD1QBQ\/g1-carlos-terra.jpg 1000w, https:\/\/s2.glbimg.com\/pMXlG8_yh76HKz1rAIphJEO4peo=\/0x18:1398x1080\/984x0\/smart\/filters:strip_icc()\/i.s3.glbimg.com\/v1\/AUTH_59edd422c0c84a879bd37670ae4f538a\/internal_photos\/bs\/2023\/9\/T\/NVT68xQWimIV0jXD1QBQ\/g1-carlos-terra.jpg 984w, https:\/\/s2.glbimg.com\/7F4r_zOUMEHFVoOwSxrHWQSgxAE=\/0x18:1398x1080\/640x0\/smart\/filters:strip_icc()\/i.s3.glbimg.com\/v1\/AUTH_59edd422c0c84a879bd37670ae4f538a\/internal_photos\/bs\/2023\/9\/T\/NVT68xQWimIV0jXD1QBQ\/g1-carlos-terra.jpg 640w, https:\/\/s2.glbimg.com\/2z1NpnyGlt8tMR72HKJMm42MFrA=\/0x18:1398x1080\/600x0\/smart\/filters:strip_icc()\/i.s3.glbimg.com\/v1\/AUTH_59edd422c0c84a879bd37670ae4f538a\/internal_photos\/bs\/2023\/9\/T\/NVT68xQWimIV0jXD1QBQ\/g1-carlos-terra.jpg 600w\" alt=\"Pai de Lucas Terra protestou v\u00e1rias vezes por causa do crime \u2014 Foto: TV Bahia\" \/><\/figure>\n<\/div>\n<p class=\"content-media__description  \">Pai de Lucas Terra protestou v\u00e1rias vezes por causa do crime \u2014 Foto: TV Bahia<\/p>\n<\/div>\n<\/div>\n<\/div>\n<div id=\"chunk-2k0i\">\n<div class=\"mc-column content-text active-extra-styles \" data-block-type=\"unstyled\" data-block-weight=\"23\" data-block-id=\"20\">\n<p class=\"content-text__container \" data-track-category=\"Link no Texto\" data-track-links=\"\">Marion tamb\u00e9m chamou a aten\u00e7\u00e3o para o fato de que o crime foi cometido dentro da igreja evang\u00e9lica, envolvendo outros tr\u00eas templos.<\/p>\n<\/div>\n<\/div>\n<div id=\"chunk-7sbq8\">\n<div class=\"mc-column content-text active-extra-styles \" data-block-type=\"unstyled\" data-block-weight=\"57\" data-block-id=\"22\">\n<p class=\"content-text__container \" data-track-category=\"Link no Texto\" data-track-links=\"\">&#8220;N\u00e3o foi um crime nas ruas de Salvador. Envolve tr\u00eas templos da Igreja Universal: Pituba, Rio Vermelho e Santa Cruz. Como podem esses homens acharem que, em 22 anos, eles v\u00e3o tirar o direito meu de julgamento? Acabou para eles. Eu tenho certeza que eles saem daqui condenados. Condenados pela sociedade baiana, que n\u00e3o vai deix\u00e1-los impunes&#8221;.<\/p>\n<\/div>\n<\/div>\n<div class=\"mc-column content-text active-extra-styles\" data-block-type=\"raw\" data-block-weight=\"36\" data-block-id=\"23\">\n<blockquote class=\"content-blockquote theme-border-color-primary-before\"><p>&#8220;Eu estou aqui sozinha, mas eu me sinto amparada pela sociedade baiana, por cada pai, cada m\u00e3e. Para que eles nunca mais tenham a chance de violentar, de queimar vivo, como eles fizeram com meu filho&#8221;.<\/p><\/blockquote>\n<\/div>\n<div id=\"chunk-6f24l\">\n<div class=\"mc-column content-text active-extra-styles \" data-block-type=\"unstyled\" data-block-weight=\"46\" data-block-id=\"24\">\n<p class=\"content-text__container \" data-track-category=\"Link no Texto\" data-track-links=\"\">Por meio de nota, a Igreja Universal do Reino de Deus informou que &#8220;est\u00e1 completamente convicta quanto \u00e0 inoc\u00eancia de Fernando Aparecido da Silva e Joel Miranda&#8221;, que seguem atuando como pastores nos estados de Minas Gerais e Rio de Janeiro.<strong><em> (Veja nota na \u00edntegra abaixo)<\/em><\/strong><\/p>\n<\/div>\n<\/div>\n<div class=\"mc-column content-text active-extra-styles\" data-block-type=\"raw\" data-block-weight=\"1\" data-block-id=\"25\">\n<div class=\"content-intertitle\">\n<h2>Julgamento<\/h2>\n<\/div>\n<\/div>\n<div id=\"chunk-ftpl\">\n<div class=\"row medium-uncollapsed content-media content-photo\" data-block-type=\"backstage-photo\" data-block-id=\"26\">\n<div class=\" mc-column  content-media__container\">\n<div class=\"content-media-container glb-skeleton-box\">\n<figure class=\"content-media-figure\"><img class=\"i-amphtml-fill-content i-amphtml-replaced-content\" src=\"https:\/\/s2.glbimg.com\/Y520HxVYtVOqdiSHRKE-PDXbJeY=\/0x0:1700x1065\/984x0\/smart\/filters:strip_icc()\/i.s3.glbimg.com\/v1\/AUTH_59edd422c0c84a879bd37670ae4f538a\/internal_photos\/bs\/2017\/H\/T\/9jVoCSRbWBi3tgUjaLdg\/lucas-terra.jpg\" sizes=\"(max-width: 1707px) 648px, 100vw\" srcset=\"https:\/\/s2.glbimg.com\/0jui3RwYMUwUUKw83JVI1CVxidw=\/0x0:1700x1065\/1000x0\/smart\/filters:strip_icc()\/i.s3.glbimg.com\/v1\/AUTH_59edd422c0c84a879bd37670ae4f538a\/internal_photos\/bs\/2017\/H\/T\/9jVoCSRbWBi3tgUjaLdg\/lucas-terra.jpg 1000w, https:\/\/s2.glbimg.com\/Y520HxVYtVOqdiSHRKE-PDXbJeY=\/0x0:1700x1065\/984x0\/smart\/filters:strip_icc()\/i.s3.glbimg.com\/v1\/AUTH_59edd422c0c84a879bd37670ae4f538a\/internal_photos\/bs\/2017\/H\/T\/9jVoCSRbWBi3tgUjaLdg\/lucas-terra.jpg 984w, https:\/\/s2.glbimg.com\/hymE5rIySn6c9DgNLUHuCNN3ZeY=\/0x0:1700x1065\/640x0\/smart\/filters:strip_icc()\/i.s3.glbimg.com\/v1\/AUTH_59edd422c0c84a879bd37670ae4f538a\/internal_photos\/bs\/2017\/H\/T\/9jVoCSRbWBi3tgUjaLdg\/lucas-terra.jpg 640w, https:\/\/s2.glbimg.com\/fNDrGYZitRn6wBUci1o4a6Tnq0c=\/0x0:1700x1065\/600x0\/smart\/filters:strip_icc()\/i.s3.glbimg.com\/v1\/AUTH_59edd422c0c84a879bd37670ae4f538a\/internal_photos\/bs\/2017\/H\/T\/9jVoCSRbWBi3tgUjaLdg\/lucas-terra.jpg 600w\" alt=\"Lucas Terra tinha 14 anos quando foi abusado sexualmente e queimado vivo  \u2014 Foto: Reprodu\u00e7\u00e3o\/TV Bahia\" \/><\/figure>\n<\/div>\n<p class=\"content-media__description  \">Lucas Terra tinha 14 anos quando foi abusado sexualmente e queimado vivo \u2014 Foto: Reprodu\u00e7\u00e3o\/TV Bahia<\/p>\n<\/div>\n<\/div>\n<\/div>\n<div id=\"chunk-dlp80\">\n<div class=\"mc-column content-text active-extra-styles \" data-block-type=\"unstyled\" data-block-weight=\"39\" data-block-id=\"28\">\n<p class=\"content-text__container \" data-track-category=\"Link no Texto\" data-track-links=\"\">O j\u00fari come\u00e7ou nesta manh\u00e3 no F\u00f3rum Ruy Barbosa, e a previs\u00e3o \u00e9 de que ser\u00e1 conclu\u00eddo na sexta-feira (28). Joel Miranda e Fernando Aparecido da Silva ser\u00e3o julgados pelos crimes de homic\u00eddio triplamente qualificado e oculta\u00e7\u00e3o de cad\u00e1ver.<\/p>\n<\/div>\n<\/div>\n<div id=\"chunk-fnhob\">\n<div class=\"mc-column content-text active-extra-styles \" data-block-type=\"unstyled\" data-block-weight=\"51\" data-block-id=\"29\">\n<p class=\"content-text__container \" data-track-category=\"Link no Texto\" data-track-links=\"\">Os tr\u00eas agravantes para o homic\u00eddio s\u00e3o: o motivo torpe, o emprego do meio cruel e a impossibilidade de defesa da v\u00edtima.\u00a0<span class=\"highlight highlighted\">A defesa dos pastores disse, em nota, estar convicta da inoc\u00eancia deles, e que n\u00e3o h\u00e1 provas ou ind\u00edcios contra os dois pastores, Joel Miranda e Fernando Aparecido<\/span>.<\/p>\n<\/div>\n<\/div>\n<div id=\"chunk-1nt6l\">\n<div class=\"mc-column content-text active-extra-styles \" data-block-type=\"unstyled\" data-block-weight=\"40\" data-block-id=\"30\">\n<p class=\"content-text__container \" data-track-category=\"Link no Texto\" data-track-links=\"\">O Minist\u00e9rio P\u00fablico da Bahia (MP-BA), respons\u00e1vel por oferecer a den\u00fancia \u00e0 Justi\u00e7a, n\u00e3o informou se eles tamb\u00e9m ir\u00e3o a j\u00fari pelo abuso sexual. Na \u00e9poca, o Departamento de Pol\u00edcia T\u00e9cnica (DPT) n\u00e3o constatou o estupro nos exames de necropsia.<\/p>\n<\/div>\n<\/div>\n<div id=\"chunk-chdn3\">\n<div class=\"mc-column content-text active-extra-styles \" data-block-type=\"unstyled\" data-block-weight=\"28\" data-block-id=\"31\">\n<p class=\"content-text__container \" data-track-category=\"Link no Texto\" data-track-links=\"\">Um dos advogados da fam\u00edlia de Lucas Terra, Ricardo Sampaio, disse que a acusa\u00e7\u00e3o tem provas de que o estupro foi cometido e vai apresent\u00e1-las durante o julgamento.<\/p>\n<\/div>\n<\/div>\n<div id=\"chunk-707v9\">\n<div class=\"mc-column content-text active-extra-styles \" data-block-type=\"unstyled\" data-block-weight=\"42\" data-block-id=\"32\">\n<p class=\"content-text__container \" data-track-category=\"Link no Texto\" data-track-links=\"\">&#8220;A gente vai criar um certo resguardo, porque \u00e9 a tese da acusa\u00e7\u00e3o. A gente n\u00e3o vai adentrar, nesse momento. Uma coisa eu posso dizer: existem provas suficientes de que eles praticaram o crime, sejam elas testemunhais ou de outras naturezas<\/p>\n<\/div>\n<\/div>\n<div class=\"mc-column content-text active-extra-styles\" data-block-type=\"raw\" data-block-weight=\"4\" data-block-id=\"34\">\n<div class=\"content-intertitle\">\n<h2>Os r\u00e9us deste j\u00fari:<\/h2>\n<\/div>\n<p>&nbsp;<\/p>\n<\/div>\n<div id=\"chunk-3s187\">\n<div class=\"row medium-uncollapsed content-media content-photo\" data-block-type=\"backstage-photo\" data-block-id=\"35\">\n<div class=\" mc-column  content-media__container\">\n<div class=\"content-media-container glb-skeleton-box\">\n<figure class=\"content-media-figure\"><img class=\"i-amphtml-fill-content i-amphtml-replaced-content\" src=\"https:\/\/s2.glbimg.com\/ZzSNZxX3VSJeQdHKWuKl6SfYXfo=\/0x0:1920x1080\/984x0\/smart\/filters:strip_icc()\/i.s3.glbimg.com\/v1\/AUTH_59edd422c0c84a879bd37670ae4f538a\/internal_photos\/bs\/2023\/Z\/0\/2EUL07Qc66EH74kwrPCA\/g1-pastores.jpg\" sizes=\"(max-width: 1707px) 648px, 100vw\" srcset=\"https:\/\/s2.glbimg.com\/hLrB44zlUfd8zR9dKYJCs9a45r0=\/0x0:1920x1080\/1000x0\/smart\/filters:strip_icc()\/i.s3.glbimg.com\/v1\/AUTH_59edd422c0c84a879bd37670ae4f538a\/internal_photos\/bs\/2023\/Z\/0\/2EUL07Qc66EH74kwrPCA\/g1-pastores.jpg 1000w, https:\/\/s2.glbimg.com\/ZzSNZxX3VSJeQdHKWuKl6SfYXfo=\/0x0:1920x1080\/984x0\/smart\/filters:strip_icc()\/i.s3.glbimg.com\/v1\/AUTH_59edd422c0c84a879bd37670ae4f538a\/internal_photos\/bs\/2023\/Z\/0\/2EUL07Qc66EH74kwrPCA\/g1-pastores.jpg 984w, https:\/\/s2.glbimg.com\/JIl5QPsvj_zA-EpqX8JKuUQpaC4=\/0x0:1920x1080\/640x0\/smart\/filters:strip_icc()\/i.s3.glbimg.com\/v1\/AUTH_59edd422c0c84a879bd37670ae4f538a\/internal_photos\/bs\/2023\/Z\/0\/2EUL07Qc66EH74kwrPCA\/g1-pastores.jpg 640w, https:\/\/s2.glbimg.com\/knlutaWvtbaC-RAfEliu5XpBuHQ=\/0x0:1920x1080\/600x0\/smart\/filters:strip_icc()\/i.s3.glbimg.com\/v1\/AUTH_59edd422c0c84a879bd37670ae4f538a\/internal_photos\/bs\/2023\/Z\/0\/2EUL07Qc66EH74kwrPCA\/g1-pastores.jpg 600w\" alt=\"Joel Miranda e Fernando Aparecido da Silva, respectivamente \u2014 Foto: Reprodu\u00e7\u00e3o\/TV Bahia\" \/><\/figure>\n<\/div>\n<p class=\"content-media__description  \">Joel Miranda e Fernando Aparecido da Silva, respectivamente \u2014 Foto: Reprodu\u00e7\u00e3o\/TV Bahia<\/p>\n<\/div>\n<\/div>\n<\/div>\n<div id=\"chunk-1vgtr\">\n<div class=\"mc-column content-text active-extra-styles \" data-block-type=\"unstyled\" data-block-weight=\"39\" data-block-id=\"36\">\n<p class=\"content-text__container \" data-track-category=\"Link no Texto\" data-track-links=\"\"><strong>&#x1f449; Joel Miranda:<\/strong>\u00a0na \u00e9poca do crime, Joel era pastor da Igreja Universal no Rio Vermelho \u2013 onde o estupro ocorreu. Ap\u00f3s o crime, ele se mudou para o Rio de Janeiro, onde at\u00e9 2022 comandava uma igreja.<\/p>\n<\/div>\n<\/div>\n<div id=\"chunk-a1oie\">\n<div class=\"mc-column content-text active-extra-styles \" data-block-type=\"unstyled\" data-block-weight=\"26\" data-block-id=\"37\">\n<p class=\"content-text__container \" data-track-category=\"Link no Texto\" data-track-links=\"\">&#x1f449;<strong>\u00a0Fernando Aparecido da Silva:\u00a0<\/strong>em 2001, ele trabalhava no Templo da Pituba. Ap\u00f3s o crime, ele passou a comandar uma igreja em Minas Gerais.<\/p>\n<\/div>\n<\/div>\n<div class=\"mc-column content-text active-extra-styles\" data-block-type=\"raw\" data-block-weight=\"1\" data-block-id=\"38\">\n<p class=\"content-text__container\">Hist\u00f3rico:<\/p>\n<\/div>\n<div id=\"chunk-ken0\">\n<div class=\"mc-column content-text active-extra-styles \" data-block-type=\"unstyled\" data-block-weight=\"55\" data-block-id=\"39\">\n<p class=\"content-text__container \" data-track-category=\"Link no Texto\" data-track-links=\"\">&#x1f449; O pastor Silvio Galiza foi o primeiro a ser identificado pela pol\u00edcia, por participa\u00e7\u00e3o no crime. Ele foi apontado como o principal autor da morte de Lucas Terra. Em\u00a0<strong>2004<\/strong>, ele foi condenado a 18 anos de pris\u00e3o e cumpriu cerca de sete anos de regime fechado. Em\u00a0<strong>2012<\/strong>, ele\u00a0<a class=\"\" href=\"https:\/\/g1.globo.com\/bahia\/noticia\/2012\/07\/condenado-por-matar-lucas-terra-cumpre-regime-aberto-na-bahia.html\">ganhou liberdade condicional<\/a>.<\/p>\n<\/div>\n<\/div>\n<div id=\"chunk-5s28m\">\n<div class=\"content-ads content-ads--reveal\" data-block-type=\"ads\" data-block-id=\"40\">\n<div id=\"banner_materia__bc5a4a81-3308-4210-8e4c-cb608fa0fba2\" class=\"tag-manager-publicidade-container mc-has-reveal mc-has-ad-lazyload tag-manager-publicidade-banner_materia__bc5a4a81-3308-4210-8e4c-cb608fa0fba2 tag-manager-publicidade-container--carregado tag-manager-publicidade-container--visivel\" data-id=\"banner_materia__bc5a4a81-3308-4210-8e4c-cb608fa0fba2\" data-google-query-id=\"CNuoq8TAxf4CFYcFuQYd1j4Kmg\">\n<div id=\"google_ads_iframe_\/95377733\/tvg_G1\/Sua_Regiao&gt;Nordeste&gt;Bahia_9__container__\" style=\"box-sizing: inherit; margin: auto; padding: 0px; border: 0pt none; font: inherit; vertical-align: initial; max-width: 100%; text-align: center; width: 970px; height: 150px;\"><iframe loading=\"lazy\" id=\"google_ads_iframe_\/95377733\/tvg_G1\/Sua_Regiao&gt;Nordeste&gt;Bahia_9\" style=\"box-sizing: inherit; margin: 0px; padding: 0px; border: 0px; font: inherit; vertical-align: bottom;\" tabindex=\"0\" title=\"3rd party ad content\" role=\"region\" src=\"https:\/\/81662cb00d987d40aeed7cbd43f3dcb8.safeframe.googlesyndication.com\/safeframe\/1-0-40\/html\/container.html\" name=\"\" width=\"970\" height=\"150\" frameborder=\"0\" marginwidth=\"0\" marginheight=\"0\" scrolling=\"no\" sandbox=\"allow-forms allow-popups allow-popups-to-escape-sandbox allow-same-origin allow-scripts allow-top-navigation-by-user-activation\" data-is-safeframe=\"true\" aria-label=\"Advertisement\" data-google-container-id=\"b\" data-load-complete=\"true\" data-mce-fragment=\"1\"><\/iframe><\/div>\n<\/div>\n<\/div>\n<\/div>\n<div id=\"chunk-427co\">\n<div class=\"mc-column content-text active-extra-styles \" data-block-type=\"unstyled\" data-block-weight=\"37\" data-block-id=\"41\">\n<p class=\"content-text__container \" data-track-category=\"Link no Texto\" data-track-links=\"\">&#x1f449; Em\u00a0<strong>2007<\/strong>, Silvio denunciou os pastores Joel Miranda e Fernando Aparecido da Silva por envolvimento no crime. Ele tamb\u00e9m confirmou que o flagrante da rela\u00e7\u00e3o sexual entre Joel e Fernando foi a motiva\u00e7\u00e3o do crime.<\/p>\n<\/div>\n<\/div>\n<div id=\"chunk-dc7u7\">\n<div class=\"mc-column content-text active-extra-styles \" data-block-type=\"unstyled\" data-block-weight=\"25\" data-block-id=\"42\">\n<p class=\"content-text__container \" data-track-category=\"Link no Texto\" data-track-links=\"\">&#x1f449; Em\u00a0<strong>2008<\/strong>, o pastor Fernando Aparecido da Silva chegou a ser preso, mas em poucos meses, passou a responder o processo em liberdade.<\/p>\n<\/div>\n<\/div>\n<div id=\"chunk-44ocg\">\n<div class=\"mc-column content-text active-extra-styles \" data-block-type=\"unstyled\" data-block-weight=\"48\" data-block-id=\"43\">\n<p class=\"content-text__container \" data-track-category=\"Link no Texto\" data-track-links=\"\">&#x1f449; Em novembro de\u00a0<strong>2013<\/strong>, a Justi\u00e7a inocentou Joel e Fernando. A fam\u00edlia de Lucas recorreu e, em setembro de\u00a0<strong>2015<\/strong>, os desembargadores do Tribunal de Justi\u00e7a da Bahia (TJ-BA) decidiram, por unanimidade, que os religiosos fossem \u00e0 j\u00fari popular, decis\u00e3o confirmada pelo Superior Tribunal de Justi\u00e7a (STJ).<\/p>\n<\/div>\n<\/div>\n<div id=\"chunk-a9cjj\">\n<div class=\"mc-column content-text active-extra-styles \" data-block-type=\"unstyled\" data-block-weight=\"21\" data-block-id=\"44\">\n<p class=\"content-text__container \" data-track-category=\"Link no Texto\" data-track-links=\"\">&#x1f449; Em abril de\u00a0<strong>2017<\/strong>, o STJ negou recurso especial para os acusados, que pediram a suspens\u00e3o do j\u00fari popular.<\/p>\n<\/div>\n<\/div>\n<div id=\"chunk-dksrd\">\n<div class=\"mc-column content-text active-extra-styles \" data-block-type=\"unstyled\" data-block-weight=\"32\" data-block-id=\"45\">\n<p class=\"content-text__container \" data-track-category=\"Link no Texto\" data-track-links=\"\">&#x1f449; Em\u00a0<strong>2018<\/strong>, o ministro do Supremo Tribunal Federal, Ricardo Lewandowski,\u00a0<a class=\"\" href=\"https:\/\/g1.globo.com\/ba\/bahia\/noticia\/2018\/11\/22\/por-falta-de-provas-ministro-do-stf-anula-processo-que-envolve-bispo-na-morte-do-adolescente-lucas-terra.ghtml\">anulou, por falta de provas, o processo que envolve a participa\u00e7\u00e3o do bispo Fernando Aparecido da Silva na morte de Lucas.<\/a><\/p>\n<\/div>\n<\/div>\n<div id=\"chunk-9p49b\">\n<div class=\"mc-column content-text active-extra-styles \" data-block-type=\"unstyled\" data-block-weight=\"21\" data-block-id=\"46\">\n<p class=\"content-text__container \" data-track-category=\"Link no Texto\" data-track-links=\"\">&#x1f449; Em novembro de\u00a0<strong>2020<\/strong>, a 2\u00aa Turma do Supremo Tribunal Federal decidiu que os pastores v\u00e3o a j\u00fari popular.<\/p>\n<\/div>\n<\/div>\n<div class=\"mc-column content-text active-extra-styles\" data-block-type=\"raw\" data-block-weight=\"6\" data-block-id=\"47\">\n<p class=\"content-text__container\">\n<div class=\"content-intertitle\">\n<h2>Nota da Igreja Universal na \u00edntegra<\/h2>\n<\/div>\n<p>&nbsp;<\/p>\n<\/div>\n<div id=\"chunk-5aj12\">\n<div class=\"mc-column content-text active-extra-styles \" data-block-type=\"unstyled\" data-block-weight=\"41\" data-block-id=\"48\">\n<p class=\"content-text__container \" data-track-category=\"Link no Texto\" data-track-links=\"\"><em>&#8220;A Igreja Universal do Reino de Deus esclarece que est\u00e1 completamente convicta quanto \u00e0 inoc\u00eancia de Fernando Aparecido da Silva e Joel Miranda, que s\u00e3o Pastores da Universal, estando um em Minas Gerais, e o outro no Rio de Janeiro.<\/em><\/p>\n<\/div>\n<\/div>\n<div id=\"chunk-f2gpe\">\n<div class=\"content-ads content-ads--reveal\" data-block-type=\"ads\" data-block-id=\"49\">\n<div id=\"banner_materia__982851f3-d025-45ae-9c7d-f78057b63a7c\" class=\"tag-manager-publicidade-container mc-has-reveal mc-has-ad-lazyload tag-manager-publicidade-banner_materia__982851f3-d025-45ae-9c7d-f78057b63a7c tag-manager-publicidade-container--carregado tag-manager-publicidade-container--visivel\" data-id=\"banner_materia__982851f3-d025-45ae-9c7d-f78057b63a7c\" data-google-query-id=\"CNbphsXAxf4CFcYSuQYdxzwOlQ\">\n<div id=\"google_ads_iframe_\/95377733\/tvg_G1\/Sua_Regiao&gt;Nordeste&gt;Bahia_10__container__\" style=\"box-sizing: inherit; margin: auto; padding: 0px; border: 0pt none; font: inherit; vertical-align: initial; max-width: 100%; text-align: center; width: 970px; height: 250px;\"><iframe id=\"google_ads_iframe_\/95377733\/tvg_G1\/Sua_Regiao&gt;Nordeste&gt;Bahia_10\" style=\"box-sizing: inherit; margin: 0px; padding: 0px; border: 0px; font: inherit; vertical-align: bottom;\" tabindex=\"0\" title=\"3rd party ad content\" role=\"region\" name=\"google_ads_iframe_\/95377733\/tvg_G1\/Sua_Regiao&gt;Nordeste&gt;Bahia_10\" width=\"970\" height=\"250\" frameborder=\"0\" marginwidth=\"0\" marginheight=\"0\" scrolling=\"no\" aria-label=\"Advertisement\" data-load-complete=\"true\" data-google-container-id=\"c\" data-mce-fragment=\"1\"><\/iframe><\/div>\n<\/div>\n<\/div>\n<\/div>\n<div id=\"chunk-6o6cs\">\n<div class=\"mc-column content-text active-extra-styles \" data-block-type=\"unstyled\" data-block-weight=\"97\" data-block-id=\"50\">\n<p class=\"content-text__container \" data-track-category=\"Link no Texto\" data-track-links=\"\"><em>Quem conhece o trabalho da Igreja sabe que ela exige de todos os membros de seu corpo eclesi\u00e1stico um comportamento irretoc\u00e1vel, para que possam exercer a fun\u00e7\u00e3o mission\u00e1ria a eles confiada, como um verdadeiro exemplo de conduta para a comunidade onde atuam. Afastando, assim, qualquer um que tenha um comportamento contr\u00e1rio \u00e0 f\u00e9 crist\u00e3 e do comportamento requerido de bispos e pastores. Contudo, em rela\u00e7\u00e3o aos dois \u2013 ambos com quase 32 anos de minist\u00e9rio \u2013, jamais foi encontrado, at\u00e9 aqui, comportamentos, provas ou ind\u00edcios que os coloquem na cena deste crime t\u00e3o brutal e lament\u00e1vel.<\/em><\/p>\n<\/div>\n<\/div>\n<div id=\"chunk-8kgcf\">\n<div class=\"mc-column content-text active-extra-styles \" data-block-type=\"unstyled\" data-block-weight=\"45\" data-block-id=\"51\">\n<p class=\"content-text__container \" data-track-category=\"Link no Texto\" data-track-links=\"\"><em>Posto isto, a Universal refor\u00e7a que continua acreditando na Justi\u00e7a brasileira, e tem a convic\u00e7\u00e3o de que ser\u00e1 restabelecida a justa decis\u00e3o \u00e0 \u00e9poca da Ju\u00edza de 1\u00aa inst\u00e2ncia, de n\u00e3o os levarem a j\u00fari popular, por absoluta aus\u00eancia de provas contra os mesmos.<\/em><\/p>\n<\/div>\n<\/div>\n<div id=\"chunk-cn0av\">\n<div class=\"mc-column content-text active-extra-styles \" data-block-type=\"unstyled\" data-block-weight=\"60\" data-block-id=\"52\">\n<p class=\"content-text__container \" data-track-category=\"Link no Texto\" data-track-links=\"\"><em>Nossas ora\u00e7\u00f5es \u2013 pelos familiares da v\u00edtima \u2013, e pelos pastores, que, juntamente de seus familiares, t\u00eam sido submetidos a uma grave, descabida e injusta pena, em uma campanha midi\u00e1tica que j\u00e1 dura h\u00e1 anos. Os Bispos, pastores e milh\u00f5es de simpatizantes da Universal que est\u00e3o entre as maiores v\u00edtimas de preconceito religioso no Brasil, sentem tamb\u00e9m essa dor&#8221;.<\/em><\/p>\n<\/div>\n<\/div>\n<\/div>\n<\/article>\n<\/div>\n","protected":false},"excerpt":{"rendered":"<p>V\u00edtima tinha 14 anos quando foi estuprado e queimado vivo em 2001. Julgamento come\u00e7ou nesta ter\u00e7a-feira (23). J\u00fari popular do caso Lucas Terra acontece hoje na Bahia &#8220;S\u00e3o 22 anos de impunidade, de abuso do tempo de espera. Esperar para que haja o julgamento de uma crian\u00e7a, todos esses anos, \u00e9 ferir a nossa fam\u00edlia [&hellip;]<\/p>\n","protected":false},"author":2,"featured_media":0,"comment_status":"open","ping_status":"open","sticky":false,"template":"","format":"standard","meta":{"_links_to":"","_links_to_target":""},"categories":[7,9,8,1],"tags":[],"_links":{"self":[{"href":"https:\/\/www.ilheusnoticias.net.br\/v1\/wp-json\/wp\/v2\/posts\/31658"}],"collection":[{"href":"https:\/\/www.ilheusnoticias.net.br\/v1\/wp-json\/wp\/v2\/posts"}],"about":[{"href":"https:\/\/www.ilheusnoticias.net.br\/v1\/wp-json\/wp\/v2\/types\/post"}],"author":[{"embeddable":true,"href":"https:\/\/www.ilheusnoticias.net.br\/v1\/wp-json\/wp\/v2\/users\/2"}],"replies":[{"embeddable":true,"href":"https:\/\/www.ilheusnoticias.net.br\/v1\/wp-json\/wp\/v2\/comments?post=31658"}],"version-history":[{"count":1,"href":"https:\/\/www.ilheusnoticias.net.br\/v1\/wp-json\/wp\/v2\/posts\/31658\/revisions"}],"predecessor-version":[{"id":31659,"href":"https:\/\/www.ilheusnoticias.net.br\/v1\/wp-json\/wp\/v2\/posts\/31658\/revisions\/31659"}],"wp:attachment":[{"href":"https:\/\/www.ilheusnoticias.net.br\/v1\/wp-json\/wp\/v2\/media?parent=31658"}],"wp:term":[{"taxonomy":"category","embeddable":true,"href":"https:\/\/www.ilheusnoticias.net.br\/v1\/wp-json\/wp\/v2\/categories?post=31658"},{"taxonomy":"post_tag","embeddable":true,"href":"https:\/\/www.ilheusnoticias.net.br\/v1\/wp-json\/wp\/v2\/tags?post=31658"}],"curies":[{"name":"wp","href":"https:\/\/api.w.org\/{rel}","templated":true}]}}