{"id":31656,"date":"2023-04-25T13:57:10","date_gmt":"2023-04-25T16:57:10","guid":{"rendered":"https:\/\/www.ilheusnoticias.net.br\/v1\/?p=31656"},"modified":"2023-04-25T13:57:10","modified_gmt":"2023-04-25T16:57:10","slug":"no-parlamento-de-portugal-lula-e-vaiado-e-aplaudido-critica-extremismo-e-condena-invasao-da-ucrania-pela-russia","status":"publish","type":"post","link":"https:\/\/www.ilheusnoticias.net.br\/v1\/2023\/04\/25\/no-parlamento-de-portugal-lula-e-vaiado-e-aplaudido-critica-extremismo-e-condena-invasao-da-ucrania-pela-russia\/","title":{"rendered":"No Parlamento de Portugal, Lula \u00e9 vaiado e aplaudido, critica extremismo e condena invas\u00e3o da Ucr\u00e2nia pela R\u00fassia"},"content":{"rendered":"<div class=\"row content-head non-featured \">\n<div class=\"title\" data-block-type=\"title\" data-block-id=\"0\">\n<h1 class=\"content-head__title\"><img class=\"content-video__placeholder__thumb\" style=\"font-size: 16px;\" title=\"Presidente do Parlamento cobra respeito ap\u00f3s protesto em discurso do Lula em Portugal\" src=\"https:\/\/s02.video.glbimg.com\/x240\/11562889.jpg\" alt=\"Presidente do Parlamento cobra respeito ap\u00f3s protesto em discurso do Lula em Portugal\" \/><\/h1>\n<\/div>\n<\/div>\n<div class=\"mc-article-body\">\n<article>\n<div id=\"chunk-1gv3h\">\n<div class=\"bs-video-block mc-column  content-media content-video\" data-block-type=\"backstage-video\" data-block-id=\"1\">\n<div class=\"content-media__container\">\n<p class=\"content-media__description\">Presidente do Parlamento cobra respeito ap\u00f3s protesto em discurso do Lula em Portugal<\/p>\n<\/div>\n<\/div>\n<\/div>\n<div id=\"chunk-coqm2\">\n<div class=\"mc-column mc-side-item__container\" data-block-type=\"ads\" data-block-id=\"2\">\n<div class=\"mc-side-item mc-side-item--right content-ads content-ads--side-ad\">\n<div id=\"banner_materia1\" class=\"tag-manager-publicidade-container tag-manager-publicidade-banner_materia1 tag-manager-publicidade-container--carregado tag-manager-publicidade-container--visivel\" data-google-query-id=\"CIGPz7O_xf4CFfSplQId9KEPhA\">\n<div id=\"google_ads_iframe_\/95377733\/tvg_G1\/Politica_0__container__\">O presidente Luiz In\u00e1cio <a class=\"\" href=\"https:\/\/g1.globo.com\/politica\/politico\/lula\/\">Lula<\/a>\u00a0da Silva (<a class=\"\" href=\"https:\/\/g1.globo.com\/politica\/partido\/pt\/\">PT<\/a>) foi nesta ter\u00e7a-feira (25)<a class=\"\" href=\"https:\/\/g1.globo.com\/politica\/noticia\/2023\/04\/25\/lula-chega-a-parlamento-portugues-nesta-manha.ghtml\">\u00a0alvo de protestos de deputados de direita e tamb\u00e9m foi aplaudido durante discurso<\/a>\u00a0na Assembleia da Rep\u00fablica Portuguesa, em Lisboa. O petista ainda criticou ideologias extremistas e voltou a dizer que condena a invas\u00e3o da Ucr\u00e2nia pela R\u00fassia.<\/div>\n<\/div>\n<\/div>\n<\/div>\n<\/div>\n<div class=\"wall protected-content\">\n<div id=\"chunk-98ne8\">\n<div class=\"mc-column content-text active-extra-styles \" data-block-type=\"unstyled\" data-block-weight=\"40\" data-block-id=\"4\">\n<p class=\"content-text__container \" data-track-category=\"Link no Texto\" data-track-links=\"\">No in\u00edcio do pronunciamento, 11 parlamentares do partido de extrema direita Chega fizeram um protesto, respondido com aplausos a Lula por integrantes das outras bancadas. O presidente do Parlamento portugu\u00eas, Santos Silva, do Partido Socialista (PS), cobrou respeito dos presentes.<\/p>\n<\/div>\n<\/div>\n<div id=\"chunk-2rl8e\">\n<div class=\"mc-column content-text active-extra-styles \" data-block-type=\"unstyled\" data-block-weight=\"29\" data-block-id=\"5\">\n<p class=\"content-text__container \" data-track-category=\"Link no Texto\" data-track-links=\"\">Na sequ\u00eancia do discurso, o presidente brasileiro disse, mais de uma vez, que h\u00e1 uma onda crescente de ideologias extremistas, que ele disse serem &#8220;impulsionadas pela ditadura dos algoritmos&#8221;.<\/p>\n<\/div>\n<\/div>\n<div id=\"chunk-fhh4l\">\n<div class=\"mc-column content-text active-extra-styles \" data-block-type=\"unstyled\" data-block-weight=\"25\" data-block-id=\"7\">\n<p class=\"content-text__container \" data-track-category=\"Link no Texto\" data-track-links=\"\">&#8220;Elas [ideologias extremistas] reduzem o espa\u00e7o para o di\u00e1logo e a empatia, propagam o \u00f3dio e constrangem a express\u00e3o de nossa humanidade&#8221;, afirmou o petista.<\/p>\n<\/div>\n<\/div>\n<div id=\"chunk-cpuup\">\n<div class=\"mc-column content-text active-extra-styles \" data-block-type=\"unstyled\" data-block-weight=\"29\" data-block-id=\"8\">\n<p class=\"content-text__container \" data-track-category=\"Link no Texto\" data-track-links=\"\">Lula tamb\u00e9m criticou o que chamou de &#8220;pol\u00edticos demagogos&#8221; contr\u00e1rios \u00e0 integra\u00e7\u00e3o da Uni\u00e3o Europeia. Ele defendeu a amplia\u00e7\u00e3o do Conselho de Seguran\u00e7a da Organiza\u00e7\u00e3o das Na\u00e7\u00f5es Unidas (ONU).<\/p>\n<\/div>\n<\/div>\n<div id=\"chunk-853vp\">\n<div class=\"mc-column content-text active-extra-styles \" data-block-type=\"unstyled\" data-block-weight=\"31\" data-block-id=\"9\">\n<p class=\"content-text__container \" data-track-category=\"Link no Texto\" data-track-links=\"\">O presidente disse, em outro momento, que solu\u00e7\u00f5es militares para os problemas atuais n\u00e3o s\u00e3o a sa\u00edda e que \u00e9 preciso ter di\u00e1logo para que conflitos nacionais e internacionais sejam resolvidos.<\/p>\n<\/div>\n<\/div>\n<div id=\"chunk-31jfc\">\n<div class=\"mc-column content-text active-extra-styles \" data-block-type=\"unstyled\" data-block-weight=\"37\" data-block-id=\"10\">\n<p class=\"content-text__container \" data-track-category=\"Link no Texto\" data-track-links=\"\">&#8220;Quem acredita em solu\u00e7\u00f5es militares para os problemas atuais luta contra os ventos da hist\u00f3ria. Nenhuma solu\u00e7\u00e3o de qualquer conflito, nacional ou internacional, ser\u00e1 duradoura se n\u00e3o for baseada no di\u00e1logo e na negocia\u00e7\u00e3o pol\u00edtica&#8221;, disse Lula.<\/p>\n<\/div>\n<\/div>\n<div id=\"chunk-avt3r\">\n<div class=\"bs-video-block mc-column  content-media content-video\" data-block-type=\"backstage-video\" data-block-id=\"11\">\n<div class=\"content-media__container\">\n<div class=\"content-video__bigger-player-description-fixer\">\n<article class=\"content-video\">\n<section class=\"content-video__video-container\">\n<div class=\"content-video__video\">\n<div class=\"content-video__placeholder\" data-video-id=\"11563377\" data-video-has-viewport-play=\"True\"><img class=\"content-video__placeholder__thumb\" title=\"Lula defende solu\u00e7\u00e3o pac\u00edfica para a guerra na Ucr\u00e2nia\" src=\"https:\/\/s02.video.glbimg.com\/x240\/11563377.jpg\" alt=\"Lula defende solu\u00e7\u00e3o pac\u00edfica para a guerra na Ucr\u00e2nia\" \/><\/div>\n<\/div>\n<\/section>\n<\/article>\n<\/div>\n<\/div>\n<\/div>\n<\/div>\n<div class=\"mc-column content-text active-extra-styles\" data-block-type=\"raw\" data-block-weight=\"3\" data-block-id=\"13\">\n<div class=\"content-intertitle\">\n<h2>Invas\u00e3o da Ucr\u00e2niaO presidente brasileiro tamb\u00e9m voltou a condenar a invas\u00e3o da Ucr\u00e2nia pela R\u00fassia. \u00c9 a <a class=\"\" style=\"font-size: 16px;\" href=\"https:\/\/g1.globo.com\/mundo\/noticia\/2023\/04\/17\/para-casa-branca-brasil-papagueia-propaganda-russa-e-chinesa-sobre-a-ucrania.ghtml\">terceira declara\u00e7\u00e3o de Lula nesse sentido ap\u00f3s ser criticado, inclusive pela Casa Branca<\/a><span style=\"font-size: 16px;\">, por dizer que a Ucr\u00e2nia<\/span><a class=\"\" style=\"font-size: 16px;\" href=\"https:\/\/g1.globo.com\/mundo\/ucrania-russia\/noticia\/2023\/04\/16\/lula-diz-que-eua-e-europa-prolongam-guerra-na-ucrania.ghtml\">\u00a0tamb\u00e9m teria responsabilidade pelo in\u00edcio do conflito<\/a><span style=\"font-size: 16px;\">.<\/span><\/h2>\n<\/div>\n<\/div>\n<div id=\"chunk-dn19i\">\n<div class=\"mc-column content-text active-extra-styles \" data-block-type=\"unstyled\" data-block-weight=\"44\" data-block-id=\"15\">\n<p class=\"content-text__container \" data-track-category=\"Link no Texto\" data-track-links=\"\">No s\u00e1bado, tamb\u00e9m em\u00a0<a class=\"\" href=\"https:\/\/g1.globo.com\/tudo-sobre\/portugal\/\">Portugal<\/a>,\u00a0<a class=\"\" href=\"https:\/\/g1.globo.com\/politica\/noticia\/2023\/04\/22\/lula-declaracao-portugal.ghtml\">Lula negou ter igualado responsabilidade de R\u00fassia e Ucr\u00e2nia\u00a0<\/a>pela guerra e pediu uma sa\u00edda negociada para o conflito \u2013 a fala do presidente ocorreu depois de participar de reuni\u00e3o com o presidente de Portugal, Marcelo Rebelo de Sousa.<\/p>\n<\/div>\n<\/div>\n<div class=\"mc-column content-text active-extra-styles\" data-block-type=\"raw\" data-block-weight=\"104\" data-block-id=\"16\">\n<p class=\"content-text__container\">\n<blockquote class=\"content-blockquote theme-border-color-primary-before\"><p>&#8220;Condenamos a viola\u00e7\u00e3o da integridade territorial da Ucr\u00e2nia. Acreditamos em uma ordem internacional fundada no respeito ao Direito Internacional e na preserva\u00e7\u00e3o das soberanias nacionais. Ao mesmo tempo, \u00e9 preciso admitir que a guerra n\u00e3o poder\u00e1 seguir indefinidamente. A cada dia que os combates prosseguem, aumenta o sofrimento humano, a perda de vidas, a destrui\u00e7\u00e3o de lares. As crises alimentar e energ\u00e9tica s\u00e3o problemas de todo o mundo. Todos n\u00f3s fomos afetados, de alguma forma, pelas consequ\u00eancias da guerra. \u00c9 preciso falar da paz. Para chegar a esse objetivo, \u00e9 indispens\u00e1vel trilhar o caminho pelo di\u00e1logo e pela diplomacia.&#8221;, disse o presidente nesta ter\u00e7a.<\/p><\/blockquote>\n<p>&nbsp;<\/p>\n<\/div>\n<div id=\"chunk-k6j2\">\n<div class=\"mc-column content-text active-extra-styles \" data-block-type=\"unstyled\" data-block-weight=\"51\" data-block-id=\"17\">\n<p class=\"content-text__container \" data-track-category=\"Link no Texto\" data-track-links=\"\">As declara\u00e7\u00f5es de Lula em Portugal diferem da postura que Lula vinha adotando nos \u00faltimos meses. Na semana passada, por exemplo, o petista disse durante uma visita aos Emirados \u00c1rabes Unidos que a Ucr\u00e2nia tem responsabilidade pelo in\u00edcio do conflito e que<a class=\"\" href=\"https:\/\/g1.globo.com\/mundo\/ucrania-russia\/noticia\/2023\/04\/16\/lula-diz-que-eua-e-europa-prolongam-guerra-na-ucrania.ghtml\">\u00a0os Estados Unidos e a Europa prologam a guerra<\/a>.<\/p>\n<\/div>\n<\/div>\n<\/div>\n<\/article>\n<\/div>\n","protected":false},"excerpt":{"rendered":"<p>Presidente do Parlamento cobra respeito ap\u00f3s protesto em discurso do Lula em Portugal O presidente Luiz In\u00e1cio Lula\u00a0da Silva (PT) foi nesta ter\u00e7a-feira (25)\u00a0alvo de protestos de deputados de direita e tamb\u00e9m foi aplaudido durante discurso\u00a0na Assembleia da Rep\u00fablica Portuguesa, em Lisboa. O petista ainda criticou ideologias extremistas e voltou a dizer que condena a [&hellip;]<\/p>\n","protected":false},"author":2,"featured_media":0,"comment_status":"open","ping_status":"open","sticky":false,"template":"","format":"standard","meta":{"_links_to":"","_links_to_target":""},"categories":[7,9,8,1],"tags":[],"_links":{"self":[{"href":"https:\/\/www.ilheusnoticias.net.br\/v1\/wp-json\/wp\/v2\/posts\/31656"}],"collection":[{"href":"https:\/\/www.ilheusnoticias.net.br\/v1\/wp-json\/wp\/v2\/posts"}],"about":[{"href":"https:\/\/www.ilheusnoticias.net.br\/v1\/wp-json\/wp\/v2\/types\/post"}],"author":[{"embeddable":true,"href":"https:\/\/www.ilheusnoticias.net.br\/v1\/wp-json\/wp\/v2\/users\/2"}],"replies":[{"embeddable":true,"href":"https:\/\/www.ilheusnoticias.net.br\/v1\/wp-json\/wp\/v2\/comments?post=31656"}],"version-history":[{"count":1,"href":"https:\/\/www.ilheusnoticias.net.br\/v1\/wp-json\/wp\/v2\/posts\/31656\/revisions"}],"predecessor-version":[{"id":31657,"href":"https:\/\/www.ilheusnoticias.net.br\/v1\/wp-json\/wp\/v2\/posts\/31656\/revisions\/31657"}],"wp:attachment":[{"href":"https:\/\/www.ilheusnoticias.net.br\/v1\/wp-json\/wp\/v2\/media?parent=31656"}],"wp:term":[{"taxonomy":"category","embeddable":true,"href":"https:\/\/www.ilheusnoticias.net.br\/v1\/wp-json\/wp\/v2\/categories?post=31656"},{"taxonomy":"post_tag","embeddable":true,"href":"https:\/\/www.ilheusnoticias.net.br\/v1\/wp-json\/wp\/v2\/tags?post=31656"}],"curies":[{"name":"wp","href":"https:\/\/api.w.org\/{rel}","templated":true}]}}