{"id":31650,"date":"2023-04-25T13:49:07","date_gmt":"2023-04-25T16:49:07","guid":{"rendered":"https:\/\/www.ilheusnoticias.net.br\/v1\/?p=31650"},"modified":"2023-04-25T13:49:07","modified_gmt":"2023-04-25T16:49:07","slug":"mario-alexandre-recepciona-ministro-waldez-goes-e-entrega-relatorio-de-danos-causados-pelas-chuvas","status":"publish","type":"post","link":"https:\/\/www.ilheusnoticias.net.br\/v1\/2023\/04\/25\/mario-alexandre-recepciona-ministro-waldez-goes-e-entrega-relatorio-de-danos-causados-pelas-chuvas\/","title":{"rendered":"M\u00e1rio Alexandre recepciona ministro Waldez G\u00f3es e entrega relat\u00f3rio de danos causados pelas chuvas"},"content":{"rendered":"<p>&nbsp;<\/p>\n<div class=\"imagem thumbnail col-xs-12 col-sm-8 col-md-6 col-lg-6 imagem-materia\"><a class=\"fresco\" title=\"\" href=\"https:\/\/portalfacilarquivos.blob.core.windows.net\/uploads\/ILHEUS\/imgOrig\/%7BE2B6BCDA-EA6E-3A7E-3ABB-3E5C77ACE762%7D.jpg\" data-fresco-caption=\"\"><img loading=\"lazy\" title=\"\" src=\"https:\/\/portalfacilarquivos.blob.core.windows.net\/uploads\/ILHEUS\/img\/%7BE2B6BCDA-EA6E-3A7E-3ABB-3E5C77ACE762%7D\/%7BE2B6BCDA-EA6E-3A7E-3ABB-3E5C77ACE762%7D_650X450.jpg\" alt=\"ministro; Waldez G\u00f3es\" width=\"650\" height=\"450\" \/><\/a><\/p>\n<p class=\"bg-primary\">O prefeito M\u00e1rio Alexandre segue buscando recursos para recuperar os preju\u00edzos causados pela chuva que atingiu Ilh\u00e9us na semana passada. Na \u00faltima segunda-feira (24), acompanhado da deputada estadual Soane Galv\u00e3o, o prefeito recepcionou o ministro da Integra\u00e7\u00e3o e do Desenvolvimento Regional, Waldez G\u00f3es, e o secret\u00e1rio nacional de Prote\u00e7\u00e3o e Defesa Civil, Wolnei Wolff, que desembarcaram no Aeroporto Jorge Amado, e logo ap\u00f3s seguiram para algumas cidades da regi\u00e3o.<\/p>\n<\/div>\n<p>Na oportunidade, M\u00e1rio Alexandre entregou ao ministro um relat\u00f3rio dos danos ocasionados pelo temporal e solicitou interven\u00e7\u00f5es do Governo Federal em car\u00e1ter de urg\u00eancia, visando um trabalho de preven\u00e7\u00e3o nas \u00e1reas de risco da cidade.<\/p>\n<p>\u201cEsse di\u00e1logo \u00e9 importante, pois trar\u00e1 mais benef\u00edcios para Ilh\u00e9us. Agrade\u00e7o ao ministro Waldez G\u00f3es e ao nosso ministro Rui Costa, que demonstram apoio e t\u00eam interesse em ajudar o nosso munic\u00edpio nesse processo de reconstru\u00e7\u00e3o das \u00e1reas afetadas\u201d, declarou o prefeito.<\/p>\n<p>&nbsp;<\/p>\n<div class=\"imagem thumbnail col-xs-12 col-sm-8 col-md-6 col-lg-6 imagem-materia\"><a class=\"fresco\" title=\"\" href=\"https:\/\/portalfacilarquivos.blob.core.windows.net\/uploads\/ILHEUS\/imgOrig\/%7BBAA56ACD-AABD-CEA1-E3E5-0450C86B6D7D%7D.jpg\" data-fresco-caption=\"\"><img loading=\"lazy\" title=\"\" src=\"https:\/\/portalfacilarquivos.blob.core.windows.net\/uploads\/ILHEUS\/img\/%7BBAA56ACD-AABD-CEA1-E3E5-0450C86B6D7D%7D\/%7BBAA56ACD-AABD-CEA1-E3E5-0450C86B6D7D%7D_650X450.jpg\" alt=\"ministro; Waldez G\u00f3es\" width=\"650\" height=\"450\" \/><\/a><\/p>\n<p class=\"bg-primary\">O Governo Federal encaminhou representantes da Secretaria Nacional de Prote\u00e7\u00e3o e Defesa Civil para auxiliar no trabalho e definir estrat\u00e9gias de preven\u00e7\u00e3o e enfrentamento dos desastres provocados pelas fortes chuvas.<\/p>\n<\/div>\n<p>O Munic\u00edpio elaborou um plano preventivo de conten\u00e7\u00e3o, com base em dados disponibilizados pela Universidade Estadual de Santa Cruz (UESC).\u00a0O plano inclui o mapeamento das regi\u00f5es de risco, sendo respons\u00e1vel por direcionar as a\u00e7\u00f5es; identificar \u00e1reas priorit\u00e1rias para interven\u00e7\u00f5es e monitorar os pontos cr\u00edticos com riscos elevados.<\/p>\n<p>Durante videoconfer\u00eancia com o vice-governador Geraldo J\u00fanior, o gestor ilheense solicitou ajuda humanit\u00e1ria para atender, de forma imediata, as necessidades das fam\u00edlias afetadas. O Governo do Estado atendeu prontamente o pedido e enviou no \u00faltimo domingo (23), donativos e lonas para cobertura de encostas, al\u00e9m de refor\u00e7ar o efetivo do Corpo de Bombeiros Militar e as equipes da Superintend\u00eancia de Prote\u00e7\u00e3o e Defesa Civil da Bahia.<\/p>\n","protected":false},"excerpt":{"rendered":"<p>&nbsp; O prefeito M\u00e1rio Alexandre segue buscando recursos para recuperar os preju\u00edzos causados pela chuva que atingiu Ilh\u00e9us na semana passada. Na \u00faltima segunda-feira (24), acompanhado da deputada estadual Soane Galv\u00e3o, o prefeito recepcionou o ministro da Integra\u00e7\u00e3o e do Desenvolvimento Regional, Waldez G\u00f3es, e o secret\u00e1rio nacional de Prote\u00e7\u00e3o e Defesa Civil, Wolnei Wolff, [&hellip;]<\/p>\n","protected":false},"author":2,"featured_media":0,"comment_status":"open","ping_status":"open","sticky":false,"template":"","format":"standard","meta":{"_links_to":"","_links_to_target":""},"categories":[7,9,8,1],"tags":[],"_links":{"self":[{"href":"https:\/\/www.ilheusnoticias.net.br\/v1\/wp-json\/wp\/v2\/posts\/31650"}],"collection":[{"href":"https:\/\/www.ilheusnoticias.net.br\/v1\/wp-json\/wp\/v2\/posts"}],"about":[{"href":"https:\/\/www.ilheusnoticias.net.br\/v1\/wp-json\/wp\/v2\/types\/post"}],"author":[{"embeddable":true,"href":"https:\/\/www.ilheusnoticias.net.br\/v1\/wp-json\/wp\/v2\/users\/2"}],"replies":[{"embeddable":true,"href":"https:\/\/www.ilheusnoticias.net.br\/v1\/wp-json\/wp\/v2\/comments?post=31650"}],"version-history":[{"count":1,"href":"https:\/\/www.ilheusnoticias.net.br\/v1\/wp-json\/wp\/v2\/posts\/31650\/revisions"}],"predecessor-version":[{"id":31651,"href":"https:\/\/www.ilheusnoticias.net.br\/v1\/wp-json\/wp\/v2\/posts\/31650\/revisions\/31651"}],"wp:attachment":[{"href":"https:\/\/www.ilheusnoticias.net.br\/v1\/wp-json\/wp\/v2\/media?parent=31650"}],"wp:term":[{"taxonomy":"category","embeddable":true,"href":"https:\/\/www.ilheusnoticias.net.br\/v1\/wp-json\/wp\/v2\/categories?post=31650"},{"taxonomy":"post_tag","embeddable":true,"href":"https:\/\/www.ilheusnoticias.net.br\/v1\/wp-json\/wp\/v2\/tags?post=31650"}],"curies":[{"name":"wp","href":"https:\/\/api.w.org\/{rel}","templated":true}]}}