{"id":31647,"date":"2023-04-24T17:17:23","date_gmt":"2023-04-24T20:17:23","guid":{"rendered":"https:\/\/www.ilheusnoticias.net.br\/v1\/?p=31647"},"modified":"2023-04-24T17:17:23","modified_gmt":"2023-04-24T20:17:23","slug":"construcao-de-quase-700-moradias-e-autorizada-em-itabuna","status":"publish","type":"post","link":"https:\/\/www.ilheusnoticias.net.br\/v1\/2023\/04\/24\/construcao-de-quase-700-moradias-e-autorizada-em-itabuna\/","title":{"rendered":"Constru\u00e7\u00e3o de quase 700 moradias \u00e9 autorizada em Itabuna"},"content":{"rendered":"<div class=\"PostHeaderIcons metadata-icons\"><img loading=\"lazy\" class=\"\" src=\"http:\/\/www.blogdothame.blog.br\/v1\/wp-content\/uploads\/2023\/04\/moradias-itabuna-3.jpg\" width=\"420\" height=\"280\" \/><\/div>\n<div class=\"PostHeaderIcons metadata-icons\">Nesta segunda-feira (24), o governador Jer\u00f4nimo Rodrigues, acompanhou o ministro da Integra\u00e7\u00e3o e do Desenvolvimento Regional, Waldez Go\u00e9s, no munic\u00edpio de Itabuna, na cerim\u00f4nia de autoriza\u00e7\u00e3o para a constru\u00e7\u00e3o de 696 moradias para fam\u00edlias que perderam suas casas devido \u00e0s fortes chuvas que atingiram a regi\u00e3o entre o final de 2021 e o in\u00edcio de 2022. A solenidade, que contou com a presen\u00e7a do ministro-chefe da Casa Civil, Rui Costa, foi realizada no Teatro Municipal Candinha D\u00f3ria.<\/div>\n<div class=\"PostContent\">\n<p><img loading=\"lazy\" class=\"\" src=\"http:\/\/www.blogdothame.blog.br\/v1\/wp-content\/uploads\/2023\/04\/moradias-itabuna-1.jpg\" width=\"264\" height=\"176\" \/><\/p>\n<p>O governador destacou a import\u00e2ncia dos investimentos para a popula\u00e7\u00e3o de Itabuna e regi\u00e3o. \u201cO significado dessa agenda aqui \u00e9 hoje \u00e9 a continuidade de um compromisso assumido por Rui Costa, ainda como governador da Bahia. E agora, com o presidente Lula, n\u00f3s tivemos a garantia de poder vir aqui dar a ordem de servi\u00e7o para a constru\u00e7\u00e3o de 696 resid\u00eancias. S\u00e3o dois conjuntos habitacionais, espa\u00e7o de conviv\u00eancia e drenagem\u201d, declarou.<\/p>\n<\/div>\n<p>Conforme o ministro Waldez Go\u00e9s, a prioridade \u00e9 garantir atendimento imediato aos munic\u00edpios vitimados por eventos de desastres ambientais. \u201cA pol\u00edtica do Governo Federal \u00e9 de estar sempre presente, desde o primeiro momento, em todo pa\u00eds, para garantir ajuda humanit\u00e1ria, restabelecimento e reconstru\u00e7\u00e3o de \u00e1reas porventura atingidas por eventos naturais. Al\u00e9m das ordens de servi\u00e7o de hoje, estamos assistindo tamb\u00e9m os munic\u00edpios atingidos por chuvas neste momento, a exemplo de Ilh\u00e9us e Santa Cruz Cabr\u00e1lia\u201d. Waldez tamb\u00e9m destacou que, desde s\u00e1bado (22), equipes regionais da Defesa Civil est\u00e3o prestando assist\u00eancia e discutindo planos trabalhos.<\/p>\n<div class=\"PostContent\">\n<p>Reconstru\u00e7\u00e3o<\/p>\n<p><img loading=\"lazy\" class=\"\" src=\"http:\/\/www.blogdothame.blog.br\/v1\/wp-content\/uploads\/2023\/04\/moradias-itabuna-4.jpg\" width=\"417\" height=\"278\" \/><\/p>\n<p>De acordo com ministro-chefe da Casa Civil, Rui Costa, a reconstru\u00e7\u00e3o dos im\u00f3veis e a seguran\u00e7a da popula\u00e7\u00e3o vulner\u00e1vel s\u00e3o prioridades. \u201cO Governo Federal est\u00e1 empenhado em agilizar as reconstru\u00e7\u00f5es nas \u00e1reas de desastres naturais. Aqui, o Governo do Estado j\u00e1 tinha iniciado obras em dezenas de munic\u00edpios e hoje a gente veio dar in\u00edcio imediato na constru\u00e7\u00e3o dessas quase 700 casas\u201d. O ministro ainda sinalizou que o Minist\u00e9rio da Integra\u00e7\u00e3o vai encabe\u00e7ar um projeto para a conten\u00e7\u00e3o de encostas em conjunto com as prefeituras municipais.<\/p>\n<p>&nbsp;<\/p>\n<p>As a\u00e7\u00f5es de reassentamentos e reconstru\u00e7\u00f5es anunciadas em Itabuna visam garantir a seguran\u00e7a e o bem-estar das comunidades afetadas pelas inunda\u00e7\u00f5es e desabamentos. As comunidades que residiam em \u00e1reas de risco ser\u00e3o reassentadas em empreendimentos habitacionais situados em \u00e1reas seguras, enquanto a popula\u00e7\u00e3o vulner\u00e1vel ter\u00e1 suas casas reconstru\u00eddas em novos empreendimentos. Al\u00e9m disso, a constru\u00e7\u00e3o de dois parques lineares \u00e0s margens do rio Cachoeira n\u00e3o apenas elimina as \u00e1reas de risco mapeadas, mas tamb\u00e9m oferece op\u00e7\u00f5es de lazer para a popula\u00e7\u00e3o local.<\/p>\n<p>&nbsp;<\/p>\n<p>Pavimenta\u00e7\u00e3o, seguran\u00e7a e \u00e1gua para Itabuna<\/p>\n<p>&nbsp;<\/p>\n<p>Durante a solenidade, o governador Jer\u00f4nimo autorizou licita\u00e7\u00e3o para a pavimenta\u00e7\u00e3o de cinco quil\u00f4metros no trecho da via que d\u00e1 acesso \u00e0 Itabuna, no entroncamento com a BA-649. O valor estimado da obra \u00e9 de mais de R$ 20 milh\u00f5es. Tamb\u00e9m foi autorizada a constru\u00e7\u00e3o de uma nova Delegacia Especializada de Atendimento \u00e0 Mulher (Deam), que vai contar com um investimento de mais de R$ 2 milh\u00f5es.<\/p>\n<p>&nbsp;<\/p>\n<p>A popula\u00e7\u00e3o de Itabuna ser\u00e1 contemplada ainda com a amplia\u00e7\u00e3o do Sistema Simplificado de Abastecimento de \u00c1gua. Conforme o an\u00fancio do governador, o projeto ter\u00e1 um investimento de R$ 10 milh\u00f5es. A obra \u00e9 uma atribui\u00e7\u00e3o da Companhia de Engenharia H\u00eddrica e de Saneamento da Bahia (Cerb), vinculada \u00e0 Secretaria de Infraestrutura H\u00eddrica (Sihs).<\/p>\n<p>&nbsp;<\/p>\n<p>&nbsp;<\/p>\n<p>Fotos: Mateus Pereira\/GOVBA<\/p>\n<\/div>\n","protected":false},"excerpt":{"rendered":"<p>Nesta segunda-feira (24), o governador Jer\u00f4nimo Rodrigues, acompanhou o ministro da Integra\u00e7\u00e3o e do Desenvolvimento Regional, Waldez Go\u00e9s, no munic\u00edpio de Itabuna, na cerim\u00f4nia de autoriza\u00e7\u00e3o para a constru\u00e7\u00e3o de 696 moradias para fam\u00edlias que perderam suas casas devido \u00e0s fortes chuvas que atingiram a regi\u00e3o entre o final de 2021 e o in\u00edcio de [&hellip;]<\/p>\n","protected":false},"author":2,"featured_media":0,"comment_status":"open","ping_status":"open","sticky":false,"template":"","format":"standard","meta":{"_links_to":"","_links_to_target":""},"categories":[7,9,8,1],"tags":[],"_links":{"self":[{"href":"https:\/\/www.ilheusnoticias.net.br\/v1\/wp-json\/wp\/v2\/posts\/31647"}],"collection":[{"href":"https:\/\/www.ilheusnoticias.net.br\/v1\/wp-json\/wp\/v2\/posts"}],"about":[{"href":"https:\/\/www.ilheusnoticias.net.br\/v1\/wp-json\/wp\/v2\/types\/post"}],"author":[{"embeddable":true,"href":"https:\/\/www.ilheusnoticias.net.br\/v1\/wp-json\/wp\/v2\/users\/2"}],"replies":[{"embeddable":true,"href":"https:\/\/www.ilheusnoticias.net.br\/v1\/wp-json\/wp\/v2\/comments?post=31647"}],"version-history":[{"count":1,"href":"https:\/\/www.ilheusnoticias.net.br\/v1\/wp-json\/wp\/v2\/posts\/31647\/revisions"}],"predecessor-version":[{"id":31648,"href":"https:\/\/www.ilheusnoticias.net.br\/v1\/wp-json\/wp\/v2\/posts\/31647\/revisions\/31648"}],"wp:attachment":[{"href":"https:\/\/www.ilheusnoticias.net.br\/v1\/wp-json\/wp\/v2\/media?parent=31647"}],"wp:term":[{"taxonomy":"category","embeddable":true,"href":"https:\/\/www.ilheusnoticias.net.br\/v1\/wp-json\/wp\/v2\/categories?post=31647"},{"taxonomy":"post_tag","embeddable":true,"href":"https:\/\/www.ilheusnoticias.net.br\/v1\/wp-json\/wp\/v2\/tags?post=31647"}],"curies":[{"name":"wp","href":"https:\/\/api.w.org\/{rel}","templated":true}]}}