{"id":31643,"date":"2023-04-24T17:11:24","date_gmt":"2023-04-24T20:11:24","guid":{"rendered":"https:\/\/www.ilheusnoticias.net.br\/v1\/?p=31643"},"modified":"2023-04-24T17:11:24","modified_gmt":"2023-04-24T20:11:24","slug":"ilheus-registra-acumulado-de-220-mm-em-72h-e-atualiza-dados-sobre-pessoas-afetadas-pelas-chuvas","status":"publish","type":"post","link":"https:\/\/www.ilheusnoticias.net.br\/v1\/2023\/04\/24\/ilheus-registra-acumulado-de-220-mm-em-72h-e-atualiza-dados-sobre-pessoas-afetadas-pelas-chuvas\/","title":{"rendered":"Ilh\u00e9us registra acumulado de 220 mm em 72h e atualiza dados sobre pessoas afetadas pelas chuvas"},"content":{"rendered":"<div class=\"imagem thumbnail col-xs-12 col-sm-8 col-md-6 col-lg-6 imagem-materia\"><a class=\"fresco\" title=\"\" href=\"https:\/\/portalfacilarquivos.blob.core.windows.net\/uploads\/ILHEUS\/imgOrig\/%7BA14EBDDC-0AE4-ECCB-B60B-AB8C174BC8C5%7D.jpg\" data-fresco-caption=\"\"><img loading=\"lazy\" title=\"\" src=\"https:\/\/portalfacilarquivos.blob.core.windows.net\/uploads\/ILHEUS\/img\/%7BA14EBDDC-0AE4-ECCB-B60B-AB8C174BC8C5%7D\/%7BA14EBDDC-0AE4-ECCB-B60B-AB8C174BC8C5%7D_650X450.jpg\" alt=\"sos chuvas\" width=\"650\" height=\"450\" \/><\/a><\/p>\n<p class=\"bg-primary\">A Defesa Civil de Ilh\u00e9us registrou n\u00edveis de acumulados de chuvas de 220.79 mm em 72h. Conforme o \u00f3rg\u00e3o, apenas na sexta-feira (21) choveu 186.68 mm, o que representa acumulado de aproximadamente 20 dias de precipita\u00e7\u00f5es. O \u00edndice pluviom\u00e9trico superou a m\u00e9dia esperada para o m\u00eas de abril.<\/p>\n<\/div>\n<p>Atenta e vigilante \u00e0 situa\u00e7\u00e3o, a Prefeitura, com apoio do Corpo de Bombeiros Militar e Civil, segue mobilizada para prestar assist\u00eancia e orienta\u00e7\u00f5es \u00e0s fam\u00edlias que residem em \u00e1reas de risco, bem como realizar interven\u00e7\u00f5es necess\u00e1rias para minimizar os danos nessas localidades.<\/p>\n<p>O Munic\u00edpio montou pontos de abrigo na Escola Pequeno Davi e no Anexo da Nova Jerusal\u00e9m. At\u00e9 o momento, a Defesa Civil atendeu 226 ocorr\u00eancias. Os chamados s\u00e3o referentes a solicita\u00e7\u00f5es para remo\u00e7\u00e3o de \u00e1rvores ca\u00eddas, alagamentos, deslizamentos de terra, desabamento de conten\u00e7\u00e3o, obstru\u00e7\u00e3o de vias e coloca\u00e7\u00e3o de lonas. Apesar dos danos materiais, n\u00e3o houve v\u00edtimas.<\/p>\n<div class=\"imagem thumbnail col-xs-12 col-sm-8 col-md-6 col-lg-6 imagem-materia\"><a class=\"fresco\" title=\"\" href=\"https:\/\/portalfacilarquivos.blob.core.windows.net\/uploads\/ILHEUS\/imgOrig\/%7B76CDD85E-026A-8CE4-EA3A-1DBDD4EAD3CB%7D.jpg\" data-fresco-caption=\"\"><img loading=\"lazy\" title=\"\" src=\"https:\/\/portalfacilarquivos.blob.core.windows.net\/uploads\/ILHEUS\/img\/%7B76CDD85E-026A-8CE4-EA3A-1DBDD4EAD3CB%7D\/%7B76CDD85E-026A-8CE4-EA3A-1DBDD4EAD3CB%7D_650X450.jpg\" alt=\"sos chuvas\" width=\"650\" height=\"450\" \/><\/a><\/div>\n<p>De acordo com o \u00faltimo boletim informativo, as chuvas j\u00e1 deixaram 467 pessoas afetadas, 296\u00a0desalojadas e 13 desabrigadas. A Secretaria de Infraestrutura e Defesa Civil (Seinfra) realiza o diagn\u00f3stico da situa\u00e7\u00e3o e elaborou um plano preventivo de conten\u00e7\u00e3o, com base em dados disponibilizados pela Universidade Estadual de Santa Cruz (UESC).<\/p>\n<p>O plano inclui o mapeamento das regi\u00f5es de risco, sendo respons\u00e1vel por direcionar as a\u00e7\u00f5es; identificar \u00e1reas priorit\u00e1rias para interven\u00e7\u00f5es e monitorar os pontos cr\u00edticos com riscos elevados. A Secretaria de Servi\u00e7os Urbanos realiza o trabalho de limpeza e manuten\u00e7\u00e3o das vias.<\/p>\n<p>A Prefeitura mant\u00e9m aten\u00e7\u00e3o \u00e0 instabilidade clim\u00e1tica e desenvolve medidas de preven\u00e7\u00e3o e mitiga\u00e7\u00e3o dos efeitos dos temporais. O monitoramento cont\u00ednuo subsidia a\u00e7\u00f5es articuladas com os demais \u00f3rg\u00e3os que fazem parte do Comit\u00ea de Gerenciamento de Crise. As a\u00e7\u00f5es s\u00e3o desenvolvidas com apoio t\u00e9cnico dos governos estadual e federal, atrav\u00e9s das equipes da Defesa Civil.<\/p>\n<div class=\"imagem thumbnail col-xs-12 col-sm-8 col-md-6 col-lg-6 imagem-materia\"><a class=\"fresco\" title=\"\" href=\"https:\/\/portalfacilarquivos.blob.core.windows.net\/uploads\/ILHEUS\/imgOrig\/%7BD01A115E-DAE1-3AD0-1EEE-25E7EE51DC3E%7D.jpg\" data-fresco-caption=\"\"><img loading=\"lazy\" title=\"\" src=\"https:\/\/portalfacilarquivos.blob.core.windows.net\/uploads\/ILHEUS\/img\/%7BD01A115E-DAE1-3AD0-1EEE-25E7EE51DC3E%7D\/%7BD01A115E-DAE1-3AD0-1EEE-25E7EE51DC3E%7D_650X450.jpg\" alt=\"sos chuvas\" width=\"650\" height=\"450\" \/><\/a><\/p>\n<p class=\"bg-primary\">No \u00faltimo domingo (23), o Governo da Bahia enviou ajuda humanit\u00e1ria para as v\u00edtimas das fortes chuvas. Foram destinados colch\u00f5es, cestas b\u00e1sicas, \u00e1gua mineral, cobertores, produtos de higiene pessoal e material de limpeza.<\/p>\n<\/div>\n<p>Em caso de emerg\u00eancia, a popula\u00e7\u00e3o pode acionar a Defesa Civil, atrav\u00e9s do n\u00famero:\u00a0<strong>(73) 97400-7521<\/strong>\u00a0ou ligar para o Corpo de Bombeiros Militar pela<strong>\u00a0Central 193.<\/strong><\/p>\n","protected":false},"excerpt":{"rendered":"<p>A Defesa Civil de Ilh\u00e9us registrou n\u00edveis de acumulados de chuvas de 220.79 mm em 72h. Conforme o \u00f3rg\u00e3o, apenas na sexta-feira (21) choveu 186.68 mm, o que representa acumulado de aproximadamente 20 dias de precipita\u00e7\u00f5es. O \u00edndice pluviom\u00e9trico superou a m\u00e9dia esperada para o m\u00eas de abril. Atenta e vigilante \u00e0 situa\u00e7\u00e3o, a Prefeitura, [&hellip;]<\/p>\n","protected":false},"author":2,"featured_media":0,"comment_status":"open","ping_status":"open","sticky":false,"template":"","format":"standard","meta":{"_links_to":"","_links_to_target":""},"categories":[7,9,8,1],"tags":[],"_links":{"self":[{"href":"https:\/\/www.ilheusnoticias.net.br\/v1\/wp-json\/wp\/v2\/posts\/31643"}],"collection":[{"href":"https:\/\/www.ilheusnoticias.net.br\/v1\/wp-json\/wp\/v2\/posts"}],"about":[{"href":"https:\/\/www.ilheusnoticias.net.br\/v1\/wp-json\/wp\/v2\/types\/post"}],"author":[{"embeddable":true,"href":"https:\/\/www.ilheusnoticias.net.br\/v1\/wp-json\/wp\/v2\/users\/2"}],"replies":[{"embeddable":true,"href":"https:\/\/www.ilheusnoticias.net.br\/v1\/wp-json\/wp\/v2\/comments?post=31643"}],"version-history":[{"count":1,"href":"https:\/\/www.ilheusnoticias.net.br\/v1\/wp-json\/wp\/v2\/posts\/31643\/revisions"}],"predecessor-version":[{"id":31644,"href":"https:\/\/www.ilheusnoticias.net.br\/v1\/wp-json\/wp\/v2\/posts\/31643\/revisions\/31644"}],"wp:attachment":[{"href":"https:\/\/www.ilheusnoticias.net.br\/v1\/wp-json\/wp\/v2\/media?parent=31643"}],"wp:term":[{"taxonomy":"category","embeddable":true,"href":"https:\/\/www.ilheusnoticias.net.br\/v1\/wp-json\/wp\/v2\/categories?post=31643"},{"taxonomy":"post_tag","embeddable":true,"href":"https:\/\/www.ilheusnoticias.net.br\/v1\/wp-json\/wp\/v2\/tags?post=31643"}],"curies":[{"name":"wp","href":"https:\/\/api.w.org\/{rel}","templated":true}]}}