{"id":31641,"date":"2023-04-21T11:09:32","date_gmt":"2023-04-21T14:09:32","guid":{"rendered":"https:\/\/www.ilheusnoticias.net.br\/v1\/?p=31641"},"modified":"2023-04-21T11:09:32","modified_gmt":"2023-04-21T14:09:32","slug":"stj-impede-aposentadoria-voluntaria-de-desembargadora-investigada-por-esquema-de-venda-de-decisoes-na-ba","status":"publish","type":"post","link":"https:\/\/www.ilheusnoticias.net.br\/v1\/2023\/04\/21\/stj-impede-aposentadoria-voluntaria-de-desembargadora-investigada-por-esquema-de-venda-de-decisoes-na-ba\/","title":{"rendered":"STJ impede aposentadoria volunt\u00e1ria de desembargadora investigada por esquema de venda de decis\u00f5es na BA"},"content":{"rendered":"<div class=\"row content-head non-featured \">\n<div class=\"title\" data-block-type=\"title\" data-block-id=\"0\"><\/div>\n<div class=\"medium-centered subtitle\"><\/div>\n<\/div>\n<div class=\"mc-article-body\">\n<article>\n<div id=\"chunk-8igj1\">\n<div class=\"row medium-uncollapsed content-media content-photo\" data-block-type=\"backstage-photo\" data-block-id=\"1\">\n<div class=\" mc-column  content-media__container\">\n<div class=\"content-media-container glb-skeleton-box\">\n<figure class=\"content-media-figure\"><img class=\"i-amphtml-fill-content i-amphtml-replaced-content\" src=\"https:\/\/s2.glbimg.com\/CVq8gaBbGJUHav9IhipNBykUL6Y=\/0x0:536x416\/984x0\/smart\/filters:strip_icc()\/i.s3.glbimg.com\/v1\/AUTH_59edd422c0c84a879bd37670ae4f538a\/internal_photos\/bs\/2021\/d\/S\/m8vaTUR86CQip9i9iBpQ\/ilona.jpg\" sizes=\"(max-width: 1707px) 648px, 100vw\" srcset=\"https:\/\/s2.glbimg.com\/AFw0LSBHa7EhICN_1kkIZFxzNIQ=\/0x0:536x416\/1000x0\/smart\/filters:strip_icc()\/i.s3.glbimg.com\/v1\/AUTH_59edd422c0c84a879bd37670ae4f538a\/internal_photos\/bs\/2021\/d\/S\/m8vaTUR86CQip9i9iBpQ\/ilona.jpg 1000w, https:\/\/s2.glbimg.com\/CVq8gaBbGJUHav9IhipNBykUL6Y=\/0x0:536x416\/984x0\/smart\/filters:strip_icc()\/i.s3.glbimg.com\/v1\/AUTH_59edd422c0c84a879bd37670ae4f538a\/internal_photos\/bs\/2021\/d\/S\/m8vaTUR86CQip9i9iBpQ\/ilona.jpg 984w, https:\/\/s2.glbimg.com\/lIaVlROSUHsEQcphOjBlfCpFmmU=\/0x0:536x416\/640x0\/smart\/filters:strip_icc()\/i.s3.glbimg.com\/v1\/AUTH_59edd422c0c84a879bd37670ae4f538a\/internal_photos\/bs\/2021\/d\/S\/m8vaTUR86CQip9i9iBpQ\/ilona.jpg 640w, https:\/\/s2.glbimg.com\/d6ncylDcQiod6F9Cp1IZlu6MMEw=\/0x0:536x416\/600x0\/smart\/filters:strip_icc()\/i.s3.glbimg.com\/v1\/AUTH_59edd422c0c84a879bd37670ae4f538a\/internal_photos\/bs\/2021\/d\/S\/m8vaTUR86CQip9i9iBpQ\/ilona.jpg 600w\" alt=\"Desembargadora Ilona Marcia Reis, investigada na Opera\u00e7\u00e3o Faroeste \u2014 Foto: Arquivo pessoal\" \/><\/figure>\n<\/div>\n<p class=\"content-media__description  \">Desembargadora Ilona Marcia Reis, investigada na Opera\u00e7\u00e3o Faroeste \u2014 Foto: Arquivo pessoal<\/p>\n<\/div>\n<\/div>\n<\/div>\n<div id=\"chunk-bdnij\">\n<div class=\"mc-column content-text active-extra-styles \" data-block-type=\"unstyled\" data-block-weight=\"49\" data-block-id=\"3\">\n<p class=\"content-text__container \" data-track-category=\"Link no Texto\" data-track-links=\"\">O Supremo Tribunal de Justi\u00e7a (STJ) impediu a concess\u00e3o da aposentadoria volunt\u00e1ria \u00e0 desembargadora do Tribunal de Justi\u00e7a da Bahia (TJBA) Ilona M\u00e1rcia Reis, afastada do cargo por suspeita de corrup\u00e7\u00e3o, lavagem de capitais e participa\u00e7\u00e3o em organiza\u00e7\u00e3o criminosa. A informa\u00e7\u00e3o foi divulgada pelo STJ nesta quinta-feira (20).<\/p>\n<\/div>\n<\/div>\n<div class=\"wall protected-content\">\n<div id=\"chunk-5bcrq\">\n<div class=\"mc-column content-text active-extra-styles \" data-block-type=\"unstyled\" data-block-weight=\"37\" data-block-id=\"5\">\n<p class=\"content-text__container \" data-track-category=\"Link no Texto\" data-track-links=\"\">A desembargadora \u00e9 alvo na Opera\u00e7\u00e3o Faroeste, iniciada em 2019, que apura um suposto esquema de venda de senten\u00e7as, envolvendo grilagem de terras no oeste da Bahia. Al\u00e9m dela, outros advogados, ju\u00edzes e desembargadores s\u00e3o investigados.<\/p>\n<\/div>\n<\/div>\n<div id=\"chunk-df8br\">\n<div class=\"content-ads content-ads--reveal\" data-block-type=\"ads\" data-block-id=\"6\">\n<div id=\"banner_materia2\" class=\"tag-manager-publicidade-container mc-has-reveal mc-has-ad-lazyload tag-manager-publicidade-banner_materia2 tag-manager-publicidade-container--carregado tag-manager-publicidade-container--visivel\" data-id=\"banner_materia2\" data-google-query-id=\"CJvlgPaSu_4CFeFQuAQdkh0D3g\">\n<div id=\"google_ads_iframe_\/95377733\/tvg_G1\/Sua_Regiao&gt;Nordeste&gt;Bahia_3__container__\" style=\"box-sizing: inherit; margin: auto; padding: 0px; border: 0pt none; font: inherit; vertical-align: initial; max-width: 100%; text-align: center; width: 970px; height: 150px;\">Ilona M\u00e1rcia foi presa durante as investiga\u00e7\u00f5es e teve a pris\u00e3o mantida em 2021, quando o <a class=\"\" href=\"https:\/\/g1.globo.com\/ba\/bahia\/noticia\/2021\/06\/14\/agricultor-que-denunciou-esquema-de-grilagem-investigado-pela-operacao-faroeste-e-assassinado-em-barreiras-oeste-da-ba.ghtml\">agricultor, que denunciou o esquema,\u00a0<\/a>foi morto em Barreiras, no oeste da Bahia. Em 2022, a suspens\u00e3o tempor\u00e1ria do cargo da magistrada foi\u00a0<a class=\"\" href=\"https:\/\/g1.globo.com\/ba\/bahia\/noticia\/2022\/02\/03\/operacao-faroeste-stj-prorroga-por-mais-um-ano-afastamento-de-magistrados-investigados.ghtml\">mantida pela Justi\u00e7a e prorrogado at\u00e9 2024<\/a>. De acordo com o STJ, a desembargadora solicitou a aposentadoria volunt\u00e1ria por alegar uma poss\u00edvel &#8220;usurpa\u00e7\u00e3o da compet\u00eancia do TJBA para deliberar sobre o pedido de aposentadoria&#8221;. O ministro Og Fernandes, respons\u00e1vel pelo caso, informou que permitir a aposentadoria volunt\u00e1ria de um suspeito de crimes graves significaria &#8220;premi\u00e1-lo pela conduta altamente repreens\u00edvel&#8221;. Ainda segundo o ministro, a situa\u00e7\u00e3o iria gerar um sentimento de impunidade e injusti\u00e7a.<\/div>\n<\/div>\n<\/div>\n<\/div>\n<div class=\"mc-column content-text active-extra-styles\" data-block-type=\"raw\" data-block-weight=\"2\" data-block-id=\"10\">\n<p class=\"content-text__container\">\n<div class=\"content-intertitle\">\n<h2>Opera\u00e7\u00e3o Faroeste<\/h2>\n<\/div>\n<p>&nbsp;<\/p>\n<\/div>\n<div id=\"chunk-for8e\">\n<div class=\"row medium-uncollapsed content-media content-photo\" data-block-type=\"backstage-photo\" data-block-id=\"11\">\n<div class=\" mc-column  content-media__container\">\n<div class=\"content-media-container glb-skeleton-box\">\n<figure class=\"content-media-figure\"><img class=\"i-amphtml-fill-content i-amphtml-replaced-content\" src=\"https:\/\/s2.glbimg.com\/XdH-afiv6mGtL4552t6dFp1Czdk=\/0x0:1599x1200\/984x0\/smart\/filters:strip_icc()\/i.s3.glbimg.com\/v1\/AUTH_59edd422c0c84a879bd37670ae4f538a\/internal_photos\/bs\/2019\/h\/F\/LByQ0PTP2wTb8BukAluw\/whatsapp-image-2019-10-16-at-11.25.20.jpeg\" sizes=\"(max-width: 1707px) 648px, 100vw\" srcset=\"https:\/\/s2.glbimg.com\/8L-4GhDG0y8udbQH6JuMHFhlHUA=\/0x0:1599x1200\/1000x0\/smart\/filters:strip_icc()\/i.s3.glbimg.com\/v1\/AUTH_59edd422c0c84a879bd37670ae4f538a\/internal_photos\/bs\/2019\/h\/F\/LByQ0PTP2wTb8BukAluw\/whatsapp-image-2019-10-16-at-11.25.20.jpeg 1000w, https:\/\/s2.glbimg.com\/XdH-afiv6mGtL4552t6dFp1Czdk=\/0x0:1599x1200\/984x0\/smart\/filters:strip_icc()\/i.s3.glbimg.com\/v1\/AUTH_59edd422c0c84a879bd37670ae4f538a\/internal_photos\/bs\/2019\/h\/F\/LByQ0PTP2wTb8BukAluw\/whatsapp-image-2019-10-16-at-11.25.20.jpeg 984w, https:\/\/s2.glbimg.com\/GJSNbjiimiR8cFKcp3fcYYZcQNM=\/0x0:1599x1200\/640x0\/smart\/filters:strip_icc()\/i.s3.glbimg.com\/v1\/AUTH_59edd422c0c84a879bd37670ae4f538a\/internal_photos\/bs\/2019\/h\/F\/LByQ0PTP2wTb8BukAluw\/whatsapp-image-2019-10-16-at-11.25.20.jpeg 640w, https:\/\/s2.glbimg.com\/gKrFSB22YrGFAJZajEQqT-DMnz8=\/0x0:1599x1200\/600x0\/smart\/filters:strip_icc()\/i.s3.glbimg.com\/v1\/AUTH_59edd422c0c84a879bd37670ae4f538a\/internal_photos\/bs\/2019\/h\/F\/LByQ0PTP2wTb8BukAluw\/whatsapp-image-2019-10-16-at-11.25.20.jpeg 600w\" alt=\"Sede do Tribunal de Justi\u00e7a da Bahia (TJ-BA), em Salvador  \u2014 Foto: Alan Oliveira\/G1\" \/><\/figure>\n<\/div>\n<p class=\"content-media__description  \">Sede do Tribunal de Justi\u00e7a da Bahia (TJ-BA), em Salvador \u2014 Foto: Alan Oliveira\/G1<\/p>\n<\/div>\n<\/div>\n<\/div>\n<div id=\"chunk-43lrr\">\n<div class=\"content-ads content-ads--reveal\" data-block-type=\"ads\" data-block-id=\"12\">\n<div id=\"banner_materia__fc8bf599-4bbe-4652-82c4-64d5a426424d\" class=\"tag-manager-publicidade-container mc-has-reveal mc-has-ad-lazyload tag-manager-publicidade-banner_materia__fc8bf599-4bbe-4652-82c4-64d5a426424d tag-manager-publicidade-container--carregado tag-manager-publicidade-container--visivel\" data-id=\"banner_materia__fc8bf599-4bbe-4652-82c4-64d5a426424d\" data-google-query-id=\"CMzKh_aSu_4CFdRPuAQd8ToMJQ\">\n<div id=\"google_ads_iframe_\/95377733\/tvg_G1\/Sua_Regiao&gt;Nordeste&gt;Bahia_4__container__\" style=\"box-sizing: inherit; margin: auto; padding: 0px; border: 0pt none; font: inherit; vertical-align: initial; max-width: 100%; text-align: center; width: 970px; height: 150px;\"><iframe id=\"google_ads_iframe_\/95377733\/tvg_G1\/Sua_Regiao&gt;Nordeste&gt;Bahia_4\" style=\"box-sizing: inherit; margin: 0px; padding: 0px; border: 0px; font: inherit; vertical-align: bottom;\" tabindex=\"0\" title=\"3rd party ad content\" role=\"region\" name=\"google_ads_iframe_\/95377733\/tvg_G1\/Sua_Regiao&gt;Nordeste&gt;Bahia_4\" width=\"970\" height=\"150\" frameborder=\"0\" marginwidth=\"0\" marginheight=\"0\" scrolling=\"no\" aria-label=\"Advertisement\" data-load-complete=\"true\" data-google-container-id=\"6\" data-mce-fragment=\"1\"><\/iframe><\/div>\n<\/div>\n<\/div>\n<\/div>\n<div id=\"chunk-ehfjh\">\n<div class=\"mc-column content-text active-extra-styles \" data-block-type=\"unstyled\" data-block-weight=\"47\" data-block-id=\"13\">\n<p class=\"content-text__container \" data-track-category=\"Link no Texto\" data-track-links=\"\">A Opera\u00e7\u00e3o Faroeste\u00a0<a class=\"\" href=\"https:\/\/g1.globo.com\/ba\/bahia\/noticia\/2019\/11\/19\/pf-deflagra-operacao-contra-suposto-esquema-para-venda-de-decisoes-judiciais-na-ba-juizes-e-desembargadores-sao-alvos.ghtml\">come\u00e7ou no final de 2019<\/a>, com a pris\u00e3o de quatro advogados, o cumprimento de 40 mandados de busca e apreens\u00e3o e o afastamento dos seis magistrados \u2013 entre eles o presidente do TJ-BA da \u00e9poca. Desde ent\u00e3o, v\u00e1rias pris\u00f5es e movimenta\u00e7\u00f5es no caso ocorreram.<\/p>\n<\/div>\n<\/div>\n<div id=\"chunk-cn05s\">\n<div class=\"mc-column content-text active-extra-styles \" data-block-type=\"unstyled\" data-block-weight=\"37\" data-block-id=\"14\">\n<p class=\"content-text__container \" data-track-category=\"Link no Texto\" data-track-links=\"\">As investiga\u00e7\u00f5es da Pol\u00edcia Federal apontam a exist\u00eancia de um esquema de venda de decis\u00f5es judiciais por ju\u00edzes e desembargadores da Bahia, com a participa\u00e7\u00e3o de membros de outros poderes, que operavam a blindagem institucional da fraude.<\/p>\n<\/div>\n<\/div>\n<div id=\"chunk-92smk\">\n<div class=\"mc-column content-text active-extra-styles \" data-block-type=\"unstyled\" data-block-weight=\"29\" data-block-id=\"15\">\n<p class=\"content-text__container \" data-track-category=\"Link no Texto\" data-track-links=\"\">O esquema supostamente consistia na legaliza\u00e7\u00e3o de terras griladas no oeste do estado. A organiza\u00e7\u00e3o criminosa investigada contava ainda com laranjas e empresas para dissimular os benef\u00edcios obtidos ilicitamente.<\/p>\n<\/div>\n<\/div>\n<div id=\"chunk-55cje\">\n<div class=\"mc-column content-text active-extra-styles \" data-block-type=\"unstyled\" data-block-weight=\"27\" data-block-id=\"16\">\n<p class=\"content-text__container \" data-track-category=\"Link no Texto\" data-track-links=\"\">H\u00e1 suspeitas de que a \u00e1rea objeto de grilagem supere os 360 mil hectares e de que o grupo envolvido na din\u00e2mica il\u00edcita tenha movimentado cifras bilion\u00e1rias.<\/p>\n<\/div>\n<\/div>\n<div id=\"chunk-17q3g\">\n<div class=\"mc-column content-text active-extra-styles \" data-block-type=\"unstyled\" data-block-weight=\"25\" data-block-id=\"17\">\n<p class=\"content-text__container \" data-track-category=\"Link no Texto\" data-track-links=\"\">A Pol\u00edcia Federal informou que o grupo \u00e9 suspeito de corrup\u00e7\u00e3o ativa e passiva, lavagem de ativos, evas\u00e3o de divisas, organiza\u00e7\u00e3o criminosa e tr\u00e1fico influ\u00eancia.<\/p>\n<\/div>\n<\/div>\n<div id=\"chunk-6rrbb\">\n<div class=\"mc-column content-text active-extra-styles \" data-block-type=\"unstyled\" data-block-weight=\"9\" data-block-id=\"18\">\n<p class=\"content-text__container \" data-track-category=\"Link no Texto\" data-track-links=\"\"><strong>Ao longo das\u00a0<\/strong><a class=\"\" href=\"https:\/\/g1.globo.com\/politica\/noticia\/2020\/05\/06\/corte-especial-do-stj-torna-reus-4-desembargadores-e-3-juizes-por-venda-de-decisoes-no-tj-da-bahia.ghtml\"><strong>fases anteriores da opera\u00e7\u00e3o<\/strong><\/a><strong>\u00a0foram presos:<\/strong><\/p>\n<\/div>\n<\/div>\n<div class=\"mc-column content-text active-extra-styles\" data-block-type=\"raw\" data-block-weight=\"59\" data-block-id=\"19\">\n<p class=\"content-text__container\">\n<ul class=\"content-unordered-list\">\n<li>Maria do Socorro Barreto Santiago (desembargadora);<\/li>\n<li>S\u00e9rgio Humberto Sampaio (juiz de primeira inst\u00e2ncia);<\/li>\n<li>Adailton Maturino dos Santos (advogado que se apresenta como c\u00f4nsul da Guin\u00e9-Bissau no Brasil);<\/li>\n<li>Geciane Souza Maturino dos Santos (advogada e esposa de Adailton Maturino dos Santos);<\/li>\n<li>Ant\u00f4nio Roque do Nascimento Neves (advogado);<\/li>\n<li>M\u00e1rcio Duarte Miranda (advogado e genro da desembargadora Maria do Socorro Barreto Santiago).<\/li>\n<\/ul>\n<\/div>\n<\/div>\n<\/article>\n<\/div>\n","protected":false},"excerpt":{"rendered":"<p>Desembargadora Ilona Marcia Reis, investigada na Opera\u00e7\u00e3o Faroeste \u2014 Foto: Arquivo pessoal O Supremo Tribunal de Justi\u00e7a (STJ) impediu a concess\u00e3o da aposentadoria volunt\u00e1ria \u00e0 desembargadora do Tribunal de Justi\u00e7a da Bahia (TJBA) Ilona M\u00e1rcia Reis, afastada do cargo por suspeita de corrup\u00e7\u00e3o, lavagem de capitais e participa\u00e7\u00e3o em organiza\u00e7\u00e3o criminosa. A informa\u00e7\u00e3o foi divulgada [&hellip;]<\/p>\n","protected":false},"author":2,"featured_media":0,"comment_status":"open","ping_status":"open","sticky":false,"template":"","format":"standard","meta":{"_links_to":"","_links_to_target":""},"categories":[7,9,8,1],"tags":[],"_links":{"self":[{"href":"https:\/\/www.ilheusnoticias.net.br\/v1\/wp-json\/wp\/v2\/posts\/31641"}],"collection":[{"href":"https:\/\/www.ilheusnoticias.net.br\/v1\/wp-json\/wp\/v2\/posts"}],"about":[{"href":"https:\/\/www.ilheusnoticias.net.br\/v1\/wp-json\/wp\/v2\/types\/post"}],"author":[{"embeddable":true,"href":"https:\/\/www.ilheusnoticias.net.br\/v1\/wp-json\/wp\/v2\/users\/2"}],"replies":[{"embeddable":true,"href":"https:\/\/www.ilheusnoticias.net.br\/v1\/wp-json\/wp\/v2\/comments?post=31641"}],"version-history":[{"count":1,"href":"https:\/\/www.ilheusnoticias.net.br\/v1\/wp-json\/wp\/v2\/posts\/31641\/revisions"}],"predecessor-version":[{"id":31642,"href":"https:\/\/www.ilheusnoticias.net.br\/v1\/wp-json\/wp\/v2\/posts\/31641\/revisions\/31642"}],"wp:attachment":[{"href":"https:\/\/www.ilheusnoticias.net.br\/v1\/wp-json\/wp\/v2\/media?parent=31641"}],"wp:term":[{"taxonomy":"category","embeddable":true,"href":"https:\/\/www.ilheusnoticias.net.br\/v1\/wp-json\/wp\/v2\/categories?post=31641"},{"taxonomy":"post_tag","embeddable":true,"href":"https:\/\/www.ilheusnoticias.net.br\/v1\/wp-json\/wp\/v2\/tags?post=31641"}],"curies":[{"name":"wp","href":"https:\/\/api.w.org\/{rel}","templated":true}]}}