{"id":31639,"date":"2023-04-21T11:06:02","date_gmt":"2023-04-21T14:06:02","guid":{"rendered":"https:\/\/www.ilheusnoticias.net.br\/v1\/?p=31639"},"modified":"2023-04-21T11:06:02","modified_gmt":"2023-04-21T14:06:02","slug":"ilheus-registra-alagamentos-por-causa-da-forte-chuva-arvore-caiu-e-interditou-parte-da-br-415","status":"publish","type":"post","link":"https:\/\/www.ilheusnoticias.net.br\/v1\/2023\/04\/21\/ilheus-registra-alagamentos-por-causa-da-forte-chuva-arvore-caiu-e-interditou-parte-da-br-415\/","title":{"rendered":"Ilh\u00e9us registra alagamentos por causa da forte chuva; \u00e1rvore caiu e interditou parte da BR-415"},"content":{"rendered":"<div class=\"row content-head non-featured \">\n<div class=\"title\" data-block-type=\"title\" data-block-id=\"0\"><\/div>\n<\/div>\n<div class=\"content__signa-share\">\n<div class=\"content__signature\">\n<div class=\"content-publication-data\">\n<div class=\"content-publication-data__text\">\n<p class=\"content-publication-data__updated\"><img class=\"content-video__placeholder__thumb\" title=\"Chuva provoca alagamentos no munic\u00edpio de Ilh\u00e9us, no sul da Bahia\" src=\"https:\/\/s02.video.glbimg.com\/x240\/11553525.jpg\" alt=\"Chuva provoca alagamentos no munic\u00edpio de Ilh\u00e9us, no sul da Bahia\" \/><\/p>\n<\/div>\n<\/div>\n<\/div>\n<\/div>\n<div class=\"mc-article-body\">\n<article>\n<div id=\"chunk-4dsql\">\n<div class=\"bs-video-block mc-column  content-media content-video\" data-block-type=\"backstage-video\" data-block-id=\"1\">\n<div class=\"content-media__container\">\n<div class=\"content-video__bigger-player-description-fixer\">\n<article class=\"content-video\">\n<section class=\"content-video__video-container\">\n<div class=\"content-video__video\">\n<div id=\"wp3-player-2\" class=\"clappr-player\" tabindex=\"9999\" data-player=\"\">\n<div class=\"dfp-ad-overlay dfp-ad-overlay--poster-mode\">\n<div>Chuva provoca alagamentos no munic\u00edpio de Ilh\u00e9us.<\/div>\n<\/div>\n<\/div>\n<\/div>\n<\/section>\n<\/article>\n<\/div>\n<\/div>\n<\/div>\n<\/div>\n<div id=\"chunk-9jnoc\">\n<div class=\"mc-column content-text active-extra-styles \" data-block-type=\"unstyled\" data-block-weight=\"47\" data-block-id=\"3\">\n<p class=\"content-text__container \" data-track-category=\"Link no Texto\" data-track-links=\"\">A cidade de\u00a0<a class=\"\" href=\"https:\/\/g1.globo.com\/ba\/bahia\/cidade\/ilheus\/\">Ilh\u00e9us<\/a>,\u00a0 registra alagamentos nesta sexta-feira (21), por causa da forte chuva que atinge o munic\u00edpio desde quinta (20). Durante a madrugada, a prefeitura do munic\u00edpio registrou casos de deslizamento de terra e queda de \u00e1rvore. N\u00e3o h\u00e1 informa\u00e7\u00f5es sobre feridos.<\/p>\n<\/div>\n<\/div>\n<div class=\"wall protected-content\">\n<div id=\"chunk-bevrc\">\n<div class=\"mc-column content-text active-extra-styles \" data-block-type=\"unstyled\" data-block-weight=\"47\" data-block-id=\"4\">\n<p class=\"content-text__container \" data-track-category=\"Link no Texto\" data-track-links=\"\">A \u00e1rvore que caiu fica na BR-415, pr\u00f3ximo da zona urbana de Ilh\u00e9us, que teve uma das pistas interditada. A situa\u00e7\u00e3o causou um longo engarrafamento, que foi amenizado ap\u00f3s o motorista de um carro descer do ve\u00edculo e cortar parte do tronco, que estava na pista.<\/p>\n<\/div>\n<\/div>\n<div id=\"chunk-90ale\">\n<div class=\"row medium-uncollapsed content-media content-photo\" data-block-type=\"backstage-photo\" data-block-id=\"5\">\n<div class=\" mc-column  content-media__container\">\n<div class=\"content-media-container glb-skeleton-box\">\n<figure class=\"content-media-figure\"><img class=\"i-amphtml-fill-content i-amphtml-replaced-content\" src=\"https:\/\/s2.glbimg.com\/JTZzD0ZpVuziMUYNsijgC8aSL3I=\/0x0:795x463\/984x0\/smart\/filters:strip_icc()\/i.s3.glbimg.com\/v1\/AUTH_59edd422c0c84a879bd37670ae4f538a\/internal_photos\/bs\/2023\/1\/h\/A0BdneRiuGf50Ded58dw\/thumbnail-image-12-.png\" sizes=\"(max-width: 1707px) 648px, 100vw\" srcset=\"https:\/\/s2.glbimg.com\/CdWmE55YlkPJo0_188Hvph_rUgQ=\/0x0:795x463\/1000x0\/smart\/filters:strip_icc()\/i.s3.glbimg.com\/v1\/AUTH_59edd422c0c84a879bd37670ae4f538a\/internal_photos\/bs\/2023\/1\/h\/A0BdneRiuGf50Ded58dw\/thumbnail-image-12-.png 1000w, https:\/\/s2.glbimg.com\/JTZzD0ZpVuziMUYNsijgC8aSL3I=\/0x0:795x463\/984x0\/smart\/filters:strip_icc()\/i.s3.glbimg.com\/v1\/AUTH_59edd422c0c84a879bd37670ae4f538a\/internal_photos\/bs\/2023\/1\/h\/A0BdneRiuGf50Ded58dw\/thumbnail-image-12-.png 984w, https:\/\/s2.glbimg.com\/enOdVF-G1FFVxlMSJpTlsiwRAk8=\/0x0:795x463\/640x0\/smart\/filters:strip_icc()\/i.s3.glbimg.com\/v1\/AUTH_59edd422c0c84a879bd37670ae4f538a\/internal_photos\/bs\/2023\/1\/h\/A0BdneRiuGf50Ded58dw\/thumbnail-image-12-.png 640w, https:\/\/s2.glbimg.com\/PdeuJld9nIbaPkI-9ynwFMKIuis=\/0x0:795x463\/600x0\/smart\/filters:strip_icc()\/i.s3.glbimg.com\/v1\/AUTH_59edd422c0c84a879bd37670ae4f538a\/internal_photos\/bs\/2023\/1\/h\/A0BdneRiuGf50Ded58dw\/thumbnail-image-12-.png 600w\" alt=\"Ilh\u00e9us registra alagamentos por causa da forte chuva  \u2014 Foto: Reprodu\u00e7\u00e3o\/TV Bahia\" \/><\/figure>\n<\/div>\n<p class=\"content-media__description  \">Ilh\u00e9us registra alagamentos por causa da forte chuva \u2014 Foto: Reprodu\u00e7\u00e3o\/TV Bahia<\/p>\n<\/div>\n<\/div>\n<\/div>\n<div id=\"chunk-bn3bp\">\n<div class=\"mc-column content-text active-extra-styles \" data-block-type=\"unstyled\" data-block-weight=\"24\" data-block-id=\"7\">\n<p class=\"content-text__container \" data-track-category=\"Link no Texto\" data-track-links=\"\">Por causa dos alagamentos, carros que trafegavam na regi\u00e3o do Beco da Vit\u00f3ria, em\u00a0<a class=\"\" href=\"https:\/\/g1.globo.com\/ba\/bahia\/cidade\/itabuna\/\">Itabuna<\/a>, pr\u00f3ximo do Centro de Ilh\u00e9us, precisaram andar na contram\u00e3o.<\/p>\n<\/div>\n<\/div>\n<div id=\"chunk-7jl4s\">\n<div class=\"mc-column content-text active-extra-styles \" data-block-type=\"unstyled\" data-block-weight=\"35\" data-block-id=\"8\">\n<p class=\"content-text__container \" data-track-category=\"Link no Texto\" data-track-links=\"\">De acordo com o Instituto Nacional de Meteorologia (Inmet), a previs\u00e3o \u00e9 de que a chuva persista em Ilh\u00e9us durante todo o dia. O munic\u00edpio deve registrar um volume entre 30 mm e 60 mm.<\/p>\n<\/div>\n<\/div>\n<div id=\"chunk-7qct3\">\n<div class=\"mc-column content-text active-extra-styles \" data-block-type=\"unstyled\" data-block-weight=\"29\" data-block-id=\"9\">\n<p class=\"content-text__container \" data-track-category=\"Link no Texto\" data-track-links=\"\">Ainda segundo o Inmet, a previs\u00e3o \u00e9 de que a chuva permane\u00e7a em Ilh\u00e9us ao menos at\u00e9 ter\u00e7a-feira (25). Neste per\u00edodo, as temperaturas devem variar entre 20\u00b0C e 28\u00b0C.<\/p>\n<\/div>\n<\/div>\n<div id=\"chunk-3mvei\">\n<div class=\"row medium-uncollapsed content-media content-photo\" data-block-type=\"backstage-photo\" data-block-id=\"10\">\n<div class=\" mc-column  content-media__container\">\n<div class=\"content-media-container glb-skeleton-box\">\n<figure class=\"content-media-figure\"><img class=\"i-amphtml-fill-content i-amphtml-replaced-content\" src=\"https:\/\/s2.glbimg.com\/uXITfZ2Vvf4470pifCEXDO3GEm4=\/0x0:781x471\/984x0\/smart\/filters:strip_icc()\/i.s3.glbimg.com\/v1\/AUTH_59edd422c0c84a879bd37670ae4f538a\/internal_photos\/bs\/2023\/1\/6\/ZWfgDZTFS7Le7unVO2vQ\/thumbnail-image-11-.png\" sizes=\"(max-width: 1707px) 648px, 100vw\" srcset=\"https:\/\/s2.glbimg.com\/xCNfdQKDCZQugXcFktJl_E8Zz7Q=\/0x0:781x471\/1000x0\/smart\/filters:strip_icc()\/i.s3.glbimg.com\/v1\/AUTH_59edd422c0c84a879bd37670ae4f538a\/internal_photos\/bs\/2023\/1\/6\/ZWfgDZTFS7Le7unVO2vQ\/thumbnail-image-11-.png 1000w, https:\/\/s2.glbimg.com\/uXITfZ2Vvf4470pifCEXDO3GEm4=\/0x0:781x471\/984x0\/smart\/filters:strip_icc()\/i.s3.glbimg.com\/v1\/AUTH_59edd422c0c84a879bd37670ae4f538a\/internal_photos\/bs\/2023\/1\/6\/ZWfgDZTFS7Le7unVO2vQ\/thumbnail-image-11-.png 984w, https:\/\/s2.glbimg.com\/mZld3pGUPSsLMhDKc9P2R5aKRsg=\/0x0:781x471\/640x0\/smart\/filters:strip_icc()\/i.s3.glbimg.com\/v1\/AUTH_59edd422c0c84a879bd37670ae4f538a\/internal_photos\/bs\/2023\/1\/6\/ZWfgDZTFS7Le7unVO2vQ\/thumbnail-image-11-.png 640w, https:\/\/s2.glbimg.com\/kji7reArPCdtTzINgQxzfnqPyZU=\/0x0:781x471\/600x0\/smart\/filters:strip_icc()\/i.s3.glbimg.com\/v1\/AUTH_59edd422c0c84a879bd37670ae4f538a\/internal_photos\/bs\/2023\/1\/6\/ZWfgDZTFS7Le7unVO2vQ\/thumbnail-image-11-.png 600w\" alt=\"Ilh\u00e9us registra alagamentos por causa da forte chuva  \u2014 Foto: Reprodu\u00e7\u00e3o\/TV Bahia\" \/><\/figure>\n<\/div>\n<p class=\"content-media__description  \">Ilh\u00e9us registra alagamentos por causa da forte chuva \u2014 Foto: Reprodu\u00e7\u00e3o\/TV Bahia<\/p>\n<\/div>\n<\/div>\n<\/div>\n<div id=\"chunk-d62bm\">\n<div class=\"row medium-uncollapsed content-media content-photo\" data-block-type=\"backstage-photo\" data-block-id=\"11\">\n<div class=\" mc-column  content-media__container\">\n<div class=\"content-media-container glb-skeleton-box\">\n<figure class=\"content-media-figure\"><img class=\"i-amphtml-fill-content i-amphtml-replaced-content\" src=\"https:\/\/s2.glbimg.com\/rjEJ5BEk02mygF2YhYlfsD338ck=\/0x0:787x464\/984x0\/smart\/filters:strip_icc()\/i.s3.glbimg.com\/v1\/AUTH_59edd422c0c84a879bd37670ae4f538a\/internal_photos\/bs\/2023\/O\/H\/KnWw08Qzil85PvsHGaQw\/thumbnail-image-13-.png\" sizes=\"(max-width: 1707px) 648px, 100vw\" srcset=\"https:\/\/s2.glbimg.com\/hMLU0sjyFBoX9CouTQ_dq9lqtF4=\/0x0:787x464\/1000x0\/smart\/filters:strip_icc()\/i.s3.glbimg.com\/v1\/AUTH_59edd422c0c84a879bd37670ae4f538a\/internal_photos\/bs\/2023\/O\/H\/KnWw08Qzil85PvsHGaQw\/thumbnail-image-13-.png 1000w, https:\/\/s2.glbimg.com\/rjEJ5BEk02mygF2YhYlfsD338ck=\/0x0:787x464\/984x0\/smart\/filters:strip_icc()\/i.s3.glbimg.com\/v1\/AUTH_59edd422c0c84a879bd37670ae4f538a\/internal_photos\/bs\/2023\/O\/H\/KnWw08Qzil85PvsHGaQw\/thumbnail-image-13-.png 984w, https:\/\/s2.glbimg.com\/TtUL71RNHua3ycWYYrJek1h0sQQ=\/0x0:787x464\/640x0\/smart\/filters:strip_icc()\/i.s3.glbimg.com\/v1\/AUTH_59edd422c0c84a879bd37670ae4f538a\/internal_photos\/bs\/2023\/O\/H\/KnWw08Qzil85PvsHGaQw\/thumbnail-image-13-.png 640w, https:\/\/s2.glbimg.com\/4uR7IO7rDpkZ50GQivVmDyOvpWY=\/0x0:787x464\/600x0\/smart\/filters:strip_icc()\/i.s3.glbimg.com\/v1\/AUTH_59edd422c0c84a879bd37670ae4f538a\/internal_photos\/bs\/2023\/O\/H\/KnWw08Qzil85PvsHGaQw\/thumbnail-image-13-.png 600w\" alt=\"Ilh\u00e9us registra alagamentos por causa da forte chuva \u2014 Foto: Reprodu\u00e7\u00e3o\/TV Bahia\" \/><\/figure>\n<\/div>\n<p class=\"content-media__description  \">Ilh\u00e9us registra alagamentos por causa da forte chuva \u2014 Foto: Reprodu\u00e7\u00e3o\/TV Bahia<\/p>\n<\/div>\n<\/div>\n<\/div>\n<div id=\"chunk-antde\">\n<div class=\"row medium-uncollapsed content-media content-photo\" data-block-type=\"backstage-photo\" data-block-id=\"13\">\n<div class=\" mc-column  content-media__container\">\n<div class=\"content-media-container glb-skeleton-box\">\n<figure class=\"content-media-figure\"><img class=\"i-amphtml-fill-content i-amphtml-replaced-content\" src=\"https:\/\/s2.glbimg.com\/oh5G1dgQ95zqYOWV49zRZUMc08A=\/0x0:794x460\/984x0\/smart\/filters:strip_icc()\/i.s3.glbimg.com\/v1\/AUTH_59edd422c0c84a879bd37670ae4f538a\/internal_photos\/bs\/2023\/v\/4\/9UhzjwRLq5gwHX31HrGA\/thumbnail-image-14-.png\" sizes=\"(max-width: 1707px) 648px, 100vw\" srcset=\"https:\/\/s2.glbimg.com\/lyZ7ThtK4_Poe_H-RZlrjYauQQg=\/0x0:794x460\/1000x0\/smart\/filters:strip_icc()\/i.s3.glbimg.com\/v1\/AUTH_59edd422c0c84a879bd37670ae4f538a\/internal_photos\/bs\/2023\/v\/4\/9UhzjwRLq5gwHX31HrGA\/thumbnail-image-14-.png 1000w, https:\/\/s2.glbimg.com\/oh5G1dgQ95zqYOWV49zRZUMc08A=\/0x0:794x460\/984x0\/smart\/filters:strip_icc()\/i.s3.glbimg.com\/v1\/AUTH_59edd422c0c84a879bd37670ae4f538a\/internal_photos\/bs\/2023\/v\/4\/9UhzjwRLq5gwHX31HrGA\/thumbnail-image-14-.png 984w, https:\/\/s2.glbimg.com\/ynunIZbF0p1xlIUnWmqg049zEgc=\/0x0:794x460\/640x0\/smart\/filters:strip_icc()\/i.s3.glbimg.com\/v1\/AUTH_59edd422c0c84a879bd37670ae4f538a\/internal_photos\/bs\/2023\/v\/4\/9UhzjwRLq5gwHX31HrGA\/thumbnail-image-14-.png 640w, https:\/\/s2.glbimg.com\/4pUV2LT3B05oomE-oGBWIoSE7bg=\/0x0:794x460\/600x0\/smart\/filters:strip_icc()\/i.s3.glbimg.com\/v1\/AUTH_59edd422c0c84a879bd37670ae4f538a\/internal_photos\/bs\/2023\/v\/4\/9UhzjwRLq5gwHX31HrGA\/thumbnail-image-14-.png 600w\" alt=\"Ilh\u00e9us registra alagamentos por causa da forte chuva  \u2014 Foto: Reprodu\u00e7\u00e3o\/TV Bahia\" \/><\/figure>\n<\/div>\n<p class=\"content-media__description  \">Ilh\u00e9us registra alagamentos por causa da forte chuva \u2014 Foto: Reprodu\u00e7\u00e3o\/TV Bahia<\/p>\n<\/div>\n<\/div>\n<\/div>\n<div id=\"chunk-31l5j\">\n<div class=\"row medium-uncollapsed content-media content-photo\" data-block-type=\"backstage-photo\" data-block-id=\"14\">\n<div class=\" mc-column  content-media__container\">\n<div class=\"content-media-container glb-skeleton-box\">\n<figure class=\"content-media-figure\"><img class=\"i-amphtml-fill-content i-amphtml-replaced-content\" src=\"https:\/\/s2.glbimg.com\/SBGuyABhnpYI-Bp4uWUmKfpTun0=\/0x0:1280x647\/984x0\/smart\/filters:strip_icc()\/i.s3.glbimg.com\/v1\/AUTH_59edd422c0c84a879bd37670ae4f538a\/internal_photos\/bs\/2023\/i\/N\/yA9aMNQbqywIALn2cC8g\/thumbnail-image-15-.png\" sizes=\"(max-width: 1707px) 648px, 100vw\" srcset=\"https:\/\/s2.glbimg.com\/Wkuo2bGVtuFiqc80XJWcGWXZIYo=\/0x0:1280x647\/1000x0\/smart\/filters:strip_icc()\/i.s3.glbimg.com\/v1\/AUTH_59edd422c0c84a879bd37670ae4f538a\/internal_photos\/bs\/2023\/i\/N\/yA9aMNQbqywIALn2cC8g\/thumbnail-image-15-.png 1000w, https:\/\/s2.glbimg.com\/SBGuyABhnpYI-Bp4uWUmKfpTun0=\/0x0:1280x647\/984x0\/smart\/filters:strip_icc()\/i.s3.glbimg.com\/v1\/AUTH_59edd422c0c84a879bd37670ae4f538a\/internal_photos\/bs\/2023\/i\/N\/yA9aMNQbqywIALn2cC8g\/thumbnail-image-15-.png 984w, https:\/\/s2.glbimg.com\/G7OSXJuqRcvpUhaez_oowt0YwJk=\/0x0:1280x647\/640x0\/smart\/filters:strip_icc()\/i.s3.glbimg.com\/v1\/AUTH_59edd422c0c84a879bd37670ae4f538a\/internal_photos\/bs\/2023\/i\/N\/yA9aMNQbqywIALn2cC8g\/thumbnail-image-15-.png 640w, https:\/\/s2.glbimg.com\/URHYQ4iKm5-5AvM9DUTQwo4Tmj4=\/0x0:1280x647\/600x0\/smart\/filters:strip_icc()\/i.s3.glbimg.com\/v1\/AUTH_59edd422c0c84a879bd37670ae4f538a\/internal_photos\/bs\/2023\/i\/N\/yA9aMNQbqywIALn2cC8g\/thumbnail-image-15-.png 600w\" alt=\"Ilh\u00e9us registra alagamentos por causa da forte chuva  \u2014 Foto: Reprodu\u00e7\u00e3o\/TV Bahia\" \/><\/figure>\n<\/div>\n<p class=\"content-media__description  \">Ilh\u00e9us registra alagamentos por causa da forte chuva \u2014 Foto: Reprodu\u00e7\u00e3o\/TV Bahia<img class=\"i-amphtml-fill-content i-amphtml-replaced-content\" style=\"font-family: inherit; font-size: inherit; font-style: inherit; font-variant-ligatures: inherit; font-variant-caps: inherit; font-weight: inherit; text-align: center;\" src=\"https:\/\/s2.glbimg.com\/e6QgdBPEtxGSk1WSrG6UAGwFH8o=\/0x0:1280x644\/984x0\/smart\/filters:strip_icc()\/i.s3.glbimg.com\/v1\/AUTH_59edd422c0c84a879bd37670ae4f538a\/internal_photos\/bs\/2023\/I\/N\/OvPtX9SKSrUj6vDAyT3Q\/thumbnail-image-16-.png\" sizes=\"(max-width: 1707px) 648px, 100vw\" srcset=\"https:\/\/s2.glbimg.com\/aWEfdaJwHZb_syFsH6tqJwWX7Tg=\/0x0:1280x644\/1000x0\/smart\/filters:strip_icc()\/i.s3.glbimg.com\/v1\/AUTH_59edd422c0c84a879bd37670ae4f538a\/internal_photos\/bs\/2023\/I\/N\/OvPtX9SKSrUj6vDAyT3Q\/thumbnail-image-16-.png 1000w, https:\/\/s2.glbimg.com\/e6QgdBPEtxGSk1WSrG6UAGwFH8o=\/0x0:1280x644\/984x0\/smart\/filters:strip_icc()\/i.s3.glbimg.com\/v1\/AUTH_59edd422c0c84a879bd37670ae4f538a\/internal_photos\/bs\/2023\/I\/N\/OvPtX9SKSrUj6vDAyT3Q\/thumbnail-image-16-.png 984w, https:\/\/s2.glbimg.com\/VlbaszZGpun_ofAhqIS0WBvHxfQ=\/0x0:1280x644\/640x0\/smart\/filters:strip_icc()\/i.s3.glbimg.com\/v1\/AUTH_59edd422c0c84a879bd37670ae4f538a\/internal_photos\/bs\/2023\/I\/N\/OvPtX9SKSrUj6vDAyT3Q\/thumbnail-image-16-.png 640w, https:\/\/s2.glbimg.com\/O1DW33WzBD-gzpfNRXhh1soo0LY=\/0x0:1280x644\/600x0\/smart\/filters:strip_icc()\/i.s3.glbimg.com\/v1\/AUTH_59edd422c0c84a879bd37670ae4f538a\/internal_photos\/bs\/2023\/I\/N\/OvPtX9SKSrUj6vDAyT3Q\/thumbnail-image-16-.png 600w\" alt=\"Ilh\u00e9us registra alagamentos por causa da forte chuva  \u2014 Foto: Reprodu\u00e7\u00e3o\/TV Bahia\" \/><\/p>\n<\/div>\n<\/div>\n<\/div>\n<div id=\"chunk-9ulrn\">\n<div class=\"row medium-uncollapsed content-media content-photo\" data-block-type=\"backstage-photo\" data-block-id=\"16\">\n<div class=\" mc-column  content-media__container\">\n<p class=\"content-media__description  \">Ilh\u00e9us registra alagamentos por causa da forte chuva \u2014 Foto: Reprodu\u00e7\u00e3o\/TV Bahia<\/p>\n<\/div>\n<\/div>\n<\/div>\n<\/div>\n<\/article>\n<\/div>\n","protected":false},"excerpt":{"rendered":"<p>Chuva provoca alagamentos no munic\u00edpio de Ilh\u00e9us. A cidade de\u00a0Ilh\u00e9us,\u00a0 registra alagamentos nesta sexta-feira (21), por causa da forte chuva que atinge o munic\u00edpio desde quinta (20). Durante a madrugada, a prefeitura do munic\u00edpio registrou casos de deslizamento de terra e queda de \u00e1rvore. N\u00e3o h\u00e1 informa\u00e7\u00f5es sobre feridos. A \u00e1rvore que caiu fica na [&hellip;]<\/p>\n","protected":false},"author":2,"featured_media":0,"comment_status":"open","ping_status":"open","sticky":false,"template":"","format":"standard","meta":{"_links_to":"","_links_to_target":""},"categories":[7,9,8,1],"tags":[],"_links":{"self":[{"href":"https:\/\/www.ilheusnoticias.net.br\/v1\/wp-json\/wp\/v2\/posts\/31639"}],"collection":[{"href":"https:\/\/www.ilheusnoticias.net.br\/v1\/wp-json\/wp\/v2\/posts"}],"about":[{"href":"https:\/\/www.ilheusnoticias.net.br\/v1\/wp-json\/wp\/v2\/types\/post"}],"author":[{"embeddable":true,"href":"https:\/\/www.ilheusnoticias.net.br\/v1\/wp-json\/wp\/v2\/users\/2"}],"replies":[{"embeddable":true,"href":"https:\/\/www.ilheusnoticias.net.br\/v1\/wp-json\/wp\/v2\/comments?post=31639"}],"version-history":[{"count":1,"href":"https:\/\/www.ilheusnoticias.net.br\/v1\/wp-json\/wp\/v2\/posts\/31639\/revisions"}],"predecessor-version":[{"id":31640,"href":"https:\/\/www.ilheusnoticias.net.br\/v1\/wp-json\/wp\/v2\/posts\/31639\/revisions\/31640"}],"wp:attachment":[{"href":"https:\/\/www.ilheusnoticias.net.br\/v1\/wp-json\/wp\/v2\/media?parent=31639"}],"wp:term":[{"taxonomy":"category","embeddable":true,"href":"https:\/\/www.ilheusnoticias.net.br\/v1\/wp-json\/wp\/v2\/categories?post=31639"},{"taxonomy":"post_tag","embeddable":true,"href":"https:\/\/www.ilheusnoticias.net.br\/v1\/wp-json\/wp\/v2\/tags?post=31639"}],"curies":[{"name":"wp","href":"https:\/\/api.w.org\/{rel}","templated":true}]}}