{"id":31633,"date":"2023-04-21T10:55:50","date_gmt":"2023-04-21T13:55:50","guid":{"rendered":"https:\/\/www.ilheusnoticias.net.br\/v1\/?p=31633"},"modified":"2023-04-21T10:55:50","modified_gmt":"2023-04-21T13:55:50","slug":"ministros-rui-costa-e-waldez-goes-e-governador-jeronimo-autorizam-construcao-de-696-casas-e-dois-parques-em-itabuna","status":"publish","type":"post","link":"https:\/\/www.ilheusnoticias.net.br\/v1\/2023\/04\/21\/ministros-rui-costa-e-waldez-goes-e-governador-jeronimo-autorizam-construcao-de-696-casas-e-dois-parques-em-itabuna\/","title":{"rendered":"Ministros Rui Costa e Waldez G\u00f3es e governador Jer\u00f4nimo autorizam constru\u00e7\u00e3o de 696 casas e dois parques em Itabuna"},"content":{"rendered":"<div class=\"Post\">\n<div class=\"Post-body\"><\/div>\n<\/div>\n<div class=\"Post\">\n<div class=\"Post-body\">\n<div class=\"Post-inner article\">\n<div class=\"PostHeaderIcons metadata-icons\"><\/div>\n<div class=\"PostContent\">\n<p><img src=\"http:\/\/www.blogdothame.blog.br\/v1\/wp-content\/uploads\/2023\/04\/casas-itabuna-2.jpg\" \/><\/p>\n<\/div>\n<p>&nbsp;<\/p>\n<div class=\"PostContent\">\n<p>Em solenidade \u00e0s 10h30min de segunda-feira, dia 24, no Teatro Municipal Candinha D\u00f3ria, os ministros Rui Costa, chefe da Casa Civil da Presid\u00eancia da Rep\u00fablica, e Waldez G\u00f3es, da Integra\u00e7\u00e3o e Desenvolvimento Regional, assinam ordem de servi\u00e7o para a constru\u00e7\u00e3o de 696 casas e dois parques lineares em Itabuna. Eles chegam \u00e0 cidade, acompanhados do governador Jer\u00f4nimo Rodrigues e do secret\u00e1rio nacional de Prote\u00e7\u00e3o e Defesa Civil, Wolnei Wolff.<\/p>\n<div id=\"attachment_149271\" class=\"wp-caption alignright\">\n<p id=\"caption-attachment-149271\" class=\"wp-caption-text\">o<\/p>\n<\/div>\n<p><img src=\"http:\/\/www.blogdothame.blog.br\/v1\/wp-content\/uploads\/2023\/04\/casas-itabuna-1-300x200.jpg\" \/><\/p>\n<p>Tamb\u00e9m integram a comitiva, o vice-governador Geraldo J\u00fanior, o presidente da Assembleia Legislativa da Bahia, Adolfo Menezes, senadores, deputados federais e estaduais baianos que ser\u00e3o recebidas pelo prefeito de Itabuna, Augusto Castro (PSD) em solenidade que marcar\u00e1 as fam\u00edlias que h\u00e1 56 anos viviam nas margens do Rio Cachoeira, nas comunidades da Bananeira, Nova Itabuna e Rua de Palha (Maria Matos) e veem o sonho da casa pr\u00f3pria realizar-se.<\/p>\n<p>Al\u00e9m delas, outras 80 fam\u00edlias \u00e0 margem do rio, ter\u00e3o unidades habitacionais constru\u00eddas pelo Governo do Estado, por meio da Companhia de Desenvolvimento Urbano do Estado da Bahia (CONDER), tamb\u00e9m em resposta aos danos causados pela hist\u00f3rica enchente do final de dezembro de 2021 na cidade.<\/p>\n<\/div>\n<\/div>\n<\/div>\n<\/div>\n","protected":false},"excerpt":{"rendered":"<p>&nbsp; Em solenidade \u00e0s 10h30min de segunda-feira, dia 24, no Teatro Municipal Candinha D\u00f3ria, os ministros Rui Costa, chefe da Casa Civil da Presid\u00eancia da Rep\u00fablica, e Waldez G\u00f3es, da Integra\u00e7\u00e3o e Desenvolvimento Regional, assinam ordem de servi\u00e7o para a constru\u00e7\u00e3o de 696 casas e dois parques lineares em Itabuna. Eles chegam \u00e0 cidade, acompanhados [&hellip;]<\/p>\n","protected":false},"author":2,"featured_media":0,"comment_status":"open","ping_status":"open","sticky":false,"template":"","format":"standard","meta":{"_links_to":"","_links_to_target":""},"categories":[7,9,8,1],"tags":[],"_links":{"self":[{"href":"https:\/\/www.ilheusnoticias.net.br\/v1\/wp-json\/wp\/v2\/posts\/31633"}],"collection":[{"href":"https:\/\/www.ilheusnoticias.net.br\/v1\/wp-json\/wp\/v2\/posts"}],"about":[{"href":"https:\/\/www.ilheusnoticias.net.br\/v1\/wp-json\/wp\/v2\/types\/post"}],"author":[{"embeddable":true,"href":"https:\/\/www.ilheusnoticias.net.br\/v1\/wp-json\/wp\/v2\/users\/2"}],"replies":[{"embeddable":true,"href":"https:\/\/www.ilheusnoticias.net.br\/v1\/wp-json\/wp\/v2\/comments?post=31633"}],"version-history":[{"count":1,"href":"https:\/\/www.ilheusnoticias.net.br\/v1\/wp-json\/wp\/v2\/posts\/31633\/revisions"}],"predecessor-version":[{"id":31634,"href":"https:\/\/www.ilheusnoticias.net.br\/v1\/wp-json\/wp\/v2\/posts\/31633\/revisions\/31634"}],"wp:attachment":[{"href":"https:\/\/www.ilheusnoticias.net.br\/v1\/wp-json\/wp\/v2\/media?parent=31633"}],"wp:term":[{"taxonomy":"category","embeddable":true,"href":"https:\/\/www.ilheusnoticias.net.br\/v1\/wp-json\/wp\/v2\/categories?post=31633"},{"taxonomy":"post_tag","embeddable":true,"href":"https:\/\/www.ilheusnoticias.net.br\/v1\/wp-json\/wp\/v2\/tags?post=31633"}],"curies":[{"name":"wp","href":"https:\/\/api.w.org\/{rel}","templated":true}]}}