{"id":31630,"date":"2023-04-21T10:52:33","date_gmt":"2023-04-21T13:52:33","guid":{"rendered":"https:\/\/www.ilheusnoticias.net.br\/v1\/?p=31630"},"modified":"2023-04-21T10:53:28","modified_gmt":"2023-04-21T13:53:28","slug":"ii-seminario-multidisciplinar-da-faculdade-de-ilheus-abordara-desenvolvimento-sustentavel","status":"publish","type":"post","link":"https:\/\/www.ilheusnoticias.net.br\/v1\/2023\/04\/21\/ii-seminario-multidisciplinar-da-faculdade-de-ilheus-abordara-desenvolvimento-sustentavel\/","title":{"rendered":"II Semin\u00e1rio Multidisciplinar da Faculdade de Ilh\u00e9us abordar\u00e1 desenvolvimento sustent\u00e1vel"},"content":{"rendered":"<div class=\"Post\">\n<div class=\"Post-body\">\n<div class=\"Post-inner article\">\n<div class=\"PostFooterIcons metadata-icons\">\n<div align=\"center\"><\/div>\n<\/div>\n<\/div>\n<\/div>\n<\/div>\n<div class=\"Post\">\n<div class=\"Post-body\">\n<div class=\"Post-inner article\">\n<div class=\"PostHeaderIcons metadata-icons\"><img loading=\"lazy\" class=\"\" src=\"http:\/\/www.blogdothame.blog.br\/v1\/wp-content\/uploads\/2023\/04\/facios-1.jpg\" width=\"539\" height=\"274\" \/><\/div>\n<div class=\"PostContent\">\n<p>O II Semin\u00e1rio Multidisciplinar da Faculdade de Ilh\u00e9us ser\u00e1 realizado nos dias 18 e 19 de maio, numa realiza\u00e7\u00e3o dos colegiados dos cursos de Administra\u00e7\u00e3o, Ci\u00eancias Cont\u00e1beis, Direito e Engenharia Civil. O tema central a ser abordado \u00e9 \u201cIlh\u00e9us: os desafios para um desenvolvimento sustent\u00e1vel\u201d, com a participa\u00e7\u00e3o de professores e especialistas de diversas \u00e1reas do conhecimento.<\/p>\n<\/div>\n<p><img src=\"http:\/\/www.blogdothame.blog.br\/v1\/wp-content\/uploads\/2023\/04\/facios-1.jpeg\" \/><\/p>\n<div class=\"PostContent\">\n<p>Aberto a toda a comunidade acad\u00eamica, al\u00e9m de profissionais e alunos de outras institui\u00e7\u00f5es de ensino, o Semin\u00e1rio Multidisciplinar j\u00e1 est\u00e1 com as inscri\u00e7\u00f5es abertas, no setor financeiro da institui\u00e7\u00e3o. Nesta edi\u00e7\u00e3o, foram escolhidas as \u00e1reas de meio ambiente e educa\u00e7\u00e3o como foco das discuss\u00f5es, consideradas importantes no momento que vivemos.<\/p>\n<\/div>\n<\/div>\n<\/div>\n<\/div>\n","protected":false},"excerpt":{"rendered":"<p>O II Semin\u00e1rio Multidisciplinar da Faculdade de Ilh\u00e9us ser\u00e1 realizado nos dias 18 e 19 de maio, numa realiza\u00e7\u00e3o dos colegiados dos cursos de Administra\u00e7\u00e3o, Ci\u00eancias Cont\u00e1beis, Direito e Engenharia Civil. O tema central a ser abordado \u00e9 \u201cIlh\u00e9us: os desafios para um desenvolvimento sustent\u00e1vel\u201d, com a participa\u00e7\u00e3o de professores e especialistas de diversas \u00e1reas [&hellip;]<\/p>\n","protected":false},"author":2,"featured_media":0,"comment_status":"open","ping_status":"open","sticky":false,"template":"","format":"standard","meta":{"_links_to":"","_links_to_target":""},"categories":[7,9,8,1],"tags":[],"_links":{"self":[{"href":"https:\/\/www.ilheusnoticias.net.br\/v1\/wp-json\/wp\/v2\/posts\/31630"}],"collection":[{"href":"https:\/\/www.ilheusnoticias.net.br\/v1\/wp-json\/wp\/v2\/posts"}],"about":[{"href":"https:\/\/www.ilheusnoticias.net.br\/v1\/wp-json\/wp\/v2\/types\/post"}],"author":[{"embeddable":true,"href":"https:\/\/www.ilheusnoticias.net.br\/v1\/wp-json\/wp\/v2\/users\/2"}],"replies":[{"embeddable":true,"href":"https:\/\/www.ilheusnoticias.net.br\/v1\/wp-json\/wp\/v2\/comments?post=31630"}],"version-history":[{"count":2,"href":"https:\/\/www.ilheusnoticias.net.br\/v1\/wp-json\/wp\/v2\/posts\/31630\/revisions"}],"predecessor-version":[{"id":31632,"href":"https:\/\/www.ilheusnoticias.net.br\/v1\/wp-json\/wp\/v2\/posts\/31630\/revisions\/31632"}],"wp:attachment":[{"href":"https:\/\/www.ilheusnoticias.net.br\/v1\/wp-json\/wp\/v2\/media?parent=31630"}],"wp:term":[{"taxonomy":"category","embeddable":true,"href":"https:\/\/www.ilheusnoticias.net.br\/v1\/wp-json\/wp\/v2\/categories?post=31630"},{"taxonomy":"post_tag","embeddable":true,"href":"https:\/\/www.ilheusnoticias.net.br\/v1\/wp-json\/wp\/v2\/tags?post=31630"}],"curies":[{"name":"wp","href":"https:\/\/api.w.org\/{rel}","templated":true}]}}