{"id":31626,"date":"2023-04-21T10:48:09","date_gmt":"2023-04-21T13:48:09","guid":{"rendered":"https:\/\/www.ilheusnoticias.net.br\/v1\/?p=31626"},"modified":"2023-04-21T10:48:09","modified_gmt":"2023-04-21T13:48:09","slug":"mario-alexandre-e-bebeto-conferem-construcao-de-creche-e-pavimentacao-na-rua-ouro-verde","status":"publish","type":"post","link":"https:\/\/www.ilheusnoticias.net.br\/v1\/2023\/04\/21\/mario-alexandre-e-bebeto-conferem-construcao-de-creche-e-pavimentacao-na-rua-ouro-verde\/","title":{"rendered":"M\u00e1rio Alexandre e Bebeto conferem constru\u00e7\u00e3o de creche e pavimenta\u00e7\u00e3o na Rua Ouro Verde"},"content":{"rendered":"<p>Acompanhado do vice-prefeito, secret\u00e1rios, vereadores e comunidade, o prefeito M\u00e1rio Alexandre vistoriou a obra de pavimenta\u00e7\u00e3o em paralelep\u00edpedo, execu\u00e7\u00e3o de meio-fio e passeio na Rua Ouro Verde e Vila Queiroz, no Bas\u00edlio. Aguardado h\u00e1 mais de 30 anos, o servi\u00e7o chega para transformar uma realidade marcada pela lama e poeira, garantindo qualidade de vida e melhores condi\u00e7\u00f5es de mobilidade.<\/p>\n<p>Na ocasi\u00e3o, a comitiva checou o andamento da constru\u00e7\u00e3o da creche na localidade. O investimento \u00e9 fruto da parceria p\u00fablico-privada entre o Munic\u00edpio e a SSN Incorpora\u00e7\u00f5es. O espa\u00e7o disp\u00f5e de\u00a0salas de aula, refeit\u00f3rios, banheiros e p\u00e1tio para recrea\u00e7\u00e3o com pergolado. Os gestores tamb\u00e9m\u00a0vistoriaram as obras da quadra poliesportiva, cujos servi\u00e7os incluem instala\u00e7\u00e3o de telha met\u00e1lica para cobertura.<\/p>\n<p>&nbsp;<\/p>\n<div class=\"imagem thumbnail col-xs-12 col-sm-8 col-md-6 col-lg-6 imagem-materia\"><a class=\"fresco\" title=\"\" href=\"https:\/\/portalfacilarquivos.blob.core.windows.net\/uploads\/ILHEUS\/imgOrig\/%7BDA0A7453-05AD-AEAB-8CAE-01C5AB6BBED5%7D.jpg\" data-fresco-caption=\"\"><img loading=\"lazy\" title=\"\" src=\"https:\/\/portalfacilarquivos.blob.core.windows.net\/uploads\/ILHEUS\/img\/%7BDA0A7453-05AD-AEAB-8CAE-01C5AB6BBED5%7D\/%7BDA0A7453-05AD-AEAB-8CAE-01C5AB6BBED5%7D_650X450.jpg\" alt=\"Seinfra; obras; Rua Ouro verde; vila queiroz\" width=\"650\" height=\"450\" \/><\/a><\/p>\n<p class=\"bg-primary\">\u201cEu quero agradecer a Deus por essa uni\u00e3o com o Governo do Estado, com os vereadores da nossa base e agora com o Governo Federal. Lembro que aqui era lama e eu disse que quando fosse prefeito mudaria a realidade dessa comunidade que sempre esteve ao nosso lado. Agrade\u00e7o tamb\u00e9m ao deputado federal Paulo Magalh\u00e3es, grande parceiro da nossa cidade. Essa pavimenta\u00e7\u00e3o \u00e9 fruto de emenda de sua autoria. Eu fico extremamente feliz por estar realizando esse sonho e devolvendo dignidade ao meu povo\u201d, disse M\u00e1rio Alexandre.<\/p>\n<\/div>\n<p><strong>Aprova\u00e7\u00e3o popular &#8211;<\/strong>\u00a0\u201cEu sou moradora daqui h\u00e1 mais de 20 anos. E gra\u00e7as a Deus Mar\u00e3o est\u00e1 fazendo o que outros [prefeitos] n\u00e3o fizeram\u201d, disse Mirelle Santos. Para o comerciante Marcelo Santana, \u201cessa obra \u00e9 show de bola. S\u00f3 tenho a agradecer ao prefeito Mar\u00e3o, porque tirou a gente da lama. Ele chegou e resolveu o nosso problema\u201d, lembrou.<\/p>\n<p>&nbsp;<\/p>\n<div class=\"imagem thumbnail col-xs-12 col-sm-8 col-md-6 col-lg-6 imagem-materia\"><a class=\"fresco\" title=\"\" href=\"https:\/\/portalfacilarquivos.blob.core.windows.net\/uploads\/ILHEUS\/imgOrig\/%7BEBEA8175-C32E-B5BC-26B5-DC6B417AABDD%7D.jpg\" data-fresco-caption=\"\"><img loading=\"lazy\" title=\"\" src=\"https:\/\/portalfacilarquivos.blob.core.windows.net\/uploads\/ILHEUS\/img\/%7BEBEA8175-C32E-B5BC-26B5-DC6B417AABDD%7D\/%7BEBEA8175-C32E-B5BC-26B5-DC6B417AABDD%7D_650X450.jpg\" alt=\"Seinfra; obras; Rua Ouro verde; vila queiroz\" width=\"650\" height=\"450\" \/><\/a><\/p>\n<p class=\"bg-primary\">O vendedor Joadson Silva afirmou que atualmente a realidade \u00e9 bem diferente da vivenciada durante sua adolesc\u00eancia. \u201cQuem mora aqui sabe o que passou. S\u00f3 temos a agradecer ao nosso prefeito e sabemos que vamos ser contemplados com mais coisas\u201d.<\/p>\n<\/div>\n<p>Todo\u00a0servi\u00e7o desempenhado tem como objetivo recuperar o maior n\u00famero de vias danificadas, de acordo com as necessidades emergenciais de cada localidade. O prefeito ressaltou que faz quest\u00e3o de acompanhar de perto as obras, conversando com os moradores em diversas partes da cidade. A cada etapa conclu\u00edda, muitas fam\u00edlias s\u00e3o beneficiadas.<\/p>\n","protected":false},"excerpt":{"rendered":"<p>Acompanhado do vice-prefeito, secret\u00e1rios, vereadores e comunidade, o prefeito M\u00e1rio Alexandre vistoriou a obra de pavimenta\u00e7\u00e3o em paralelep\u00edpedo, execu\u00e7\u00e3o de meio-fio e passeio na Rua Ouro Verde e Vila Queiroz, no Bas\u00edlio. Aguardado h\u00e1 mais de 30 anos, o servi\u00e7o chega para transformar uma realidade marcada pela lama e poeira, garantindo qualidade de vida e [&hellip;]<\/p>\n","protected":false},"author":2,"featured_media":0,"comment_status":"open","ping_status":"open","sticky":false,"template":"","format":"standard","meta":{"_links_to":"","_links_to_target":""},"categories":[7,9,8,1],"tags":[],"_links":{"self":[{"href":"https:\/\/www.ilheusnoticias.net.br\/v1\/wp-json\/wp\/v2\/posts\/31626"}],"collection":[{"href":"https:\/\/www.ilheusnoticias.net.br\/v1\/wp-json\/wp\/v2\/posts"}],"about":[{"href":"https:\/\/www.ilheusnoticias.net.br\/v1\/wp-json\/wp\/v2\/types\/post"}],"author":[{"embeddable":true,"href":"https:\/\/www.ilheusnoticias.net.br\/v1\/wp-json\/wp\/v2\/users\/2"}],"replies":[{"embeddable":true,"href":"https:\/\/www.ilheusnoticias.net.br\/v1\/wp-json\/wp\/v2\/comments?post=31626"}],"version-history":[{"count":1,"href":"https:\/\/www.ilheusnoticias.net.br\/v1\/wp-json\/wp\/v2\/posts\/31626\/revisions"}],"predecessor-version":[{"id":31627,"href":"https:\/\/www.ilheusnoticias.net.br\/v1\/wp-json\/wp\/v2\/posts\/31626\/revisions\/31627"}],"wp:attachment":[{"href":"https:\/\/www.ilheusnoticias.net.br\/v1\/wp-json\/wp\/v2\/media?parent=31626"}],"wp:term":[{"taxonomy":"category","embeddable":true,"href":"https:\/\/www.ilheusnoticias.net.br\/v1\/wp-json\/wp\/v2\/categories?post=31626"},{"taxonomy":"post_tag","embeddable":true,"href":"https:\/\/www.ilheusnoticias.net.br\/v1\/wp-json\/wp\/v2\/tags?post=31626"}],"curies":[{"name":"wp","href":"https:\/\/api.w.org\/{rel}","templated":true}]}}