{"id":31619,"date":"2023-04-20T10:08:01","date_gmt":"2023-04-20T13:08:01","guid":{"rendered":"https:\/\/www.ilheusnoticias.net.br\/v1\/?p=31619"},"modified":"2023-04-20T10:08:01","modified_gmt":"2023-04-20T13:08:01","slug":"fazenda-anuncia-conjunto-de-13-medidas-para-estimular-credito-e-impulsionar-ppps-veja-lista","status":"publish","type":"post","link":"https:\/\/www.ilheusnoticias.net.br\/v1\/2023\/04\/20\/fazenda-anuncia-conjunto-de-13-medidas-para-estimular-credito-e-impulsionar-ppps-veja-lista\/","title":{"rendered":"Fazenda anuncia conjunto de 13 medidas para estimular cr\u00e9dito e impulsionar PPPs; veja lista"},"content":{"rendered":"<div class=\"row content-head non-featured \">\n<div class=\"title\" data-block-type=\"title\" data-block-id=\"0\"><\/div>\n<div class=\"medium-centered subtitle\">\n<h2 class=\"content-head__subtitle\"><span style=\"font-size: 16px;\">O Minist\u00e9rio da Fazenda anuncia nesta quinta-feira (20) um conjunto com 13 medidas (<\/span><a class=\"\" style=\"font-size: 16px;\" href=\"https:\/\/g1.globo.com\/economia\/noticia\/2023\/04\/20\/fazenda-anuncia-conjunto-de-13-medidas-para-estimular-credito-e-impulsionar-ppps.ghtml#1\"><strong>veja lista completa abaixo<\/strong><\/a><span style=\"font-size: 16px;\">) que pretendem estimular o mercado de cr\u00e9dito e impulsionar as Parcerias P\u00fablico-Privadas (PPPs) em estados e munic\u00edpios.<\/span><\/h2>\n<\/div>\n<\/div>\n<div class=\"mc-article-body\">\n<article>\n<div class=\"wall protected-content\">\n<div id=\"chunk-6moke\">\n<div class=\"mc-column content-text active-extra-styles \" data-block-type=\"unstyled\" data-block-weight=\"3\" data-block-id=\"3\">\n<p class=\"content-text__container \" data-track-category=\"Link no Texto\" data-track-links=\"\">O pacote inclui<\/p>\n<\/div>\n<\/div>\n<div class=\"mc-column content-text active-extra-styles\" data-block-type=\"raw\" data-block-weight=\"59\" data-block-id=\"4\">\n<ul class=\"content-unordered-list\">\n<li><strong>tr\u00eas medidas relacionadas a projetos de lei j\u00e1 em tramita\u00e7\u00e3o<\/strong>\u00a0no Congresso Nacional, que passam a receber agora o apoio formal do governo;<\/li>\n<li><strong>seis medidas que ser\u00e3o viabilizadas com novos projetos de lei<\/strong>\u00a0a serem enviados pelo governo ao Congresso;<\/li>\n<li><strong>quatro medidas que dependem de altera\u00e7\u00f5es de decretos ou portarias<\/strong>, ou seja, n\u00e3o v\u00e3o precisar do aval dos parlamentares.<\/li>\n<\/ul>\n<\/div>\n<div id=\"chunk-da3e0\">\n<div class=\"mc-column content-text active-extra-styles \" data-block-type=\"unstyled\" data-block-weight=\"38\" data-block-id=\"5\">\n<p class=\"content-text__container \" data-track-category=\"Link no Texto\" data-track-links=\"\">Entre as medidas, est\u00e1 a que\u00a0<a class=\"\" href=\"https:\/\/g1.globo.com\/politica\/noticia\/2022\/08\/15\/nota-tecnica-do-mpf-contesta-minimo-existencial-de-r-303-e-pede-revisao-de-decreto-federal.ghtml\">mudar\u00e1 o valor do m\u00ednimo existencial<\/a>\u00a0\u2013 ou seja, a fatia m\u00ednima da renda do cidad\u00e3o que n\u00e3o pode ser comprometida com d\u00edvidas (debitada no consignado ou bloqueada pelo banco, por exemplo).<\/p>\n<\/div>\n<\/div>\n<div id=\"chunk-ah9ri\">\n<div class=\"mc-column content-text active-extra-styles \" data-block-type=\"unstyled\" data-block-weight=\"24\" data-block-id=\"6\">\n<p class=\"content-text__container \" data-track-category=\"Link no Texto\" data-track-links=\"\">Pelo decreto atual, a quantia \u00e9 de R$ 303.\u00a0<strong><span class=\"highlight highlighted\">O governo vai editar decreto para estabelecer que o m\u00ednimo existencial suba para R$ 600.<\/span><\/strong><\/p>\n<\/div>\n<\/div>\n<div id=\"chunk-95jr5\">\n<div class=\"mc-column content-text active-extra-styles \" data-block-type=\"unstyled\" data-block-weight=\"38\" data-block-id=\"7\">\n<p class=\"content-text__container \" data-track-category=\"Link no Texto\" data-track-links=\"\">O governo tamb\u00e9m quer permitir que recursos de planos de previd\u00eancia complementar aberta, seguros de pessoas e t\u00edtulos de capitaliza\u00e7\u00e3o, por exemplo, possam ser usados como garantia em empr\u00e9stimos banc\u00e1rios. Um projeto de lei ser\u00e1 apresentado para isso.<\/p>\n<\/div>\n<\/div>\n<div id=\"chunk-e59g5\">\n<div class=\"mc-column content-text active-extra-styles \" data-block-type=\"unstyled\" data-block-weight=\"35\" data-block-id=\"8\">\n<p class=\"content-text__container \" data-track-category=\"Link no Texto\" data-track-links=\"\">Ao final, a equipe econ\u00f4mica espera que o conjunto de medidas, se de fato implementado, amplie o mercado de cr\u00e9dito como um todo, reduzindo custos e taxas de juros, al\u00e9m de estimular investimentos em infraestrutura.<\/p>\n<\/div>\n<\/div>\n<div id=\"chunk-32qtr\">\n<div class=\"bs-video-block mc-column  content-media content-video\" data-block-type=\"backstage-video\" data-block-id=\"10\">\n<div class=\"content-media__container\">\n<div class=\"content-video__bigger-player-description-fixer\">\n<article class=\"content-video\">\n<section class=\"content-video__video-container\">\n<div class=\"content-video__video\">\n<div class=\"content-video__placeholder\" data-video-id=\"11548046\" data-video-has-viewport-play=\"True\"><img class=\"content-video__placeholder__thumb\" title=\"Governo vai anunciar medidas para aumentar cr\u00e9dito, diz sec. do Tesouro\" src=\"https:\/\/s03.video.glbimg.com\/x240\/11548046.jpg\" alt=\"Governo vai anunciar medidas para aumentar cr\u00e9dito, diz sec. do Tesouro\" \/><\/div>\n<div id=\"wp3-player-2\" class=\"clappr-player\" tabindex=\"9999\" data-player=\"\">\n<div class=\"dfp-ad-overlay dfp-ad-overlay--poster-mode\">\n<div>Governo vai anunciar medidas para aumentar cr\u00e9dito, diz sec. do Tesouro<\/div>\n<\/div>\n<\/div>\n<\/div>\n<\/section>\n<\/article>\n<\/div>\n<\/div>\n<\/div>\n<\/div>\n<div id=\"chunk-cc4a5\">\n<div class=\"mc-column content-text active-extra-styles \" data-block-type=\"unstyled\" data-block-weight=\"6\" data-block-id=\"12\">\n<p class=\"content-text__container \" data-track-category=\"Link no Texto\" data-track-links=\"\"><strong>Confira, abaixo, as 13 a\u00e7\u00f5es propostas:<\/strong><\/p>\n<\/div>\n<\/div>\n<div class=\"mc-column content-text active-extra-styles\" data-block-type=\"raw\" data-block-weight=\"10\" data-block-id=\"15\">\n<div class=\"content-intertitle\">\n<h2>1. Aval da Uni\u00e3o \u00e0s PPPs de estados e munic\u00edpios<\/h2>\n<\/div>\n<\/div>\n<div id=\"chunk-9qbic\">\n<div class=\"mc-column content-text active-extra-styles \" data-block-type=\"unstyled\" data-block-weight=\"26\" data-block-id=\"16\">\n<p class=\"content-text__container \" data-track-category=\"Link no Texto\" data-track-links=\"\">O governo vai permitir que as opera\u00e7\u00f5es de cr\u00e9dito que v\u00e3o viabilizar Parcerias P\u00fablico-Privadas (PPPs) nos estados e munic\u00edpios sejam feitas tendo a garantia da Uni\u00e3o.<\/p>\n<\/div>\n<\/div>\n<div id=\"chunk-4pjl0\">\n<div class=\"mc-column content-text active-extra-styles \" data-block-type=\"unstyled\" data-block-weight=\"30\" data-block-id=\"18\">\n<p class=\"content-text__container \" data-track-category=\"Link no Texto\" data-track-links=\"\">Ou seja, a Uni\u00e3o vai cobrir eventuais calotes de governadores e prefeitos em projetos de PPPs. Depois, o governo federal recupera o dinheiro, descontando das transfer\u00eancias dos fundos de participa\u00e7\u00e3o.<\/p>\n<\/div>\n<\/div>\n<div id=\"chunk-2l8j6\">\n<div class=\"mc-column content-text active-extra-styles \" data-block-type=\"unstyled\" data-block-weight=\"31\" data-block-id=\"19\">\n<p class=\"content-text__container \" data-track-category=\"Link no Texto\" data-track-links=\"\">O modelo \u00e9 igual ao das opera\u00e7\u00f5es de cr\u00e9dito feitas por estados e munic\u00edpios que contam com o Tesouro como avalista, por\u00e9m a medida ainda n\u00e3o havia sido estendida \u00e0s PPPs.<\/p>\n<\/div>\n<\/div>\n<div id=\"chunk-fl2nl\">\n<div class=\"mc-column content-text active-extra-styles \" data-block-type=\"unstyled\" data-block-weight=\"30\" data-block-id=\"20\">\n<p class=\"content-text__container \" data-track-category=\"Link no Texto\" data-track-links=\"\">A a\u00e7\u00e3o ser\u00e1 feita diretamente pelo Tesouro Nacional, sem precisar do aval do Congresso. Bancos p\u00fablicos e privados e institui\u00e7\u00f5es financeiras multilaterais j\u00e1 sinalizaram interesse em disponibilizar linhas neste formato.<\/p>\n<\/div>\n<\/div>\n<div id=\"chunk-58do2\">\n<div class=\"mc-column content-text active-extra-styles \" data-block-type=\"unstyled\" data-block-weight=\"21\" data-block-id=\"21\">\n<p class=\"content-text__container \" data-track-category=\"Link no Texto\" data-track-links=\"\">O governo avalia que a aus\u00eancia de garantia firme era o principal entrave para deslanchar as PPPs em estados e munic\u00edpios.<\/p>\n<\/div>\n<\/div>\n<div id=\"chunk-4kqiu\">\n<div class=\"mc-column content-text active-extra-styles \" data-block-type=\"unstyled\" data-block-weight=\"48\" data-block-id=\"22\">\n<p class=\"content-text__container \" data-track-category=\"Link no Texto\" data-track-links=\"\">Ainda no \u00e2mbito das parcerias, uma portaria do Tesouro Nacional vai esclarecer quais despesas entram na conta do limite m\u00e1ximo de comprometimento da receita corrente l\u00edquida de estados e munic\u00edpios com PPPs. Dessa forma, os entes subnacionais v\u00e3o poder ampliar a capacidade de parcerias com o setor privado.<\/p>\n<\/div>\n<\/div>\n<div class=\"mc-column content-text active-extra-styles\" data-block-type=\"raw\" data-block-weight=\"3\" data-block-id=\"25\">\n<div class=\"content-intertitle\">\n<h2>2. Deb\u00eantures incentivadas<\/h2>\n<\/div>\n<p>A equipe econ\u00f4mica pretende alterar um decreto de 2016 para ampliar as possibilidades de emiss\u00e3o de deb\u00eantures incentivadas, que s\u00e3o t\u00edtulos emitidos por empresas e negociados no mercado de capitais que contam com uma tributa\u00e7\u00e3o reduzida de Imposto de Renda.<\/p>\n<\/div>\n<div id=\"chunk-cpddm\">\n<div class=\"mc-column content-text active-extra-styles \" data-block-type=\"unstyled\" data-block-weight=\"18\" data-block-id=\"27\">\n<p class=\"content-text__container \" data-track-category=\"Link no Texto\" data-track-links=\"\">O objetivo \u00e9 incentivar o financiamento privado de projetos de infraestrutura voltados \u00e0s \u00e1reas social e ambiental.<\/p>\n<\/div>\n<\/div>\n<div id=\"chunk-cehb9\">\n<div class=\"mc-column content-text active-extra-styles \" data-block-type=\"unstyled\" data-block-weight=\"39\" data-block-id=\"28\">\n<p class=\"content-text__container \" data-track-category=\"Link no Texto\" data-track-links=\"\">Com a altera\u00e7\u00e3o, novos setores ficar\u00e3o aptos a serem financiados por meio dessas deb\u00eantures. S\u00e3o eles: educa\u00e7\u00e3o, sa\u00fade, seguran\u00e7a p\u00fablica e sistema prisional, parques urbanos e unidades de conserva\u00e7\u00e3o, equipamentos culturais e esportivos, habita\u00e7\u00e3o social e requalifica\u00e7\u00e3o urbana.<\/p>\n<\/div>\n<\/div>\n<div id=\"chunk-ci4nt\">\n<div class=\"mc-column content-text active-extra-styles \" data-block-type=\"unstyled\" data-block-weight=\"21\" data-block-id=\"29\">\n<p class=\"content-text__container \" data-track-category=\"Link no Texto\" data-track-links=\"\">Segundo o governo, h\u00e1 insufici\u00eancia de recursos p\u00fablicos nessas \u00e1reas e dificuldade de financiamento de projetos de Parcerias P\u00fablico-Privadas (PPP).<\/p>\n<\/div>\n<\/div>\n<div id=\"chunk-d9nkt\">\n<div class=\"mc-column content-text active-extra-styles \" data-block-type=\"unstyled\" data-block-weight=\"27\" data-block-id=\"30\">\n<p class=\"content-text__container \" data-track-category=\"Link no Texto\" data-track-links=\"\">As al\u00edquotas diferenciadas de Imposto de Renda, para essas deb\u00eantures incentivadas, s\u00e3o as seguintes: 0% para ganhos registrados por pessoas f\u00edsicas e 15% para pessoas jur\u00eddicas<\/p>\n<\/div>\n<\/div>\n<div class=\"mc-column content-text active-extra-styles\" data-block-type=\"raw\" data-block-weight=\"5\" data-block-id=\"33\">\n<div class=\"content-intertitle\">\n<h2>3. Novo Marco das Garantias<\/h2>\n<\/div>\n<\/div>\n<div id=\"chunk-2jrqk\">\n<div class=\"mc-column content-text active-extra-styles \" data-block-type=\"unstyled\" data-block-weight=\"45\" data-block-id=\"34\">\n<p class=\"content-text__container \" data-track-category=\"Link no Texto\" data-track-links=\"\"><a class=\"\" href=\"https:\/\/g1.globo.com\/politica\/noticia\/2021\/11\/25\/bolsonaro-assina-projeto-para-permitir-que-um-mesmo-imovel-seja-usado-como-garantia-em-operacoes-de-credito.ghtml\">Assinado pelo ex-presidente Jair Bolsonaro<\/a>\u00a0em 2021, o projeto de lei j\u00e1 apresentado ao Congresso muda as regras de garantia no mercado de cr\u00e9dito. A proposta prev\u00ea, dentre outros pontos, que o mesmo im\u00f3vel possa ser usado como garantia em mais de uma opera\u00e7\u00e3o.<\/p>\n<\/div>\n<\/div>\n<div id=\"chunk-d8efq\">\n<div class=\"mc-column content-text active-extra-styles \" data-block-type=\"unstyled\" data-block-weight=\"37\" data-block-id=\"35\">\n<p class=\"content-text__container \" data-track-category=\"Link no Texto\" data-track-links=\"\">Com a medida, se o bem for avaliado em R$ 200 mil e d\u00edvida somar R$ 50 mil, ser\u00e1 poss\u00edvel usar os R$ 150 mil restantes para dar em garantia em outros empr\u00e9stimos no mesmo banco.<\/p>\n<\/div>\n<\/div>\n<div id=\"chunk-3r4lm\">\n<div class=\"mc-column content-text active-extra-styles \" data-block-type=\"unstyled\" data-block-weight=\"24\" data-block-id=\"36\">\n<p class=\"content-text__container \" data-track-category=\"Link no Texto\" data-track-links=\"\">Ap\u00f3s altera\u00e7\u00e3o na C\u00e2mara dos Deputados, o texto tamb\u00e9m ampliou as possibilidades de penhora de bens de fam\u00edlia oferecidos como garantia em empr\u00e9stimos.<\/p>\n<\/div>\n<\/div>\n<div id=\"chunk-eugd9\">\n<div class=\"mc-column content-text active-extra-styles \" data-block-type=\"unstyled\" data-block-weight=\"32\" data-block-id=\"37\">\n<p class=\"content-text__container \" data-track-category=\"Link no Texto\" data-track-links=\"\">\u00c0 \u00e9poca,\u00a0<a class=\"\" href=\"https:\/\/g1.globo.com\/politica\/noticia\/2022\/06\/01\/camara-aprova-projeto-que-amplia-possibilidade-de-penhora-sobre-bens-de-familias.ghtml\">parlamentares da oposi\u00e7\u00e3o manifestaram preocupa\u00e7\u00e3o com o projeto\u00a0<\/a>e afirmaram que ele permitiria que Institui\u00e7\u00f5es Gestoras de Garantia (IGGs) pudessem confiscar a casa de uma fam\u00edlia que eventualmente ficasse inadimplente.<\/p>\n<\/div>\n<\/div>\n<div id=\"chunk-6qpk5\">\n<div class=\"mc-column content-text active-extra-styles \" data-block-type=\"unstyled\" data-block-weight=\"30\" data-block-id=\"38\">\n<p class=\"content-text__container \" data-track-category=\"Link no Texto\" data-track-links=\"\">O projeto ainda precisa passar pela an\u00e1lise dos senadores. O governo Lula considera que o projeto tem potencial para ampliar o acesso ao cr\u00e9dito e reduzir as taxas de juros.<\/p>\n<\/div>\n<\/div>\n<div class=\"mc-column content-text active-extra-styles\" data-block-type=\"raw\" data-block-weight=\"5\" data-block-id=\"41\">\n<div class=\"content-intertitle\">\n<h2>4. Garantia com recursos previdenci\u00e1rios<\/h2>\n<\/div>\n<\/div>\n<div id=\"chunk-8iu7g\">\n<div class=\"mc-column content-text active-extra-styles \" data-block-type=\"unstyled\" data-block-weight=\"39\" data-block-id=\"42\">\n<p class=\"content-text__container \" data-track-category=\"Link no Texto\" data-track-links=\"\">A ideia \u00e9 apresentar um projeto de lei que possibilite o uso de recursos de planos de previd\u00eancia complementar aberta, seguros de pessoas, Fundo de Aposentadoria Programada Individual (FAPI) e t\u00edtulos de capitaliza\u00e7\u00e3o como garantia em empr\u00e9stimos banc\u00e1rios.<\/p>\n<\/div>\n<\/div>\n<div id=\"chunk-d90sp\">\n<div class=\"mc-column content-text active-extra-styles \" data-block-type=\"unstyled\" data-block-weight=\"21\" data-block-id=\"43\">\n<p class=\"content-text__container \" data-track-category=\"Link no Texto\" data-track-links=\"\">O objetivo, segundo a equipe econ\u00f4mica, \u00e9 possibilitar que os clientes das institui\u00e7\u00f5es financeiras tenham acesso a cr\u00e9dito mais barato.<\/p>\n<\/div>\n<\/div>\n<div id=\"chunk-f1jg6\">\n<div class=\"mc-column content-text active-extra-styles \" data-block-type=\"unstyled\" data-block-weight=\"46\" data-block-id=\"44\">\n<p class=\"content-text__container \" data-track-category=\"Link no Texto\" data-track-links=\"\">Al\u00e9m disso, o governo busca evitar que os segurados realizem resgates dessas aplica\u00e7\u00f5es em condi\u00e7\u00f5es desfavor\u00e1veis. Isso porque, em parte desses produtos previdenci\u00e1rios, a al\u00edquota do Imposto de Renda varia de acordo com o prazo de resgate. Quanto menor o prazo, maior \u00e9 a al\u00edquota.<\/p>\n<\/div>\n<\/div>\n<div id=\"chunk-3io25\">\n<div class=\"mc-column content-text active-extra-styles \" data-block-type=\"unstyled\" data-block-weight=\"27\" data-block-id=\"45\">\n<p class=\"content-text__container \" data-track-category=\"Link no Texto\" data-track-links=\"\">Segundo o minist\u00e9rio da Fazenda, h\u00e1 R$ 1,2 trilh\u00e3o em recursos aplicados nos planos de previd\u00eancia aberta, e outros R$ 20 bilh\u00f5es nos t\u00edtulos de capitaliza\u00e7\u00e3o<\/p>\n<\/div>\n<\/div>\n<div class=\"mc-column content-text active-extra-styles\" data-block-type=\"raw\" data-block-weight=\"7\" data-block-id=\"48\">\n<div class=\"content-intertitle\">\n<h2>5. Simplifica\u00e7\u00e3o e desburocratiza\u00e7\u00e3o do cr\u00e9dito<\/h2>\n<\/div>\n<p>O governo vai enviar ao Congresso um projeto de lei para simplificar a emiss\u00e3o de deb\u00eantures \u2013 t\u00edtulos de cr\u00e9dito emitidos por empresas e negociados no mercado de capitais \u2013 em geral.<\/p>\n<\/div>\n<div id=\"chunk-5b5j4\">\n<div class=\"mc-column content-text active-extra-styles \" data-block-type=\"unstyled\" data-block-weight=\"21\" data-block-id=\"50\">\n<p class=\"content-text__container \" data-track-category=\"Link no Texto\" data-track-links=\"\">Dentre as medidas, est\u00e1 a flexibiliza\u00e7\u00e3o do qu\u00f3rum para assembleias de debenturistas, que s\u00e3o os investidores que det\u00eam esses t\u00edtulos.<\/p>\n<\/div>\n<\/div>\n<div id=\"chunk-cb6dp\">\n<div class=\"mc-column content-text active-extra-styles \" data-block-type=\"unstyled\" data-block-weight=\"23\" data-block-id=\"51\">\n<p class=\"content-text__container \" data-track-category=\"Link no Texto\" data-track-links=\"\">O texto tamb\u00e9m vai propor a redu\u00e7\u00e3o de exig\u00eancias burocr\u00e1ticas para a concess\u00e3o de cr\u00e9dito, como a apresenta\u00e7\u00e3o de determinadas certid\u00f5es.<\/p>\n<\/div>\n<\/div>\n<div id=\"chunk-dl1l7\">\n<div class=\"mc-column content-text active-extra-styles \" data-block-type=\"unstyled\" data-block-weight=\"21\" data-block-id=\"52\">\n<p class=\"content-text__container \" data-track-category=\"Link no Texto\" data-track-links=\"\">A equipe econ\u00f4mica avalia que a exig\u00eancia de documentos em excesso dificulta e encarece o acesso ao cr\u00e9dito no pa\u00eds<\/p>\n<\/div>\n<\/div>\n<div class=\"mc-column content-text active-extra-styles\" data-block-type=\"raw\" data-block-weight=\"5\" data-block-id=\"55\">\n<div class=\"content-intertitle\">\n<h2>6. Acesso a dados fiscais<\/h2>\n<\/div>\n<\/div>\n<div id=\"chunk-n8v9\">\n<div class=\"mc-column content-text active-extra-styles \" data-block-type=\"unstyled\" data-block-weight=\"24\" data-block-id=\"56\">\n<p class=\"content-text__container \" data-track-category=\"Link no Texto\" data-track-links=\"\">A Receita Federal vai editar uma portaria para simplificar o compartilhamento de dados fiscais, por parte de pessoas e empresas, com institui\u00e7\u00f5es financeiras.<\/p>\n<\/div>\n<\/div>\n<div id=\"chunk-5tns5\">\n<div class=\"mc-column content-text active-extra-styles \" data-block-type=\"unstyled\" data-block-weight=\"13\" data-block-id=\"57\">\n<p class=\"content-text__container \" data-track-category=\"Link no Texto\" data-track-links=\"\">O objetivo \u00e9 baratear o cr\u00e9dito, principalmente para pequenos e m\u00e9dios empreendedores.<\/p>\n<\/div>\n<\/div>\n<div id=\"chunk-cg4hj\">\n<div class=\"mc-column content-text active-extra-styles \" data-block-type=\"unstyled\" data-block-weight=\"31\" data-block-id=\"58\">\n<p class=\"content-text__container \" data-track-category=\"Link no Texto\" data-track-links=\"\">O propriet\u00e1rio de um pequeno com\u00e9rcio, por exemplo, poder\u00e1 autorizar o compartilhamento de seus dados financeiros com credores de forma simplificada e, dessa maneira, conseguir uma taxa de juros menor.<\/p>\n<\/div>\n<\/div>\n<div id=\"chunk-37md2\">\n<div class=\"mc-column content-text active-extra-styles \" data-block-type=\"unstyled\" data-block-weight=\"24\" data-block-id=\"59\">\n<p class=\"content-text__container \" data-track-category=\"Link no Texto\" data-track-links=\"\">Os usu\u00e1rios poder\u00e3o fazer a autoriza\u00e7\u00e3o sem sair do ambiente da institui\u00e7\u00e3o financeira, j\u00e1 que o banco estar\u00e1 conectado a um sistema do Fisco<\/p>\n<\/div>\n<\/div>\n<div class=\"mc-column content-text active-extra-styles\" data-block-type=\"raw\" data-block-weight=\"7\" data-block-id=\"62\">\n<div class=\"content-intertitle\">\n<h2>7. Autoriza\u00e7\u00e3o de bancos e moeda digital<\/h2>\n<\/div>\n<p>O governo vai enviar ao Congresso um projeto de lei complementar que deve flexibilizar o processo de autoriza\u00e7\u00e3o para o funcionamento de novas institui\u00e7\u00f5es financeiras no pa\u00eds. Essa permiss\u00e3o \u00e9 dada pelo Banco Central.<\/p>\n<\/div>\n<div id=\"chunk-6kb8m\">\n<div class=\"mc-column content-text active-extra-styles \" data-block-type=\"unstyled\" data-block-weight=\"27\" data-block-id=\"64\">\n<p class=\"content-text__container \" data-track-category=\"Link no Texto\" data-track-links=\"\">Na avalia\u00e7\u00e3o do governo, as regras atuais dificultam a entrada de concorrentes menores, al\u00e9m do prazo longo de espera para uma institui\u00e7\u00e3o obter a autoriza\u00e7\u00e3o do BC.<\/p>\n<\/div>\n<\/div>\n<div id=\"chunk-6chfb\">\n<div class=\"mc-column content-text active-extra-styles \" data-block-type=\"unstyled\" data-block-weight=\"23\" data-block-id=\"65\">\n<p class=\"content-text__container \" data-track-category=\"Link no Texto\" data-track-links=\"\">O projeto tamb\u00e9m vai aproveitar para &#8220;esclarecer&#8221; a compet\u00eancia do Banco Central para o lan\u00e7amento do real digital, moeda digital oficial do pa\u00eds.<\/p>\n<\/div>\n<\/div>\n<div id=\"chunk-21l9i\">\n<div class=\"mc-column content-text active-extra-styles \" data-block-type=\"unstyled\" data-block-weight=\"24\" data-block-id=\"66\">\n<p class=\"content-text__container \" data-track-category=\"Link no Texto\" data-track-links=\"\">O presidente da autoridade monet\u00e1ria, Roberto Campos Neto, havia dito neste ano que n\u00e3o seria necess\u00e1ria uma nova regulamenta\u00e7\u00e3o para a cria\u00e7\u00e3o da moeda.<\/p>\n<\/div>\n<\/div>\n<div class=\"mc-column content-text active-extra-styles\" data-block-type=\"raw\" data-block-weight=\"5\" data-block-id=\"69\">\n<div class=\"content-intertitle\">\n<h2>8. Regime de Resolu\u00e7\u00e3o Banc\u00e1ria<\/h2>\n<\/div>\n<\/div>\n<div id=\"chunk-1a4cs\">\n<div class=\"mc-column content-text active-extra-styles \" data-block-type=\"unstyled\" data-block-weight=\"29\" data-block-id=\"70\">\n<p class=\"content-text__container \" data-track-category=\"Link no Texto\" data-track-links=\"\">O governo vai apoiar o projeto de lei complementar em tramita\u00e7\u00e3o na C\u00e2mara que simplifica e aprimora o chamado \u201cregime de resolu\u00e7\u00e3o banc\u00e1ria\u201d. O projeto \u00e9 o PLP 281\/2019.<\/p>\n<\/div>\n<\/div>\n<div id=\"chunk-qg81\">\n<div class=\"mc-column content-text active-extra-styles \" data-block-type=\"unstyled\" data-block-weight=\"23\" data-block-id=\"71\">\n<p class=\"content-text__container \" data-track-category=\"Link no Texto\" data-track-links=\"\">A equipe econ\u00f4mica avalia que a legisla\u00e7\u00e3o atual que trata sobre liquida\u00e7\u00f5es (fechamento) e interven\u00e7\u00f5es em institui\u00e7\u00f5es do sistema banc\u00e1rio est\u00e1 desatualizada.<\/p>\n<\/div>\n<\/div>\n<div id=\"chunk-bba84\">\n<div class=\"mc-column content-text active-extra-styles \" data-block-type=\"unstyled\" data-block-weight=\"28\" data-block-id=\"72\">\n<p class=\"content-text__container \" data-track-category=\"Link no Texto\" data-track-links=\"\">Por isso, vai propor melhorias nas regras atuais e novas normas para permitir que o Banco Central tenha uma atua\u00e7\u00e3o mais efetiva para intervir em institui\u00e7\u00f5es em crise.<\/p>\n<\/div>\n<\/div>\n<div id=\"chunk-3cnk2\">\n<div class=\"mc-column content-text active-extra-styles \" data-block-type=\"unstyled\" data-block-weight=\"28\" data-block-id=\"73\">\n<p class=\"content-text__container \" data-track-category=\"Link no Texto\" data-track-links=\"\">Segundo o governo, caso o projeto seja aprovado, haver\u00e1 uma redu\u00e7\u00e3o dos riscos de utiliza\u00e7\u00e3o de recursos p\u00fablicos no caso de interven\u00e7\u00e3o em bancos ou outras institui\u00e7\u00f5es financeiras.<\/p>\n<\/div>\n<\/div>\n<div class=\"mc-column content-text active-extra-styles\" data-block-type=\"raw\" data-block-weight=\"2\" data-block-id=\"76\">\n<div class=\"content-intertitle\">\n<h2>9. Superendividamento<\/h2>\n<\/div>\n<p>O governo vai alterar o atual decreto 1.150\/2022, que trata do &#8220;m\u00ednimo existencial&#8221;, regulamentando a Lei do Superendividamento.<\/p>\n<\/div>\n<div id=\"chunk-dqklc\">\n<div class=\"mc-column content-text active-extra-styles \" data-block-type=\"unstyled\" data-block-weight=\"27\" data-block-id=\"78\">\n<p class=\"content-text__container \" data-track-category=\"Link no Texto\" data-track-links=\"\">O m\u00ednimo existencial \u00e9 a quantia m\u00ednima da renda que uma pessoa precisa para pagar suas despesas b\u00e1sicas. Esse valor n\u00e3o pode ser comprometida com d\u00edvidas.<\/p>\n<\/div>\n<\/div>\n<div id=\"chunk-7ia84\">\n<div class=\"mc-column content-text active-extra-styles \" data-block-type=\"unstyled\" data-block-weight=\"35\" data-block-id=\"79\">\n<p class=\"content-text__container \" data-track-category=\"Link no Texto\" data-track-links=\"\">Pelo decreto de 2022, o montante foi fixado em 25% do sal\u00e1rio m\u00ednimo vigente \u00e0 \u00e9poca, aproximadamente R$ 303 mensais. O governo vai editar decreto para estabelecer que o m\u00ednimo existencial suba para R$ 600.<\/p>\n<\/div>\n<\/div>\n<div id=\"chunk-ac2bo\">\n<div class=\"mc-column content-text active-extra-styles \" data-block-type=\"unstyled\" data-block-weight=\"31\" data-block-id=\"80\">\n<p class=\"content-text__container \" data-track-category=\"Link no Texto\" data-track-links=\"\">A equipe econ\u00f4mica avalia que houve um aumento da inadimpl\u00eancia e do endividamento da popula\u00e7\u00e3o no \u00faltimo ano, especialmente nas fam\u00edlias de baixa renda, com a redu\u00e7\u00e3o do m\u00ednimo existencial.<\/p>\n<\/div>\n<\/div>\n<div id=\"chunk-c5p2k\">\n<div class=\"mc-column content-text active-extra-styles \" data-block-type=\"unstyled\" data-block-weight=\"18\" data-block-id=\"81\">\n<p class=\"content-text__container \" data-track-category=\"Link no Texto\" data-track-links=\"\">Por isso, o governo pretende aumentar o valor para prote\u00e7\u00e3o do consumidor e, consequentemente, do mercado de cr\u00e9dito<\/p>\n<\/div>\n<\/div>\n<div class=\"mc-column content-text active-extra-styles\" data-block-type=\"raw\" data-block-weight=\"8\" data-block-id=\"84\">\n<div class=\"content-intertitle\">\n<h2>10. Prote\u00e7\u00e3o a investidores no mercado de capitais<\/h2>\n<\/div>\n<\/div>\n<div id=\"chunk-a8hgb\">\n<div class=\"mc-column content-text active-extra-styles \" data-block-type=\"unstyled\" data-block-weight=\"37\" data-block-id=\"85\">\n<p class=\"content-text__container \" data-track-category=\"Link no Texto\" data-track-links=\"\">O governo vai apresentar um projeto de lei para melhorar os mecanismos de prote\u00e7\u00e3o aos investidores minorit\u00e1rios e tamb\u00e9m para aprimorar as regras contra eventuais preju\u00edzos causados por acionistas controladores (que det\u00eam o controle de uma empresa).<\/p>\n<\/div>\n<\/div>\n<div id=\"chunk-3salp\">\n<div class=\"mc-column content-text active-extra-styles \" data-block-type=\"unstyled\" data-block-weight=\"37\" data-block-id=\"86\">\n<p class=\"content-text__container \" data-track-category=\"Link no Texto\" data-track-links=\"\">Por exemplo, um investidor minorit\u00e1rio de uma empresa ter\u00e1 mais ferramentas para entrar na Justi\u00e7a contra controladores que causaram preju\u00edzo ao neg\u00f3cio. Entre elas, est\u00e1 a possibilidade de mover a\u00e7\u00e3o civil coletiva de responsabilidade contra o controlador.<\/p>\n<\/div>\n<\/div>\n<div id=\"chunk-1uati\">\n<div class=\"mc-column content-text active-extra-styles \" data-block-type=\"unstyled\" data-block-weight=\"26\" data-block-id=\"87\">\n<p class=\"content-text__container \" data-track-category=\"Link no Texto\" data-track-links=\"\">O governo avalia que as regras atuais n\u00e3o protegem de maneira adequada os acionistas minorit\u00e1rios, o que leva a um menor financiamento do mercado de capital<\/p>\n<\/div>\n<\/div>\n<div class=\"mc-column content-text active-extra-styles\" data-block-type=\"raw\" data-block-weight=\"5\" data-block-id=\"90\">\n<div class=\"content-intertitle\">\n<h2>11. Infraestruturas do mercado financeiro<\/h2>\n<\/div>\n<\/div>\n<div id=\"chunk-8qf1i\">\n<div class=\"mc-column content-text active-extra-styles \" data-block-type=\"unstyled\" data-block-weight=\"38\" data-block-id=\"91\">\n<p class=\"content-text__container \" data-track-category=\"Link no Texto\" data-track-links=\"\">O governo vai propor um projeto de lei para aprimorar a legisla\u00e7\u00e3o sobre as chamadas &#8220;infraestruturas do mercado financeiro&#8221; (IMF), ou seja, sobre os processos de liquida\u00e7\u00e3o, compensa\u00e7\u00e3o, garantias, registro e dep\u00f3sitos de ativos financeiros e valores mobili\u00e1rios.<\/p>\n<\/div>\n<\/div>\n<div id=\"chunk-68vsb\">\n<div class=\"mc-column content-text active-extra-styles \" data-block-type=\"unstyled\" data-block-weight=\"20\" data-block-id=\"92\">\n<p class=\"content-text__container \" data-track-category=\"Link no Texto\" data-track-links=\"\">O projeto delimitar\u00e1 o papel do Banco Central, da Comiss\u00e3o de Valores Mobili\u00e1rios e da Superintend\u00eancia de Seguros Privados (Susep).<\/p>\n<\/div>\n<\/div>\n<div id=\"chunk-c2nfb\">\n<div class=\"mc-column content-text active-extra-styles \" data-block-type=\"unstyled\" data-block-weight=\"20\" data-block-id=\"93\">\n<p class=\"content-text__container \" data-track-category=\"Link no Texto\" data-track-links=\"\">O governo espera que a medida traga aumento da seguran\u00e7a dos processos e a redu\u00e7\u00e3o dos custos operacionais do sistema financeiro.<\/p>\n<\/div>\n<\/div>\n<div class=\"mc-column content-text active-extra-styles\" data-block-type=\"raw\" data-block-weight=\"6\" data-block-id=\"97\">\n<div class=\"content-intertitle\">\n<h2>12. Amplia\u00e7\u00e3o das cooperativas de seguros<\/h2>\n<\/div>\n<\/div>\n<div id=\"chunk-9fhsq\">\n<div class=\"mc-column content-text active-extra-styles \" data-block-type=\"unstyled\" data-block-weight=\"36\" data-block-id=\"98\">\n<p class=\"content-text__container \" data-track-category=\"Link no Texto\" data-track-links=\"\">O governo vai propor um projeto de lei complementar para possibilitar que cooperativas de seguros possam ampliar seu leque de atua\u00e7\u00e3o. Atualmente, esses grupos trabalham somente com seguro rural, de sa\u00fade e de acidentes de trabalho.<\/p>\n<\/div>\n<\/div>\n<div id=\"chunk-7egnb\">\n<div class=\"mc-column content-text active-extra-styles \" data-block-type=\"unstyled\" data-block-weight=\"44\" data-block-id=\"99\">\n<p class=\"content-text__container \" data-track-category=\"Link no Texto\" data-track-links=\"\">Na avalia\u00e7\u00e3o do governo, h\u00e1 uma aus\u00eancia de oferta de seguros em diversos segmentos, o que poder\u00e1 ser preenchido com as cooperativas, que j\u00e1 costumam atuar focando em determinados nichos. Por exemplo, elas poder\u00e3o oferecer seguros de autom\u00f3veis, bicicletas, celulares, tablets, notebooks, entre outros.<\/p>\n<\/div>\n<\/div>\n<div class=\"mc-column content-text active-extra-styles\" data-block-type=\"raw\" data-block-weight=\"6\" data-block-id=\"103\">\n<div class=\"content-intertitle\">\n<h2>13. Marco legal do seguro privado<\/h2>\n<\/div>\n<\/div>\n<div id=\"chunk-f6d1o\">\n<div class=\"mc-column content-text active-extra-styles \" data-block-type=\"unstyled\" data-block-weight=\"28\" data-block-id=\"104\">\n<p class=\"content-text__container \" data-track-category=\"Link no Texto\" data-track-links=\"\">O governo vai apoiar o projeto de lei da C\u00e2mara em tramita\u00e7\u00e3o no Senado (PLC 29\/2017) que aperfei\u00e7oa as regras do mercado de seguro privado no pa\u00eds.<\/p>\n<\/div>\n<\/div>\n<div id=\"chunk-2uhec\">\n<div class=\"mc-column content-text active-extra-styles \" data-block-type=\"unstyled\" data-block-weight=\"37\" data-block-id=\"105\">\n<p class=\"content-text__container \" data-track-category=\"Link no Texto\" data-track-links=\"\">Em linhas gerais, o projeto regula o setor consolidando e traz uma s\u00e9rie de novas regras para os diversos atores do mercado, como consumidores, corretores, seguradoras e \u00f3rg\u00e3os reguladores, al\u00e9m de direitos e obriga\u00e7\u00f5es das partes envolvidas.<\/p>\n<\/div>\n<\/div>\n<\/div>\n<\/article>\n<\/div>\n","protected":false},"excerpt":{"rendered":"<p>O Minist\u00e9rio da Fazenda anuncia nesta quinta-feira (20) um conjunto com 13 medidas (veja lista completa abaixo) que pretendem estimular o mercado de cr\u00e9dito e impulsionar as Parcerias P\u00fablico-Privadas (PPPs) em estados e munic\u00edpios. O pacote inclui tr\u00eas medidas relacionadas a projetos de lei j\u00e1 em tramita\u00e7\u00e3o\u00a0no Congresso Nacional, que passam a receber agora o [&hellip;]<\/p>\n","protected":false},"author":2,"featured_media":0,"comment_status":"open","ping_status":"open","sticky":false,"template":"","format":"standard","meta":{"_links_to":"","_links_to_target":""},"categories":[7,9,8,1],"tags":[],"_links":{"self":[{"href":"https:\/\/www.ilheusnoticias.net.br\/v1\/wp-json\/wp\/v2\/posts\/31619"}],"collection":[{"href":"https:\/\/www.ilheusnoticias.net.br\/v1\/wp-json\/wp\/v2\/posts"}],"about":[{"href":"https:\/\/www.ilheusnoticias.net.br\/v1\/wp-json\/wp\/v2\/types\/post"}],"author":[{"embeddable":true,"href":"https:\/\/www.ilheusnoticias.net.br\/v1\/wp-json\/wp\/v2\/users\/2"}],"replies":[{"embeddable":true,"href":"https:\/\/www.ilheusnoticias.net.br\/v1\/wp-json\/wp\/v2\/comments?post=31619"}],"version-history":[{"count":1,"href":"https:\/\/www.ilheusnoticias.net.br\/v1\/wp-json\/wp\/v2\/posts\/31619\/revisions"}],"predecessor-version":[{"id":31620,"href":"https:\/\/www.ilheusnoticias.net.br\/v1\/wp-json\/wp\/v2\/posts\/31619\/revisions\/31620"}],"wp:attachment":[{"href":"https:\/\/www.ilheusnoticias.net.br\/v1\/wp-json\/wp\/v2\/media?parent=31619"}],"wp:term":[{"taxonomy":"category","embeddable":true,"href":"https:\/\/www.ilheusnoticias.net.br\/v1\/wp-json\/wp\/v2\/categories?post=31619"},{"taxonomy":"post_tag","embeddable":true,"href":"https:\/\/www.ilheusnoticias.net.br\/v1\/wp-json\/wp\/v2\/tags?post=31619"}],"curies":[{"name":"wp","href":"https:\/\/api.w.org\/{rel}","templated":true}]}}