{"id":31615,"date":"2023-04-20T09:56:49","date_gmt":"2023-04-20T12:56:49","guid":{"rendered":"https:\/\/www.ilheusnoticias.net.br\/v1\/?p=31615"},"modified":"2023-04-20T09:56:49","modified_gmt":"2023-04-20T12:56:49","slug":"governador-anuncia-contratacao-imediata-de-248-professores-indigenas-para-72-escolas-da-bahia","status":"publish","type":"post","link":"https:\/\/www.ilheusnoticias.net.br\/v1\/2023\/04\/20\/governador-anuncia-contratacao-imediata-de-248-professores-indigenas-para-72-escolas-da-bahia\/","title":{"rendered":"Governador anuncia contrata\u00e7\u00e3o imediata de 248 professores ind\u00edgenas para 72 escolas da Bahia"},"content":{"rendered":"<div class=\"Post\">\n<div class=\"Post-body\">\n<div class=\"Post-inner article\"><\/div>\n<\/div>\n<\/div>\n<div class=\"Post\">\n<div class=\"Post-body\">\n<div class=\"Post-inner article\">\n<div class=\"PostHeaderIcons metadata-icons\"><\/div>\n<div class=\"PostContent\">\n<p><img src=\"http:\/\/www.blogdothame.blog.br\/v1\/wp-content\/uploads\/2023\/04\/assinatura-contratacao-prof-indigenas-Foto-Feijao-Almeida-3.jpeg\" \/><\/p>\n<p>&nbsp;<\/p>\n<p>O governador Jer\u00f4nimo Rodrigues assinou, nesta quarta-feira (19), autoriza\u00e7\u00e3o para a contrata\u00e7\u00e3o imediata de 248 professores da Educa\u00e7\u00e3o Ind\u00edgena para seis territ\u00f3rios de identidade da rede estadual do interior da Bahia. Na data que marca o Dia Nacional dos Povos Ind\u00edgenas, o chefe do executivo se reuniu com lideran\u00e7as, educadores e estudantes ind\u00edgenas das comunidades kiriri, patax\u00f3, patax\u00f3 h\u00e3 h\u00e3 h\u00e3e, tupinamb\u00e1 e kaimb\u00e9, para formalizar o an\u00fancio no \u00e2mbito da educa\u00e7\u00e3o ind\u00edgena, que vai beneficiar 72 escolas ind\u00edgenas e 11 etnias dos territ\u00f3rios do Velho Chico, Litoral Sul, Extremo Sul, Semi\u00e1rido Nordeste II, Itaparica e Costa do Descobrimento.<\/p>\n<p><img src=\"http:\/\/www.blogdothame.blog.br\/v1\/wp-content\/uploads\/2023\/04\/assinatura-contratacao-prof-indigenas-Foto-Feijao-Almeida-1.jpeg\" \/><\/p>\n<p>\u201c19 de abril \u00e9 o Dia dos povos ind\u00edgenas. Dia de celebrar as conquistas, mas tamb\u00e9m de reafirmar o compromisso de seguir lutando. Hoje, celebramos o chamamento de quase 250 professores ind\u00edgenas, que ter\u00e3o a oportunidade de contribuir com a educa\u00e7\u00e3o no pa\u00eds\u201d, afirmou o governador.<\/p>\n<\/div>\n<\/div>\n<\/div>\n<\/div>\n","protected":false},"excerpt":{"rendered":"<p>&nbsp; O governador Jer\u00f4nimo Rodrigues assinou, nesta quarta-feira (19), autoriza\u00e7\u00e3o para a contrata\u00e7\u00e3o imediata de 248 professores da Educa\u00e7\u00e3o Ind\u00edgena para seis territ\u00f3rios de identidade da rede estadual do interior da Bahia. Na data que marca o Dia Nacional dos Povos Ind\u00edgenas, o chefe do executivo se reuniu com lideran\u00e7as, educadores e estudantes ind\u00edgenas das [&hellip;]<\/p>\n","protected":false},"author":2,"featured_media":0,"comment_status":"open","ping_status":"open","sticky":false,"template":"","format":"standard","meta":{"_links_to":"","_links_to_target":""},"categories":[7,9,8,1],"tags":[],"_links":{"self":[{"href":"https:\/\/www.ilheusnoticias.net.br\/v1\/wp-json\/wp\/v2\/posts\/31615"}],"collection":[{"href":"https:\/\/www.ilheusnoticias.net.br\/v1\/wp-json\/wp\/v2\/posts"}],"about":[{"href":"https:\/\/www.ilheusnoticias.net.br\/v1\/wp-json\/wp\/v2\/types\/post"}],"author":[{"embeddable":true,"href":"https:\/\/www.ilheusnoticias.net.br\/v1\/wp-json\/wp\/v2\/users\/2"}],"replies":[{"embeddable":true,"href":"https:\/\/www.ilheusnoticias.net.br\/v1\/wp-json\/wp\/v2\/comments?post=31615"}],"version-history":[{"count":1,"href":"https:\/\/www.ilheusnoticias.net.br\/v1\/wp-json\/wp\/v2\/posts\/31615\/revisions"}],"predecessor-version":[{"id":31616,"href":"https:\/\/www.ilheusnoticias.net.br\/v1\/wp-json\/wp\/v2\/posts\/31615\/revisions\/31616"}],"wp:attachment":[{"href":"https:\/\/www.ilheusnoticias.net.br\/v1\/wp-json\/wp\/v2\/media?parent=31615"}],"wp:term":[{"taxonomy":"category","embeddable":true,"href":"https:\/\/www.ilheusnoticias.net.br\/v1\/wp-json\/wp\/v2\/categories?post=31615"},{"taxonomy":"post_tag","embeddable":true,"href":"https:\/\/www.ilheusnoticias.net.br\/v1\/wp-json\/wp\/v2\/tags?post=31615"}],"curies":[{"name":"wp","href":"https:\/\/api.w.org\/{rel}","templated":true}]}}