{"id":31609,"date":"2023-04-20T09:48:01","date_gmt":"2023-04-20T12:48:01","guid":{"rendered":"https:\/\/www.ilheusnoticias.net.br\/v1\/?p=31609"},"modified":"2023-04-20T09:48:01","modified_gmt":"2023-04-20T12:48:01","slug":"prefeito-mario-alexandre-participa-de-solenidade-em-comemoracao-ao-dia-do-exercito","status":"publish","type":"post","link":"https:\/\/www.ilheusnoticias.net.br\/v1\/2023\/04\/20\/prefeito-mario-alexandre-participa-de-solenidade-em-comemoracao-ao-dia-do-exercito\/","title":{"rendered":"Prefeito M\u00e1rio Alexandre participa de solenidade em comemora\u00e7\u00e3o ao Dia do Ex\u00e9rcito"},"content":{"rendered":"<div class=\"imagem thumbnail col-xs-12 col-sm-8 col-md-6 col-lg-6 imagem-materia\"><a class=\"fresco\" title=\"\" href=\"https:\/\/portalfacilarquivos.blob.core.windows.net\/uploads\/ILHEUS\/imgOrig\/%7BABC0B10D-CB7E-C12C-CBE5-23E0C45B5D7B%7D.jpg\" data-fresco-caption=\"\"><img loading=\"lazy\" title=\"\" src=\"https:\/\/portalfacilarquivos.blob.core.windows.net\/uploads\/ILHEUS\/img\/%7BABC0B10D-CB7E-C12C-CBE5-23E0C45B5D7B%7D\/%7BABC0B10D-CB7E-C12C-CBE5-23E0C45B5D7B%7D_650X450.jpg\" alt=\"Dia do Ex\u00e9rcito\" width=\"650\" height=\"450\" \/><\/a><\/p>\n<p class=\"bg-primary\">Ao lado do tenente-coronel Rafael Silva Dutra, o prefeito M\u00e1rio Alexandre participou da solenidade em alus\u00e3o ao Dia do Ex\u00e9rcito, comemorado nesta quarta-feira (19). O ato aconteceu na Base de Apoio Regional de Ilh\u00e9us e reuniu diversas autoridades militares e civis do munic\u00edpio. M\u00e1rio Alexandre ressaltou que o Ex\u00e9rcito instrui os jovens atrav\u00e9s de ensinamentos valorosos, como disciplina e hierarquia.<\/p>\n<\/div>\n<p>\u201cUma institui\u00e7\u00e3o que nos enche de orgulho. O Ex\u00e9rcito desenvolve um trabalho de grande relev\u00e2ncia social, prestando apoio \u00e0s a\u00e7\u00f5es da nossa gest\u00e3o. Quero parabenizar a todos por essa data e reafirmar que a\u00a0Prefeitura de Ilh\u00e9us est\u00e1 \u00e0 disposi\u00e7\u00e3o do Ex\u00e9rcito Brasileiro para manter esse trabalho de excel\u00eancia e garantir qualidade de vida e bem-estar da nossa gente\u201d.<\/p>\n<p>&nbsp;<\/p>\n<div class=\"imagem thumbnail col-xs-12 col-sm-8 col-md-6 col-lg-6 imagem-materia\"><a class=\"fresco\" title=\"\" href=\"https:\/\/portalfacilarquivos.blob.core.windows.net\/uploads\/ILHEUS\/imgOrig\/%7BCCD3A176-E3B6-EA51-BAB7-CC84DBDB5A67%7D.jpg\" data-fresco-caption=\"\"><img loading=\"lazy\" title=\"\" src=\"https:\/\/portalfacilarquivos.blob.core.windows.net\/uploads\/ILHEUS\/img\/%7BCCD3A176-E3B6-EA51-BAB7-CC84DBDB5A67%7D\/%7BCCD3A176-E3B6-EA51-BAB7-CC84DBDB5A67%7D_650X450.jpg\" alt=\"Dia do Ex\u00e9rcito\" width=\"650\" height=\"450\" \/><\/a><\/p>\n<p class=\"bg-primary\">A cerim\u00f4nia contou com grito de guerra e desfile militar. Ap\u00f3s a solenidade, os convidados participaram de uma confraterniza\u00e7\u00e3o.<\/p>\n<\/div>\n<p><strong>Dia do Ex\u00e9rcito Brasileiro &#8211;<\/strong>\u00a0\u00a0A data \u00e9 marcada pela primeira luta dos povos do Brasil contra a domina\u00e7\u00e3o holandesa, em 1648, e homenageia a for\u00e7a e presen\u00e7a do ex\u00e9rcito nacional como entidade de prote\u00e7\u00e3o do territ\u00f3rio e na\u00e7\u00e3o brasileira. O Dia do Ex\u00e9rcito \u00e9 celebrado em mem\u00f3ria da Batalha dos Guararapes, confronto militar travado entre 18 e 19 de abril do mesmo ano, no estado de Pernambuco.<\/p>\n","protected":false},"excerpt":{"rendered":"<p>Ao lado do tenente-coronel Rafael Silva Dutra, o prefeito M\u00e1rio Alexandre participou da solenidade em alus\u00e3o ao Dia do Ex\u00e9rcito, comemorado nesta quarta-feira (19). O ato aconteceu na Base de Apoio Regional de Ilh\u00e9us e reuniu diversas autoridades militares e civis do munic\u00edpio. M\u00e1rio Alexandre ressaltou que o Ex\u00e9rcito instrui os jovens atrav\u00e9s de ensinamentos [&hellip;]<\/p>\n","protected":false},"author":2,"featured_media":0,"comment_status":"open","ping_status":"open","sticky":false,"template":"","format":"standard","meta":{"_links_to":"","_links_to_target":""},"categories":[7,9,8,1],"tags":[],"_links":{"self":[{"href":"https:\/\/www.ilheusnoticias.net.br\/v1\/wp-json\/wp\/v2\/posts\/31609"}],"collection":[{"href":"https:\/\/www.ilheusnoticias.net.br\/v1\/wp-json\/wp\/v2\/posts"}],"about":[{"href":"https:\/\/www.ilheusnoticias.net.br\/v1\/wp-json\/wp\/v2\/types\/post"}],"author":[{"embeddable":true,"href":"https:\/\/www.ilheusnoticias.net.br\/v1\/wp-json\/wp\/v2\/users\/2"}],"replies":[{"embeddable":true,"href":"https:\/\/www.ilheusnoticias.net.br\/v1\/wp-json\/wp\/v2\/comments?post=31609"}],"version-history":[{"count":1,"href":"https:\/\/www.ilheusnoticias.net.br\/v1\/wp-json\/wp\/v2\/posts\/31609\/revisions"}],"predecessor-version":[{"id":31610,"href":"https:\/\/www.ilheusnoticias.net.br\/v1\/wp-json\/wp\/v2\/posts\/31609\/revisions\/31610"}],"wp:attachment":[{"href":"https:\/\/www.ilheusnoticias.net.br\/v1\/wp-json\/wp\/v2\/media?parent=31609"}],"wp:term":[{"taxonomy":"category","embeddable":true,"href":"https:\/\/www.ilheusnoticias.net.br\/v1\/wp-json\/wp\/v2\/categories?post=31609"},{"taxonomy":"post_tag","embeddable":true,"href":"https:\/\/www.ilheusnoticias.net.br\/v1\/wp-json\/wp\/v2\/tags?post=31609"}],"curies":[{"name":"wp","href":"https:\/\/api.w.org\/{rel}","templated":true}]}}