{"id":31607,"date":"2023-04-20T09:46:33","date_gmt":"2023-04-20T12:46:33","guid":{"rendered":"https:\/\/www.ilheusnoticias.net.br\/v1\/?p=31607"},"modified":"2023-04-20T09:46:33","modified_gmt":"2023-04-20T12:46:33","slug":"ilheus-amplia-cobertura-da-atencao-basica-com-implantacao-de-novas-estrategias-saude-da-familia","status":"publish","type":"post","link":"https:\/\/www.ilheusnoticias.net.br\/v1\/2023\/04\/20\/ilheus-amplia-cobertura-da-atencao-basica-com-implantacao-de-novas-estrategias-saude-da-familia\/","title":{"rendered":"Ilh\u00e9us amplia cobertura da Aten\u00e7\u00e3o B\u00e1sica com implanta\u00e7\u00e3o de novas Estrat\u00e9gias Sa\u00fade da Fam\u00edlia"},"content":{"rendered":"<div><\/div>\n<div class=\"imagem thumbnail col-xs-12 col-sm-8 col-md-6 col-lg-6 imagem-materia\"><a class=\"fresco\" title=\"\" href=\"https:\/\/portalfacilarquivos.blob.core.windows.net\/uploads\/ILHEUS\/imgOrig\/%7B15CCBAAC-A5D3-E4C6-C08C-20A1AE3ACB0E%7D.jpg\" data-fresco-caption=\"\"><img loading=\"lazy\" title=\"\" src=\"https:\/\/portalfacilarquivos.blob.core.windows.net\/uploads\/ILHEUS\/img\/%7B15CCBAAC-A5D3-E4C6-C08C-20A1AE3ACB0E%7D\/%7B15CCBAAC-A5D3-E4C6-C08C-20A1AE3ACB0E%7D_650X450.jpg\" alt=\"reuni\u00e3o; sesab\" width=\"650\" height=\"450\" \/><\/a><\/p>\n<p class=\"bg-primary\">Dando continuidade ao processo de reestrutura\u00e7\u00e3o da Aten\u00e7\u00e3o Prim\u00e1ria \u00e0 Sa\u00fade, a Prefeitura de Ilh\u00e9us vai ampliar o atendimento na rede p\u00fablica do munic\u00edpio. Conforme a Secretaria de Sa\u00fade (Sesau), ser\u00e3o implantadas mais oito Estrat\u00e9gias Sa\u00fade da Fam\u00edlia (ESFs) nas unidades Sarah Kubitschek; Hernani S\u00e1; Oliven\u00e7a; Banco da Vit\u00f3ria; Santa Dulce dos Pobres; Esperan\u00e7a e S\u00e3o Miguel.<\/p>\n<\/div>\n<p>As ESFs possuem equipe multiprofissional, composta por m\u00e9dicos generalistas, enfermeiros, t\u00e9cnicos de enfermagem e agentes comunit\u00e1rios de sa\u00fade. A Sesau explica que a amplia\u00e7\u00e3o faz parte do projeto desenvolvido pela gest\u00e3o do prefeito M\u00e1rio Alexandre, com foco na qualidade e efici\u00eancia dos servi\u00e7os oferecidos \u00e0 popula\u00e7\u00e3o.<\/p>\n<p>A implanta\u00e7\u00e3o das novas Estrat\u00e9gias Sa\u00fade da Fam\u00edlia integra ainda o plano de fortalecimento da rede pr\u00f3pria, que inclui a constru\u00e7\u00e3o de mais cinco Unidades B\u00e1sicas de Sa\u00fade (UBSs), nos bairros Nossa Senhora da Vit\u00f3ria, Teot\u00f4nio Vilela, Banco da Vit\u00f3ria e Salobrinho.<\/p>\n<p>Segundo M\u00e1rio Alexandre, o apoio do Governo da Bahia \u00e9 crucial para garantir que as a\u00e7\u00f5es sejam efetivadas, visto que o ente estadual expandiu o atendimento na rede de urg\u00eancia e emerg\u00eancia no munic\u00edpio, bem como a oferta de servi\u00e7os de m\u00e9dia e alta complexidade, assegurados atrav\u00e9s do funcionamento do Hospital Costa do Cacau e em breve da Policl\u00ednica Regional de Sa\u00fade.<\/p>\n<p>&nbsp;<\/p>\n<div class=\"imagem thumbnail col-xs-12 col-sm-8 col-md-6 col-lg-6 imagem-materia\"><a class=\"fresco\" title=\"\" href=\"https:\/\/portalfacilarquivos.blob.core.windows.net\/uploads\/ILHEUS\/imgOrig\/%7B8DD74DAB-0AED-D0DA-314D-B8E55BC0DBD1%7D.jpg\" data-fresco-caption=\"\"><img loading=\"lazy\" title=\"\" src=\"https:\/\/portalfacilarquivos.blob.core.windows.net\/uploads\/ILHEUS\/img\/%7B8DD74DAB-0AED-D0DA-314D-B8E55BC0DBD1%7D\/%7B8DD74DAB-0AED-D0DA-314D-B8E55BC0DBD1%7D_650X450.jpg\" alt=\"esf; sesau\" width=\"650\" height=\"450\" \/><\/a><\/p>\n<p class=\"bg-primary\">\u201cDentro dessa parceria estamos conseguindo reorganizar o fluxo nas nossas unidades e promover uma verdadeira mudan\u00e7a nos indicadores. Agrade\u00e7o ao governador Jer\u00f4nimo e a toda equipe do Estado, que t\u00eam dado o apoio necess\u00e1rio para que a gente consiga oferecer um atendimento de qualidade ao nosso povo. Tudo isso \u00e9 sin\u00f4nimo de carinho e respeito. Continuaremos unidos em prol do bem-estar de cada ilheense\u201d, frisou o gestor.<\/p>\n<\/div>\n<p>Al\u00e9m dos servi\u00e7os j\u00e1 ofertados, a Sesau pretende ampliar o cuidado integral \u00e0s fam\u00edlias cadastradas, a partir de crit\u00e9rios de densidade demogr\u00e1fica e ap\u00f3s mapeamento e territorializa\u00e7\u00e3o.<\/p>\n<p>\u201cO nosso objetivo \u00e9 fortalecer a Aten\u00e7\u00e3o B\u00e1sica, com mais preven\u00e7\u00e3o e menos paciente hospitalizado. As fam\u00edlias s\u00e3o acompanhadas pelas equipes nas respectivas \u00e1reas de abrang\u00eancia. A ESF \u00e9 porta de entrada preferencial do SUS e funciona de forma integral, para assegurar atendimento di\u00e1rio e visitas domiciliares aos usu\u00e1rios cadastrados\u201d, acrescentou Andr\u00e9 Cez\u00e1rio, titular da Sesau.<\/p>\n","protected":false},"excerpt":{"rendered":"<p>Dando continuidade ao processo de reestrutura\u00e7\u00e3o da Aten\u00e7\u00e3o Prim\u00e1ria \u00e0 Sa\u00fade, a Prefeitura de Ilh\u00e9us vai ampliar o atendimento na rede p\u00fablica do munic\u00edpio. Conforme a Secretaria de Sa\u00fade (Sesau), ser\u00e3o implantadas mais oito Estrat\u00e9gias Sa\u00fade da Fam\u00edlia (ESFs) nas unidades Sarah Kubitschek; Hernani S\u00e1; Oliven\u00e7a; Banco da Vit\u00f3ria; Santa Dulce dos Pobres; Esperan\u00e7a e [&hellip;]<\/p>\n","protected":false},"author":2,"featured_media":0,"comment_status":"open","ping_status":"open","sticky":false,"template":"","format":"standard","meta":{"_links_to":"","_links_to_target":""},"categories":[7,9,8,1],"tags":[],"_links":{"self":[{"href":"https:\/\/www.ilheusnoticias.net.br\/v1\/wp-json\/wp\/v2\/posts\/31607"}],"collection":[{"href":"https:\/\/www.ilheusnoticias.net.br\/v1\/wp-json\/wp\/v2\/posts"}],"about":[{"href":"https:\/\/www.ilheusnoticias.net.br\/v1\/wp-json\/wp\/v2\/types\/post"}],"author":[{"embeddable":true,"href":"https:\/\/www.ilheusnoticias.net.br\/v1\/wp-json\/wp\/v2\/users\/2"}],"replies":[{"embeddable":true,"href":"https:\/\/www.ilheusnoticias.net.br\/v1\/wp-json\/wp\/v2\/comments?post=31607"}],"version-history":[{"count":1,"href":"https:\/\/www.ilheusnoticias.net.br\/v1\/wp-json\/wp\/v2\/posts\/31607\/revisions"}],"predecessor-version":[{"id":31608,"href":"https:\/\/www.ilheusnoticias.net.br\/v1\/wp-json\/wp\/v2\/posts\/31607\/revisions\/31608"}],"wp:attachment":[{"href":"https:\/\/www.ilheusnoticias.net.br\/v1\/wp-json\/wp\/v2\/media?parent=31607"}],"wp:term":[{"taxonomy":"category","embeddable":true,"href":"https:\/\/www.ilheusnoticias.net.br\/v1\/wp-json\/wp\/v2\/categories?post=31607"},{"taxonomy":"post_tag","embeddable":true,"href":"https:\/\/www.ilheusnoticias.net.br\/v1\/wp-json\/wp\/v2\/tags?post=31607"}],"curies":[{"name":"wp","href":"https:\/\/api.w.org\/{rel}","templated":true}]}}