{"id":31603,"date":"2023-04-20T07:08:52","date_gmt":"2023-04-20T10:08:52","guid":{"rendered":"https:\/\/www.ilheusnoticias.net.br\/v1\/?p=31603"},"modified":"2023-04-20T07:08:52","modified_gmt":"2023-04-20T10:08:52","slug":"vereador-kaique-souza-se-posiciona-contra-o-aumento-da-tarifa-do-transporte-coletivo-em-ilheus","status":"publish","type":"post","link":"https:\/\/www.ilheusnoticias.net.br\/v1\/2023\/04\/20\/vereador-kaique-souza-se-posiciona-contra-o-aumento-da-tarifa-do-transporte-coletivo-em-ilheus\/","title":{"rendered":"Vereador Kaique Souza se posiciona contra o aumento da tarifa do transporte coletivo em Ilh\u00e9us"},"content":{"rendered":"<p><span style=\"-webkit-tap-highlight-color: rgba(0, 0, 0, 0);\"><img loading=\"lazy\" class=\"size-full wp-image-31604 aligncenter\" src=\"https:\/\/www.ilheusnoticias.net.br\/v1\/wp-content\/uploads\/2023\/04\/6CCCE77C-646B-4F80-986F-FCF5691326FA.jpeg\" alt=\"\" width=\"600\" height=\"797\" srcset=\"https:\/\/www.ilheusnoticias.net.br\/v1\/wp-content\/uploads\/2023\/04\/6CCCE77C-646B-4F80-986F-FCF5691326FA.jpeg 600w, https:\/\/www.ilheusnoticias.net.br\/v1\/wp-content\/uploads\/2023\/04\/6CCCE77C-646B-4F80-986F-FCF5691326FA-226x300.jpeg 226w\" sizes=\"(max-width: 600px) 100vw, 600px\" \/><\/span><\/p>\n<p>Nas \u00faltimas semana tem sido debatido o poss\u00edvel aumento da tarifa do transporte coletivo em Ilh\u00e9us. O constante descaso e aumento de ocorr\u00eancias com \u00f4nibus quebrados, com defeitos e etc, tem levado a popula\u00e7\u00e3o a uma grande como\u00e7\u00e3o e revolta por parte do desservi\u00e7o que as empresas tem prestado.<\/p>\n<p>O Vereador Kaique Souza, que esta em seu 1\u00ba mandato se posicionou contra o aumento da tarifa do transporte coletivo em Ilh\u00e9us, pois o mesmo acha que sem melhorias, sem garantias, sem um servi\u00e7o de qualidade n\u00e3o se pode aumentar nada.<\/p>\n<p>\u201dN\u00e3o se pode aumentar tarifa ou algo do tipo antes de prestar um grande servi\u00e7o a nossa popula\u00e7\u00e3o, com \u00f4nibus para todos, com transporte de qualidade, que cumpram as exig\u00eancias e os hor\u00e1rios na zona urbana e principalmente no interior onde o nosso povo mais sofre\u201d. Declarou o Vereador.<\/p>\n<p>Na \u00faltima semana o Vereador Kaique Souza esteve em Salvador debatendo sobre as melhorias na BA 001, na oportunidade esteve com a Deputada Estadual Soane Galvao e a Deputada Federal Lidice da Mata pedindo lombo faixas e pontos de \u00f4nibus com coberturas ao longo da BA 001.<\/p>\n","protected":false},"excerpt":{"rendered":"<p>Nas \u00faltimas semana tem sido debatido o poss\u00edvel aumento da tarifa do transporte coletivo em Ilh\u00e9us. O constante descaso e aumento de ocorr\u00eancias com \u00f4nibus quebrados, com defeitos e etc, tem levado a popula\u00e7\u00e3o a uma grande como\u00e7\u00e3o e revolta por parte do desservi\u00e7o que as empresas tem prestado. O Vereador Kaique Souza, que esta [&hellip;]<\/p>\n","protected":false},"author":2,"featured_media":0,"comment_status":"open","ping_status":"open","sticky":false,"template":"","format":"standard","meta":{"_links_to":"","_links_to_target":""},"categories":[1],"tags":[],"_links":{"self":[{"href":"https:\/\/www.ilheusnoticias.net.br\/v1\/wp-json\/wp\/v2\/posts\/31603"}],"collection":[{"href":"https:\/\/www.ilheusnoticias.net.br\/v1\/wp-json\/wp\/v2\/posts"}],"about":[{"href":"https:\/\/www.ilheusnoticias.net.br\/v1\/wp-json\/wp\/v2\/types\/post"}],"author":[{"embeddable":true,"href":"https:\/\/www.ilheusnoticias.net.br\/v1\/wp-json\/wp\/v2\/users\/2"}],"replies":[{"embeddable":true,"href":"https:\/\/www.ilheusnoticias.net.br\/v1\/wp-json\/wp\/v2\/comments?post=31603"}],"version-history":[{"count":1,"href":"https:\/\/www.ilheusnoticias.net.br\/v1\/wp-json\/wp\/v2\/posts\/31603\/revisions"}],"predecessor-version":[{"id":31605,"href":"https:\/\/www.ilheusnoticias.net.br\/v1\/wp-json\/wp\/v2\/posts\/31603\/revisions\/31605"}],"wp:attachment":[{"href":"https:\/\/www.ilheusnoticias.net.br\/v1\/wp-json\/wp\/v2\/media?parent=31603"}],"wp:term":[{"taxonomy":"category","embeddable":true,"href":"https:\/\/www.ilheusnoticias.net.br\/v1\/wp-json\/wp\/v2\/categories?post=31603"},{"taxonomy":"post_tag","embeddable":true,"href":"https:\/\/www.ilheusnoticias.net.br\/v1\/wp-json\/wp\/v2\/tags?post=31603"}],"curies":[{"name":"wp","href":"https:\/\/api.w.org\/{rel}","templated":true}]}}