{"id":31593,"date":"2023-04-18T10:25:54","date_gmt":"2023-04-18T13:25:54","guid":{"rendered":"https:\/\/www.ilheusnoticias.net.br\/v1\/?p=31593"},"modified":"2023-04-18T10:25:54","modified_gmt":"2023-04-18T13:25:54","slug":"vereador-kaique-souza-e-eleito-membro-do-conselho-fiscal-da-ubv-uniao-baiana-de-vereadoresas","status":"publish","type":"post","link":"https:\/\/www.ilheusnoticias.net.br\/v1\/2023\/04\/18\/vereador-kaique-souza-e-eleito-membro-do-conselho-fiscal-da-ubv-uniao-baiana-de-vereadoresas\/","title":{"rendered":"Vereador Kaique Souza \u00e9 eleito membro do Conselho Fiscal da UBV (Uni\u00e3o Baiana de Vereadores(as)"},"content":{"rendered":"<p style=\"text-align: left;\"><img loading=\"lazy\" class=\"size-full wp-image-31594 aligncenter\" src=\"https:\/\/www.ilheusnoticias.net.br\/v1\/wp-content\/uploads\/2023\/04\/4C4A01D5-B5CB-4024-8A07-628FC16FDB43.jpeg\" alt=\"\" width=\"600\" height=\"798\" srcset=\"https:\/\/www.ilheusnoticias.net.br\/v1\/wp-content\/uploads\/2023\/04\/4C4A01D5-B5CB-4024-8A07-628FC16FDB43.jpeg 600w, https:\/\/www.ilheusnoticias.net.br\/v1\/wp-content\/uploads\/2023\/04\/4C4A01D5-B5CB-4024-8A07-628FC16FDB43-226x300.jpeg 226w\" sizes=\"(max-width: 600px) 100vw, 600px\" \/><br \/>\nNa manh\u00e3 de hoje (18) no Audit\u00f3rio da ALBA (Assembl\u00e9ia Legislativa da Bahia) foi fundada a nova Uni\u00e3o Baiana de Vereadores. Entidade essa que vai representar tamb\u00e9m os Vereadores e Vereadoras, Ex-Vereadores da Bahia.<\/p>\n<p>Nesse lan\u00e7amento o Vereador de Ilh\u00e9us Kaique Souza ( Podemos) foi eleito para o Conselho Fiscal da institui\u00e7\u00e3o.<\/p>\n<p>\u00c9 com prazer e lisonjeado por este convite e miss\u00e3o, j\u00e1 no meu 1\u00ba Mandato sendo eleito para uma importante miss\u00e3o. Destacou Kaique Souza.<\/p>\n","protected":false},"excerpt":{"rendered":"<p>Na manh\u00e3 de hoje (18) no Audit\u00f3rio da ALBA (Assembl\u00e9ia Legislativa da Bahia) foi fundada a nova Uni\u00e3o Baiana de Vereadores. Entidade essa que vai representar tamb\u00e9m os Vereadores e Vereadoras, Ex-Vereadores da Bahia. Nesse lan\u00e7amento o Vereador de Ilh\u00e9us Kaique Souza ( Podemos) foi eleito para o Conselho Fiscal da institui\u00e7\u00e3o. \u00c9 com prazer [&hellip;]<\/p>\n","protected":false},"author":2,"featured_media":0,"comment_status":"open","ping_status":"open","sticky":false,"template":"","format":"standard","meta":{"_links_to":"","_links_to_target":""},"categories":[1],"tags":[],"_links":{"self":[{"href":"https:\/\/www.ilheusnoticias.net.br\/v1\/wp-json\/wp\/v2\/posts\/31593"}],"collection":[{"href":"https:\/\/www.ilheusnoticias.net.br\/v1\/wp-json\/wp\/v2\/posts"}],"about":[{"href":"https:\/\/www.ilheusnoticias.net.br\/v1\/wp-json\/wp\/v2\/types\/post"}],"author":[{"embeddable":true,"href":"https:\/\/www.ilheusnoticias.net.br\/v1\/wp-json\/wp\/v2\/users\/2"}],"replies":[{"embeddable":true,"href":"https:\/\/www.ilheusnoticias.net.br\/v1\/wp-json\/wp\/v2\/comments?post=31593"}],"version-history":[{"count":1,"href":"https:\/\/www.ilheusnoticias.net.br\/v1\/wp-json\/wp\/v2\/posts\/31593\/revisions"}],"predecessor-version":[{"id":31595,"href":"https:\/\/www.ilheusnoticias.net.br\/v1\/wp-json\/wp\/v2\/posts\/31593\/revisions\/31595"}],"wp:attachment":[{"href":"https:\/\/www.ilheusnoticias.net.br\/v1\/wp-json\/wp\/v2\/media?parent=31593"}],"wp:term":[{"taxonomy":"category","embeddable":true,"href":"https:\/\/www.ilheusnoticias.net.br\/v1\/wp-json\/wp\/v2\/categories?post=31593"},{"taxonomy":"post_tag","embeddable":true,"href":"https:\/\/www.ilheusnoticias.net.br\/v1\/wp-json\/wp\/v2\/tags?post=31593"}],"curies":[{"name":"wp","href":"https:\/\/api.w.org\/{rel}","templated":true}]}}