{"id":31591,"date":"2023-04-15T10:34:45","date_gmt":"2023-04-15T13:34:45","guid":{"rendered":"https:\/\/www.ilheusnoticias.net.br\/v1\/?p=31591"},"modified":"2023-04-15T10:34:45","modified_gmt":"2023-04-15T13:34:45","slug":"governo-envia-diretrizes-do-orcamento-prevendo-salario-minimo-de-r-1-389-em-2024","status":"publish","type":"post","link":"https:\/\/www.ilheusnoticias.net.br\/v1\/2023\/04\/15\/governo-envia-diretrizes-do-orcamento-prevendo-salario-minimo-de-r-1-389-em-2024\/","title":{"rendered":"Governo envia diretrizes do or\u00e7amento prevendo sal\u00e1rio m\u00ednimo de R$ 1.389 em 2024"},"content":{"rendered":"<div class=\"row content-head non-featured \">\n<div class=\"title\" data-block-type=\"title\" data-block-id=\"0\"><\/div>\n<div class=\"medium-centered subtitle\">\n<h2 class=\"content-head__subtitle\"><span style=\"font-size: 16px;\">O governo enviou nesta sexta-feira (14) ao <\/span><a class=\"\" style=\"font-size: 16px;\" href=\"https:\/\/g1.globo.com\/politica\/noticia\/2023\/04\/14\/governo-envia-ao-congresso-projeto-de-lei-de-diretrizes-orcamentarias-para-2024.ghtml\">Congresso Nacional o Projeto de Lei de Diretrizes Or\u00e7ament\u00e1rias (PLDO)<\/a><span style=\"font-size: 16px;\">\u00a0prevendo que o sal\u00e1rio m\u00ednimo em 2024 ser\u00e1 de R$ 1.389.<\/span><\/h2>\n<\/div>\n<\/div>\n<div class=\"mc-article-body\">\n<article>\n<div class=\"wall protected-content\">\n<div id=\"chunk-97kk4\">\n<div class=\"mc-column content-text active-extra-styles \" data-block-type=\"unstyled\" data-block-weight=\"18\" data-block-id=\"3\">\n<p class=\"content-text__container \" data-track-category=\"Link no Texto\" data-track-links=\"\">O valor representa uma alta de 6,7% em rela\u00e7\u00e3o ao piso atual, que \u00e9 de R$ 1.302.<\/p>\n<\/div>\n<\/div>\n<div id=\"chunk-7obrr\">\n<div class=\"mc-column content-text active-extra-styles \" data-block-type=\"unstyled\" data-block-weight=\"18\" data-block-id=\"4\">\n<p class=\"content-text__container \" data-track-category=\"Link no Texto\" data-track-links=\"\">A partir de maio,\u00a0<a class=\"\" href=\"https:\/\/g1.globo.com\/politica\/noticia\/2023\/02\/16\/lula-confirma-salario-minimo-de-r-1320-a-partir-de-maio-e-aumento-da-isencao-de-ir-para-r-2640.ghtml\">o governo prometeu elevar para R$ 1.320<\/a>. Nesse caso, o aumento ser\u00e1 de 5,2%.<\/p>\n<\/div>\n<\/div>\n<div id=\"chunk-6r885\">\n<div class=\"mc-column content-text active-extra-styles \" data-block-type=\"unstyled\" data-block-weight=\"23\" data-block-id=\"6\">\n<p class=\"content-text__container \" data-track-category=\"Link no Texto\" data-track-links=\"\">Pelo PLDO,\u00a0<span class=\"highlight highlighted\">a corre\u00e7\u00e3o do sal\u00e1rio m\u00ednimo em 2024 ser\u00e1 feita pela apenas infla\u00e7\u00e3o medida pelo \u00cdndice Nacional de Pre\u00e7os ao Consumidor (INPC).<\/span><\/p>\n<\/div>\n<\/div>\n<div id=\"chunk-ccsiq\">\n<div class=\"mc-column content-text active-extra-styles \" data-block-type=\"unstyled\" data-block-weight=\"57\" data-block-id=\"7\">\n<p class=\"content-text__container \" data-track-category=\"Link no Texto\" data-track-links=\"\">&#8220;O sal\u00e1rio m\u00ednimo estimado para 2024, de R$ 1.389, considera apenas a corre\u00e7\u00e3o do valor previsto para dezembro de 2023 pelo INPC. Eventuais novas regras de reajuste, que prevejam aumentos reais para o sal\u00e1rio m\u00ednimo, ser\u00e3o oportunamente incorporadas ao cen\u00e1rio fiscal quando da elabora\u00e7\u00e3o da lei or\u00e7ament\u00e1ria anual&#8221;, diz o Minist\u00e9rio do Planejamento e Or\u00e7amento em nota.<\/p>\n<\/div>\n<\/div>\n<div id=\"chunk-4h6cq\">\n<div class=\"mc-column content-text active-extra-styles \" data-block-type=\"unstyled\" data-block-weight=\"39\" data-block-id=\"9\">\n<p class=\"content-text__container \" data-track-category=\"Link no Texto\" data-track-links=\"\">De acordo com informa\u00e7\u00f5es do Departamento Intersindical de Estat\u00edstica e Estudos Socioecon\u00f4micos (Dieese), o\u00a0<strong><span class=\"highlight highlighted\">sal\u00e1rio m\u00ednimo serve de refer\u00eancia para 60,3 milh\u00f5es de pessoas no Brasil<\/span><\/strong>, das quais 24,8 milh\u00f5es de benefici\u00e1rios do Instituto Nacional do Seguro Social (INSS).<\/p>\n<\/div>\n<\/div>\n<div id=\"chunk-fs8qk\">\n<div class=\"mc-column content-text active-extra-styles \" data-block-type=\"unstyled\" data-block-weight=\"32\" data-block-id=\"10\">\n<p class=\"content-text__container \" data-track-category=\"Link no Texto\" data-track-links=\"\"><a class=\"\" href=\"https:\/\/g1.globo.com\/economia\/noticia\/2023\/04\/14\/ldo-2024-governo-propoe-zerar-rombo-das-contas-publicas.ghtml\">A LDO tamb\u00e9m prev\u00ea zerar o rombo das contas p\u00fablicas<\/a> em 2024. Ou seja, o governo prev\u00ea que as despesas ser\u00e3o iguais \u00e0s receitas, sem considerar o pagamento dos juros da d\u00edvida.<\/p>\n<\/div>\n<\/div>\n<div class=\"mc-column content-text active-extra-styles\" data-block-type=\"raw\" data-block-weight=\"2\" data-block-id=\"11\">\n<div class=\"content-intertitle\">\n<h2>Pol\u00edtica permanente<\/h2>\n<\/div>\n<\/div>\n<div id=\"chunk-d0uqe\">\n<div class=\"mc-column content-text active-extra-styles \" data-block-type=\"unstyled\" data-block-weight=\"17\" data-block-id=\"12\">\n<p class=\"content-text__container \" data-track-category=\"Link no Texto\" data-track-links=\"\">O governo criou um grupo de trabalho para elaborar uma pol\u00edtica permanente de valoriza\u00e7\u00e3o do sal\u00e1rio m\u00ednimo.<\/p>\n<\/div>\n<\/div>\n<div id=\"chunk-1hmuh\">\n<div class=\"mc-column content-text active-extra-styles \" data-block-type=\"unstyled\" data-block-weight=\"27\" data-block-id=\"13\">\n<p class=\"content-text__container \" data-track-category=\"Link no Texto\" data-track-links=\"\">O ministro do Trabalho e Emprego, Luiz Marinho, disse nesta semana em uma audi\u00eancia p\u00fablica na C\u00e2mara que a proposta ficar\u00e1 pronta at\u00e9 o fim de maio.<\/p>\n<\/div>\n<\/div>\n<div id=\"chunk-64mf3\">\n<div class=\"mc-column content-text active-extra-styles \" data-block-type=\"unstyled\" data-block-weight=\"26\" data-block-id=\"14\">\n<p class=\"content-text__container \" data-track-category=\"Link no Texto\" data-track-links=\"\">Ainda segundo Marinho, o Minist\u00e9rio da Fazenda sugeriu que o sal\u00e1rio m\u00ednimo passe a ser reajustado considerando o Produto Interno Bruto (PIB) per capita (por pessoa).<\/p>\n<\/div>\n<\/div>\n<div id=\"chunk-7j6id\">\n<div class=\"mc-column content-text active-extra-styles \" data-block-type=\"unstyled\" data-block-weight=\"26\" data-block-id=\"15\">\n<p class=\"content-text__container \" data-track-category=\"Link no Texto\" data-track-links=\"\">A decis\u00e3o final caber\u00e1 ao presidente Luiz In\u00e1cio Lula da Silva. A inten\u00e7\u00e3o \u00e9 adotar uma f\u00f3rmula que garanta aumentos reais, atrelada ao desempenho da economia.<\/p>\n<\/div>\n<\/div>\n<div class=\"mc-column content-text active-extra-styles\" data-block-type=\"raw\" data-block-weight=\"2\" data-block-id=\"16\">\n<div class=\"content-intertitle\">\n<h2>Como era<\/h2>\n<\/div>\n<\/div>\n<div id=\"chunk-4t8ub\">\n<div class=\"mc-column content-text active-extra-styles \" data-block-type=\"unstyled\" data-block-weight=\"40\" data-block-id=\"17\">\n<p class=\"content-text__container \" data-track-category=\"Link no Texto\" data-track-links=\"\">O reajuste do sal\u00e1rio m\u00ednimo apenas pela infla\u00e7\u00e3o foi adotado pelo governo Bolsonaro, que acabou com a pol\u00edtica de aumentos reais (acima da infla\u00e7\u00e3o) que vinha sendo implementada nos \u00faltimos anos, proposta pela presidente Dilma Rousseff e aprovada pelo Congresso.<\/p>\n<\/div>\n<\/div>\n<div id=\"chunk-8q4lj\">\n<div class=\"mc-column content-text active-extra-styles \" data-block-type=\"unstyled\" data-block-weight=\"14\" data-block-id=\"19\">\n<p class=\"content-text__container \" data-track-category=\"Link no Texto\" data-track-links=\"\">Somente neste ano houve\u00a0<a class=\"\" href=\"https:\/\/g1.globo.com\/jornal-nacional\/noticia\/2022\/12\/12\/governo-edita-mp-que-reajusta-salario-minimo-para-r-1302-em-janeiro.ghtml\">o retorno do aumento do sal\u00e1rio m\u00ednimo acima da infla\u00e7\u00e3o.<\/a><\/p>\n<\/div>\n<\/div>\n<div id=\"chunk-8la6b\">\n<div class=\"mc-column content-text active-extra-styles \" data-block-type=\"unstyled\" data-block-weight=\"25\" data-block-id=\"20\">\n<p class=\"content-text__container \" data-track-category=\"Link no Texto\" data-track-links=\"\">A pol\u00edtica de reajustes pela infla\u00e7\u00e3o e varia\u00e7\u00e3o do PIB vigorou entre 2011 e 2019, mas nem sempre o sal\u00e1rio m\u00ednimo subiu acima da infla\u00e7\u00e3o.<\/p>\n<\/div>\n<\/div>\n<div id=\"chunk-9jr8j\">\n<div class=\"mc-column content-text active-extra-styles \" data-block-type=\"unstyled\" data-block-weight=\"42\" data-block-id=\"21\">\n<p class=\"content-text__container \" data-track-category=\"Link no Texto\" data-track-links=\"\">Em 2017 e 2018, por exemplo, foi concedido o reajuste somente com base na infla\u00e7\u00e3o porque o PIB dos anos anteriores (2015 e 2016) teve retra\u00e7\u00e3o. Por isso, para cumprir a f\u00f3rmula proposta, somente a infla\u00e7\u00e3o serviu de base para o aumento.<\/p>\n<\/div>\n<\/div>\n<div class=\"mc-column content-text active-extra-styles\" data-block-type=\"raw\" data-block-weight=\"2\" data-block-id=\"22\">\n<div class=\"content-intertitle\">\n<h2>A LDO<\/h2>\n<\/div>\n<p>O projeto de Lei de Diretrizes Or\u00e7ament\u00e1rias (LDO) encaminhado pelo governo estabelece as bases para a elabora\u00e7\u00e3o do or\u00e7amento do pr\u00f3ximo ano.<\/p>\n<\/div>\n<div id=\"chunk-fo7og\">\n<div class=\"mc-column content-text active-extra-styles \" data-block-type=\"unstyled\" data-block-weight=\"26\" data-block-id=\"24\">\n<p class=\"content-text__container \" data-track-category=\"Link no Texto\" data-track-links=\"\">J\u00e1 o projeto com o or\u00e7amento em si \u2014 a Lei Or\u00e7ament\u00e1ria Anual (LOA) \u2014 \u00e9 enviado pelo governo ao Congresso at\u00e9 31 de agosto.<\/p>\n<\/div>\n<\/div>\n<div data-track-category=\"multicontent\" data-track-action=\"ultimo chunk conteudo\" data-track-noninteraction=\"false\" data-track-scroll=\"view\">\n<div id=\"chunk-u85u\">\n<div class=\"mc-column content-text active-extra-styles \" data-block-type=\"unstyled\" data-block-weight=\"9\" data-block-id=\"25\">\n<p class=\"content-text__container \" data-track-category=\"Link no Texto\" data-track-links=\"\">Ambos os projetos precisam ser aprovados pelo Congresso Nacional.<\/p>\n<\/div>\n<\/div>\n<\/div>\n<\/div>\n<\/article>\n<\/div>\n","protected":false},"excerpt":{"rendered":"<p>O governo enviou nesta sexta-feira (14) ao Congresso Nacional o Projeto de Lei de Diretrizes Or\u00e7ament\u00e1rias (PLDO)\u00a0prevendo que o sal\u00e1rio m\u00ednimo em 2024 ser\u00e1 de R$ 1.389. O valor representa uma alta de 6,7% em rela\u00e7\u00e3o ao piso atual, que \u00e9 de R$ 1.302. A partir de maio,\u00a0o governo prometeu elevar para R$ 1.320. Nesse [&hellip;]<\/p>\n","protected":false},"author":2,"featured_media":0,"comment_status":"open","ping_status":"open","sticky":false,"template":"","format":"standard","meta":{"_links_to":"","_links_to_target":""},"categories":[7,9,8,1],"tags":[],"_links":{"self":[{"href":"https:\/\/www.ilheusnoticias.net.br\/v1\/wp-json\/wp\/v2\/posts\/31591"}],"collection":[{"href":"https:\/\/www.ilheusnoticias.net.br\/v1\/wp-json\/wp\/v2\/posts"}],"about":[{"href":"https:\/\/www.ilheusnoticias.net.br\/v1\/wp-json\/wp\/v2\/types\/post"}],"author":[{"embeddable":true,"href":"https:\/\/www.ilheusnoticias.net.br\/v1\/wp-json\/wp\/v2\/users\/2"}],"replies":[{"embeddable":true,"href":"https:\/\/www.ilheusnoticias.net.br\/v1\/wp-json\/wp\/v2\/comments?post=31591"}],"version-history":[{"count":1,"href":"https:\/\/www.ilheusnoticias.net.br\/v1\/wp-json\/wp\/v2\/posts\/31591\/revisions"}],"predecessor-version":[{"id":31592,"href":"https:\/\/www.ilheusnoticias.net.br\/v1\/wp-json\/wp\/v2\/posts\/31591\/revisions\/31592"}],"wp:attachment":[{"href":"https:\/\/www.ilheusnoticias.net.br\/v1\/wp-json\/wp\/v2\/media?parent=31591"}],"wp:term":[{"taxonomy":"category","embeddable":true,"href":"https:\/\/www.ilheusnoticias.net.br\/v1\/wp-json\/wp\/v2\/categories?post=31591"},{"taxonomy":"post_tag","embeddable":true,"href":"https:\/\/www.ilheusnoticias.net.br\/v1\/wp-json\/wp\/v2\/tags?post=31591"}],"curies":[{"name":"wp","href":"https:\/\/api.w.org\/{rel}","templated":true}]}}