{"id":31589,"date":"2023-04-15T10:30:22","date_gmt":"2023-04-15T13:30:22","guid":{"rendered":"https:\/\/www.ilheusnoticias.net.br\/v1\/?p=31589"},"modified":"2023-04-15T10:30:22","modified_gmt":"2023-04-15T13:30:22","slug":"apos-viagem-a-china-lula-chega-aos-emirados-arabes","status":"publish","type":"post","link":"https:\/\/www.ilheusnoticias.net.br\/v1\/2023\/04\/15\/apos-viagem-a-china-lula-chega-aos-emirados-arabes\/","title":{"rendered":"Ap\u00f3s viagem \u00e0 China, Lula chega aos Emirados \u00c1rabes"},"content":{"rendered":"<div class=\"row content-head non-featured \">\n<div class=\"title\" data-block-type=\"title\" data-block-id=\"0\"><\/div>\n<div class=\"medium-centered subtitle\"><\/div>\n<\/div>\n<div class=\"content__signa-share\">\n<div class=\"content__signature\">\n<div class=\"content-publication-data\">\n<div class=\"content-publication-data__text\">\n<p class=\"content-publication-data__updated\"><img class=\"content-video__placeholder__thumb\" title=\"Lula chega aos Emirados \u00c1rabes Unidos\" src=\"https:\/\/s02.video.glbimg.com\/x240\/11537629.jpg\" alt=\"Lula chega aos Emirados \u00c1rabes Unidos\" \/><\/p>\n<\/div>\n<\/div>\n<\/div>\n<\/div>\n<div class=\"mc-article-body\">\n<article>\n<div id=\"chunk-4pkac\">\n<div class=\"bs-video-block mc-column  content-media content-video\" data-block-type=\"backstage-video\" data-block-id=\"1\">\n<div class=\"content-media__container\">\n<p class=\"content-media__description\">Lula chega aos Emirados \u00c1rabes Unidos<\/p>\n<\/div>\n<\/div>\n<\/div>\n<div id=\"chunk-69mov\">\n<div class=\"mc-column mc-side-item__container\" data-block-type=\"ads\" data-block-id=\"2\">\n<div class=\"mc-side-item mc-side-item--right content-ads content-ads--side-ad\">\n<div id=\"banner_materia1\" class=\"tag-manager-publicidade-container tag-manager-publicidade-banner_materia1 tag-manager-publicidade-container--carregado tag-manager-publicidade-container--visivel\" data-google-query-id=\"COGyq-D-q_4CFUJQuAQd0DkNew\">\n<div id=\"google_ads_iframe_\/95377733\/tvg_G1\/Politica_0__container__\">O presidente Luiz In\u00e1cio <a class=\"\" href=\"https:\/\/g1.globo.com\/politica\/politico\/lula\/\">Lula<\/a>\u00a0da Silva (PT) chegou neste s\u00e1bado (15) aos\u00a0<a class=\"\" href=\"https:\/\/g1.globo.com\/tudo-sobre\/emirados-arabes-unidos\/\">Emirados \u00c1rabes<\/a>, onde tem um encontro com o presidente Mohammed bin Zayed Al Nahyan em\u00a0<a class=\"\" href=\"http:\/\/g1.globo.com\/mundo\/emirados-arabes-unidos\/cidade\/abu-dhabi.html\">Abu Dhabi<\/a>.<\/div>\n<\/div>\n<\/div>\n<\/div>\n<\/div>\n<div class=\"wall protected-content\">\n<div id=\"chunk-b0qss\">\n<div class=\"mc-column content-text active-extra-styles \" data-block-type=\"unstyled\" data-block-weight=\"35\" data-block-id=\"4\">\n<p class=\"content-text__container \" data-track-category=\"Link no Texto\" data-track-links=\"\">Lula chegou a Abu Dhabi por volta das 7h (hor\u00e1rio de Bras\u00edlia) ap\u00f3s dois dias de agenda em uma viagem oficial \u00e0\u00a0<a class=\"\" href=\"https:\/\/g1.globo.com\/tudo-sobre\/china\/\">China<\/a>, onde se encontrou com o presidente chin\u00eas, Xi Jinping, entre outras autoridades.<\/p>\n<\/div>\n<\/div>\n<div id=\"chunk-7sukp\">\n<div class=\"row medium-uncollapsed content-media content-photo\" data-block-type=\"backstage-photo\" data-block-id=\"5\">\n<div class=\" mc-column  content-media__container\">\n<div class=\"content-media-container glb-skeleton-box\">\n<figure class=\"content-media-figure\"><img class=\"i-amphtml-fill-content i-amphtml-replaced-content\" src=\"https:\/\/s2.glbimg.com\/0ZybJgvjOC1wuid9IRmmqs0cBuY=\/0x0:615x769\/984x0\/smart\/filters:strip_icc()\/i.s3.glbimg.com\/v1\/AUTH_59edd422c0c84a879bd37670ae4f538a\/internal_photos\/bs\/2023\/9\/k\/O7XUh5SdiWLqJy5TB60A\/lula-abu-dhabi.jpg\" sizes=\"(max-width: 1707px) 648px, 100vw\" srcset=\"https:\/\/s2.glbimg.com\/ho7H8Q_b0iJc6KBaWdIvP86o0VU=\/0x0:615x769\/1000x0\/smart\/filters:strip_icc()\/i.s3.glbimg.com\/v1\/AUTH_59edd422c0c84a879bd37670ae4f538a\/internal_photos\/bs\/2023\/9\/k\/O7XUh5SdiWLqJy5TB60A\/lula-abu-dhabi.jpg 1000w, https:\/\/s2.glbimg.com\/0ZybJgvjOC1wuid9IRmmqs0cBuY=\/0x0:615x769\/984x0\/smart\/filters:strip_icc()\/i.s3.glbimg.com\/v1\/AUTH_59edd422c0c84a879bd37670ae4f538a\/internal_photos\/bs\/2023\/9\/k\/O7XUh5SdiWLqJy5TB60A\/lula-abu-dhabi.jpg 984w, https:\/\/s2.glbimg.com\/DRYehm021Z5nUl9mbRcJvGTZwjM=\/0x0:615x769\/640x0\/smart\/filters:strip_icc()\/i.s3.glbimg.com\/v1\/AUTH_59edd422c0c84a879bd37670ae4f538a\/internal_photos\/bs\/2023\/9\/k\/O7XUh5SdiWLqJy5TB60A\/lula-abu-dhabi.jpg 640w, https:\/\/s2.glbimg.com\/09iKwahFhxf70vsHnTsVf5n9FDs=\/0x0:615x769\/600x0\/smart\/filters:strip_icc()\/i.s3.glbimg.com\/v1\/AUTH_59edd422c0c84a879bd37670ae4f538a\/internal_photos\/bs\/2023\/9\/k\/O7XUh5SdiWLqJy5TB60A\/lula-abu-dhabi.jpg 600w\" alt=\"Luiz In\u00e1cio Lula da Silva (PT) chegou neste s\u00e1bado (15) aos Emirados \u00c1rabes, onde tem um encontro com o presidente do pa\u00eds, Mohammed bin Zayed Al Nahyan em Abu Dhabi \u2014 Foto: Divulga\u00e7\u00e3o\/Presid\u00eancia\" \/><\/figure>\n<\/div>\n<p class=\"content-media__description  \">Luiz In\u00e1cio Lula da Silva (PT) chegou neste s\u00e1bado (15) aos Emirados \u00c1rabes, onde tem um encontro com o presidente do pa\u00eds, Mohammed bin Zayed Al Nahyan em Abu Dhabi \u2014 Foto: Divulga\u00e7\u00e3o\/Presid\u00eancia<\/p>\n<\/div>\n<\/div>\n<\/div>\n<div id=\"chunk-56b6b\">\n<div class=\"mc-column content-text active-extra-styles \" data-block-type=\"unstyled\" data-block-weight=\"35\" data-block-id=\"9\">\n<p class=\"content-text__container \" data-track-category=\"Link no Texto\" data-track-links=\"\">Esta \u00e9 a terceira visita de um presidente brasileiro aos Emirados \u00c1rabes Unidos. A primeira foi realizada pelo pr\u00f3prio Lula em 2003. Al\u00e9m disso, o ex-presidente Jair Bolsonaro tamb\u00e9m visitou o pa\u00eds em viagem oficial.<\/p>\n<\/div>\n<\/div>\n<div id=\"chunk-f1qs6\">\n<div class=\"mc-column content-text active-extra-styles \" data-block-type=\"unstyled\" data-block-weight=\"44\" data-block-id=\"10\">\n<p class=\"content-text__container \" data-track-category=\"Link no Texto\" data-track-links=\"\">Segundo informa\u00e7\u00f5es do governo brasileiro, os Emirados \u00c1rabes Unidos est\u00e3o entre os tr\u00eas principais parceiros comerciais do Brasil no Oriente M\u00e9dio. Em 2022, o com\u00e9rcio bilateral alcan\u00e7ou US$ 5,7 bilh\u00f5es, aumento de 74% em rela\u00e7\u00e3o a 2021, com super\u00e1vit brasileiro de US$ 739 milh\u00f5es.<\/p>\n<\/div>\n<\/div>\n<div id=\"chunk-97lom\">\n<div class=\"mc-column content-text active-extra-styles \" data-block-type=\"unstyled\" data-block-weight=\"22\" data-block-id=\"11\">\n<p class=\"content-text__container \" data-track-category=\"Link no Texto\" data-track-links=\"\">O destaque da troca comercial fica por conta do agroneg\u00f3cio, que responde por quase 60% da pauta de exporta\u00e7\u00f5es brasileiras ao pa\u00eds.<\/p>\n<\/div>\n<\/div>\n<div class=\"mc-column content-text active-extra-styles\" data-block-type=\"raw\" data-block-weight=\"3\" data-block-id=\"12\">\n<div class=\"content-intertitle\">\n<h2>Viagem \u00e0 China<\/h2>\n<\/div>\n<\/div>\n<div id=\"chunk-30c75\">\n<div class=\"bs-video-block mc-column  content-media content-video\" data-block-type=\"backstage-video\" data-block-id=\"13\">\n<div class=\"content-media__container\">\n<div class=\"content-video__bigger-player-description-fixer\">\n<article class=\"content-video\">\n<section class=\"content-video__video-container\">\n<div class=\"content-video__video\">\n<div class=\"content-video__placeholder\" data-video-id=\"11537180\" data-video-has-viewport-play=\"True\"><img class=\"content-video__placeholder__thumb\" title=\"Lula diz que ningu\u00e9m vai proibir que o Brasil aprimore a rela\u00e7\u00e3o com a China, e assina 15 acordos com Xi Jinping\" src=\"https:\/\/s01.video.glbimg.com\/x240\/11537180.jpg\" alt=\"Lula diz que ningu\u00e9m vai proibir que o Brasil aprimore a rela\u00e7\u00e3o com a China, e assina 15 acordos com Xi Jinping\" \/><\/div>\n<\/div>\n<\/section>\n<\/article>\n<\/div>\n<p class=\"content-media__description\">Lula diz que ningu\u00e9m vai proibir que o Brasil aprimore a rela\u00e7\u00e3o com a China, e assina 15 acordos com Xi Jinping<\/p>\n<\/div>\n<\/div>\n<\/div>\n<div id=\"chunk-enq12\">\n<div class=\"mc-column content-text active-extra-styles \" data-block-type=\"unstyled\" data-block-weight=\"29\" data-block-id=\"15\">\n<p class=\"content-text__container \" data-track-category=\"Link no Texto\" data-track-links=\"\">No \u00faltimo dia de sua viagem oficial \u00e0 China, nesta sexta-feira (14), Lula disse que a\u00a0<a class=\"\" href=\"https:\/\/g1.globo.com\/politica\/noticia\/2023\/04\/14\/na-china-lula-diz-que-brasil-nao-precisa-romper-com-nenhum-pais-para-melhorar-tem-que-fazer-acordo-com-todos-paises.ghtml\">rela\u00e7\u00e3o com o pa\u00eds asi\u00e1tico n\u00e3o causa arranh\u00e3o entre Brasil e Estados Unidos<\/a>.<\/p>\n<\/div>\n<\/div>\n<div id=\"chunk-3v3g6\">\n<div class=\"mc-column content-text active-extra-styles \" data-block-type=\"unstyled\" data-block-weight=\"24\" data-block-id=\"16\">\n<p class=\"content-text__container \" data-track-category=\"Link no Texto\" data-track-links=\"\">A China trava, no cen\u00e1rio internacional, uma disputa com os Estados Unidos, parceiro hist\u00f3rico do Brasil, em \u00e1reas cruciais como com\u00e9rcio, ind\u00fastria e tecnologia.<\/p>\n<\/div>\n<\/div>\n<div id=\"chunk-bj64c\">\n<div class=\"mc-column content-text active-extra-styles \" data-block-type=\"unstyled\" data-block-weight=\"27\" data-block-id=\"17\">\n<p class=\"content-text__container \" data-track-category=\"Link no Texto\" data-track-links=\"\">Mais cedo, Lula se encontrou com o presidente da China, Xi Jinping. Lula disse que &#8220;<a class=\"\" href=\"https:\/\/g1.globo.com\/politica\/noticia\/2023\/04\/14\/ninguem-vai-proibir-que-o-brasil-aprimore-sua-relacao-com-a-china-diz-lula-em-reuniao-com-xi-jinping.ghtml\">ningu\u00e9m vai proibir que o Brasil aprimore sua rela\u00e7\u00e3o com a China<\/a>&#8220;.<\/p>\n<\/div>\n<\/div>\n<\/div>\n<\/article>\n<\/div>\n","protected":false},"excerpt":{"rendered":"<p>Lula chega aos Emirados \u00c1rabes Unidos O presidente Luiz In\u00e1cio Lula\u00a0da Silva (PT) chegou neste s\u00e1bado (15) aos\u00a0Emirados \u00c1rabes, onde tem um encontro com o presidente Mohammed bin Zayed Al Nahyan em\u00a0Abu Dhabi. Lula chegou a Abu Dhabi por volta das 7h (hor\u00e1rio de Bras\u00edlia) ap\u00f3s dois dias de agenda em uma viagem oficial \u00e0\u00a0China, [&hellip;]<\/p>\n","protected":false},"author":2,"featured_media":0,"comment_status":"open","ping_status":"open","sticky":false,"template":"","format":"standard","meta":{"_links_to":"","_links_to_target":""},"categories":[7,9,8,1],"tags":[],"_links":{"self":[{"href":"https:\/\/www.ilheusnoticias.net.br\/v1\/wp-json\/wp\/v2\/posts\/31589"}],"collection":[{"href":"https:\/\/www.ilheusnoticias.net.br\/v1\/wp-json\/wp\/v2\/posts"}],"about":[{"href":"https:\/\/www.ilheusnoticias.net.br\/v1\/wp-json\/wp\/v2\/types\/post"}],"author":[{"embeddable":true,"href":"https:\/\/www.ilheusnoticias.net.br\/v1\/wp-json\/wp\/v2\/users\/2"}],"replies":[{"embeddable":true,"href":"https:\/\/www.ilheusnoticias.net.br\/v1\/wp-json\/wp\/v2\/comments?post=31589"}],"version-history":[{"count":1,"href":"https:\/\/www.ilheusnoticias.net.br\/v1\/wp-json\/wp\/v2\/posts\/31589\/revisions"}],"predecessor-version":[{"id":31590,"href":"https:\/\/www.ilheusnoticias.net.br\/v1\/wp-json\/wp\/v2\/posts\/31589\/revisions\/31590"}],"wp:attachment":[{"href":"https:\/\/www.ilheusnoticias.net.br\/v1\/wp-json\/wp\/v2\/media?parent=31589"}],"wp:term":[{"taxonomy":"category","embeddable":true,"href":"https:\/\/www.ilheusnoticias.net.br\/v1\/wp-json\/wp\/v2\/categories?post=31589"},{"taxonomy":"post_tag","embeddable":true,"href":"https:\/\/www.ilheusnoticias.net.br\/v1\/wp-json\/wp\/v2\/tags?post=31589"}],"curies":[{"name":"wp","href":"https:\/\/api.w.org\/{rel}","templated":true}]}}