{"id":31583,"date":"2023-04-15T10:23:54","date_gmt":"2023-04-15T13:23:54","guid":{"rendered":"https:\/\/www.ilheusnoticias.net.br\/v1\/?p=31583"},"modified":"2023-04-15T10:23:54","modified_gmt":"2023-04-15T13:23:54","slug":"em-brasilia-mario-alexandre-e-bebeto-galvao-apresentam-demandas-e-buscam-recursos-para-ilheus","status":"publish","type":"post","link":"https:\/\/www.ilheusnoticias.net.br\/v1\/2023\/04\/15\/em-brasilia-mario-alexandre-e-bebeto-galvao-apresentam-demandas-e-buscam-recursos-para-ilheus\/","title":{"rendered":"Em Bras\u00edlia, M\u00e1rio Alexandre e Bebeto Galv\u00e3o apresentam demandas e buscam recursos para Ilh\u00e9us"},"content":{"rendered":"<div class=\"imagem thumbnail col-xs-12 col-sm-8 col-md-6 col-lg-6 imagem-materia\"><a class=\"fresco\" title=\"\" href=\"https:\/\/portalfacilarquivos.blob.core.windows.net\/uploads\/ILHEUS\/imgOrig\/%7BAACAEACE-DAC1-C4DA-CDDC-D1EADD5CA5A4%7D.jpg\" data-fresco-caption=\"\"><img loading=\"lazy\" title=\"\" src=\"https:\/\/portalfacilarquivos.blob.core.windows.net\/uploads\/ILHEUS\/img\/%7BAACAEACE-DAC1-C4DA-CDDC-D1EADD5CA5A4%7D\/%7BAACAEACE-DAC1-C4DA-CDDC-D1EADD5CA5A4%7D_650X450.jpg\" alt=\"agenda em bras\u00edlia\" width=\"650\" height=\"450\" \/><\/a><\/p>\n<p class=\"bg-primary\">Com o objetivo de ampliar os investimentos direcionados \u00e0 cidade de Ilh\u00e9us, o prefeito M\u00e1rio Alexandre cumpriu agenda em Bras\u00edlia nesta semana para solicitar melhorias em diversas \u00e1reas do munic\u00edpio. Acompanhado do vice-prefeito Bebeto Galv\u00e3o, o chefe do Executivo refor\u00e7ou os compromissos com senadores e deputados na capital federal.<\/p>\n<\/div>\n<p>Em audi\u00eancia com o ministro-chefe da Casa Civil, Rui Costa, os gestores apresentaram demandas e dialogaram sobre a retomada de importantes programas federais, a exemplo do Minha Casa, Minha Vida. Na oportunidade, foram discutidos projetos com foco na melhoria da infraestrutura urbana e o andamento das obras do Porto Sul e mais recentemente do trecho 1 da Ferrovia de Integra\u00e7\u00e3o Oeste-Leste (FIOL).<\/p>\n<div class=\"imagem thumbnail col-xs-12 col-sm-8 col-md-6 col-lg-6 imagem-materia\"><a class=\"fresco\" title=\"\" href=\"https:\/\/portalfacilarquivos.blob.core.windows.net\/uploads\/ILHEUS\/imgOrig\/%7BE33ACBBD-CECE-ACDA-42E6-A855D4CD7E53%7D.jpg\" data-fresco-caption=\"\"><img loading=\"lazy\" title=\"\" src=\"https:\/\/portalfacilarquivos.blob.core.windows.net\/uploads\/ILHEUS\/img\/%7BE33ACBBD-CECE-ACDA-42E6-A855D4CD7E53%7D\/%7BE33ACBBD-CECE-ACDA-42E6-A855D4CD7E53%7D_650X450.jpg\" alt=\"agenda em bras\u00edlia\" width=\"650\" height=\"450\" \/><\/a><\/p>\n<p class=\"bg-primary\">No encontro com o senador Otto Alencar, M\u00e1rio Alexandre e Bebeto discutiram a atual conjuntura do pa\u00eds, que aponta para a retomada da economia e perspectivas de crescimento em diferentes setores. O prefeito afirmou que o estreitamento do di\u00e1logo com os parlamentares \u00e9 fundamental para garantir apoio na execu\u00e7\u00e3o de obras na cidade.<\/p>\n<\/div>\n<p>\u201cApresentamos importantes pautas e vamos continuar lutando para fortalecer a parceria com o Governo Federal, com o nosso querido amigo e ministro Rui Costa, com o nosso senador Otto Alencar e todos os deputados que auxiliam a nossa gest\u00e3o dentro desse processo de reconstru\u00e7\u00e3o da amada cidade de Ilh\u00e9us. A nossa luta n\u00e3o para. Vou trabalhar at\u00e9 meu \u00faltimo dia de mandato para melhorar cada vez mais a qualidade de vida do meu povo, com mais investimentos, sobretudo nas \u00e1reas da sa\u00fade, infraestrutura, seguran\u00e7a p\u00fablica e educa\u00e7\u00e3o\u201d.<\/p>\n<p>&nbsp;<\/p>\n<div class=\"imagem thumbnail col-xs-12 col-sm-8 col-md-6 col-lg-6 imagem-materia\"><a class=\"fresco\" title=\"\" href=\"https:\/\/portalfacilarquivos.blob.core.windows.net\/uploads\/ILHEUS\/imgOrig\/%7BAEEDBBEC-A37A-4C1C-E4B8-AB7DBD8227A3%7D.jpg\" data-fresco-caption=\"\"><img loading=\"lazy\" title=\"\" src=\"https:\/\/portalfacilarquivos.blob.core.windows.net\/uploads\/ILHEUS\/img\/%7BAEEDBBEC-A37A-4C1C-E4B8-AB7DBD8227A3%7D\/%7BAEEDBBEC-A37A-4C1C-E4B8-AB7DBD8227A3%7D_650X450.jpg\" alt=\"agenda em bras\u00edlia\" width=\"650\" height=\"450\" \/><\/a><\/div>\n<p>Durante visita aos gabinetes dos deputados federais Bacelar, Raimundo Costa e L\u00eddice da Mata, prefeito e vice trataram sobre a destina\u00e7\u00e3o de recursos de emendas para a cidade. Na Companhia de Desenvolvimento dos Vales do S\u00e3o Francisco e do Parna\u00edba (Codevasf), vinculada ao Minist\u00e9rio da Integra\u00e7\u00e3o e do Desenvolvimento Regional, os gestores abordaram importantes projetos e obras que foram alocadas na companhia e que em breve dever\u00e3o ser retomadas.<\/p>\n<p>Bebeto frisou que a parceria com o Governo do Estado \u00e9 indispens\u00e1vel para assegurar o bom andamento das tratativas.<\/p>\n<div class=\"imagem thumbnail col-xs-12 col-sm-8 col-md-6 col-lg-6 imagem-materia\"><a class=\"fresco\" title=\"\" href=\"https:\/\/portalfacilarquivos.blob.core.windows.net\/uploads\/ILHEUS\/imgOrig\/%7BDB07AC4B-73DA-BEB4-C84D-B66DEDCBB5DE%7D.jpg\" data-fresco-caption=\"\"><img loading=\"lazy\" title=\"\" src=\"https:\/\/portalfacilarquivos.blob.core.windows.net\/uploads\/ILHEUS\/img\/%7BDB07AC4B-73DA-BEB4-C84D-B66DEDCBB5DE%7D\/%7BDB07AC4B-73DA-BEB4-C84D-B66DEDCBB5DE%7D_650X450.jpg\" alt=\"agenda em bras\u00edlia\" width=\"650\" height=\"450\" \/><\/a><\/div>\n<p>\u201cO trabalho iniciado com Rui Costa e que est\u00e1 sendo continuado pelo nosso governador Jer\u00f4nimo Rodrigues, sem d\u00favida produz resultados altamente positivos para Ilh\u00e9us, cujo maior beneficiado \u00e9 o nosso povo\u201d.<\/p>\n<p>Na \u00faltima ter\u00e7a-feira (11), o prefeito M\u00e1rio Alexandre tamb\u00e9m esteve em agenda produtiva na capital baiana. Com o prefeito de Conde\u00faba, Silvan Baleeiro, e o vice-prefeito de Itamb\u00e9, Bruno Cardoso, foram discutidas pautas de interesse dos munic\u00edpios.<\/p>\n","protected":false},"excerpt":{"rendered":"<p>Com o objetivo de ampliar os investimentos direcionados \u00e0 cidade de Ilh\u00e9us, o prefeito M\u00e1rio Alexandre cumpriu agenda em Bras\u00edlia nesta semana para solicitar melhorias em diversas \u00e1reas do munic\u00edpio. Acompanhado do vice-prefeito Bebeto Galv\u00e3o, o chefe do Executivo refor\u00e7ou os compromissos com senadores e deputados na capital federal. Em audi\u00eancia com o ministro-chefe da [&hellip;]<\/p>\n","protected":false},"author":2,"featured_media":0,"comment_status":"open","ping_status":"open","sticky":false,"template":"","format":"standard","meta":{"_links_to":"","_links_to_target":""},"categories":[7,9,8,1],"tags":[],"_links":{"self":[{"href":"https:\/\/www.ilheusnoticias.net.br\/v1\/wp-json\/wp\/v2\/posts\/31583"}],"collection":[{"href":"https:\/\/www.ilheusnoticias.net.br\/v1\/wp-json\/wp\/v2\/posts"}],"about":[{"href":"https:\/\/www.ilheusnoticias.net.br\/v1\/wp-json\/wp\/v2\/types\/post"}],"author":[{"embeddable":true,"href":"https:\/\/www.ilheusnoticias.net.br\/v1\/wp-json\/wp\/v2\/users\/2"}],"replies":[{"embeddable":true,"href":"https:\/\/www.ilheusnoticias.net.br\/v1\/wp-json\/wp\/v2\/comments?post=31583"}],"version-history":[{"count":1,"href":"https:\/\/www.ilheusnoticias.net.br\/v1\/wp-json\/wp\/v2\/posts\/31583\/revisions"}],"predecessor-version":[{"id":31584,"href":"https:\/\/www.ilheusnoticias.net.br\/v1\/wp-json\/wp\/v2\/posts\/31583\/revisions\/31584"}],"wp:attachment":[{"href":"https:\/\/www.ilheusnoticias.net.br\/v1\/wp-json\/wp\/v2\/media?parent=31583"}],"wp:term":[{"taxonomy":"category","embeddable":true,"href":"https:\/\/www.ilheusnoticias.net.br\/v1\/wp-json\/wp\/v2\/categories?post=31583"},{"taxonomy":"post_tag","embeddable":true,"href":"https:\/\/www.ilheusnoticias.net.br\/v1\/wp-json\/wp\/v2\/tags?post=31583"}],"curies":[{"name":"wp","href":"https:\/\/api.w.org\/{rel}","templated":true}]}}