{"id":31579,"date":"2023-04-14T07:43:15","date_gmt":"2023-04-14T10:43:15","guid":{"rendered":"https:\/\/www.ilheusnoticias.net.br\/v1\/?p=31579"},"modified":"2023-04-14T07:43:15","modified_gmt":"2023-04-14T10:43:15","slug":"stf-publica-decisao-sobre-revisao-da-vida-toda-do-inss","status":"publish","type":"post","link":"https:\/\/www.ilheusnoticias.net.br\/v1\/2023\/04\/14\/stf-publica-decisao-sobre-revisao-da-vida-toda-do-inss\/","title":{"rendered":"STF publica decis\u00e3o sobre &#8216;revis\u00e3o da vida toda&#8217; do INSS"},"content":{"rendered":"<div class=\"row content-head non-featured \">\n<div class=\"title\" data-block-type=\"title\" data-block-id=\"0\"><\/div>\n<\/div>\n<div class=\"content__signa-share\">\n<div class=\"content__signature\">\n<div class=\"content-publication-data\">\n<div class=\"content-publication-data__text\">\n<p class=\"content-publication-data__updated\"><img class=\"content-video__placeholder__thumb\" title=\"STF publica decis\u00e3o sobre 'revis\u00e3o da vida toda' do INSS\" src=\"https:\/\/s03.video.glbimg.com\/x720\/11533758.jpg\" alt=\"STF publica decis\u00e3o sobre 'revis\u00e3o da vida toda' do INSS\" \/>STF publica decis\u00e3o sobre &#8216;revis\u00e3o da vida toda&#8217; do INSS<\/p>\n<\/div>\n<\/div>\n<\/div>\n<\/div>\n<div class=\"mc-article-body\">\n<article>\n<div id=\"chunk-5lvdo\">\n<div class=\"mc-column mc-side-item__container\" data-block-type=\"ads\" data-block-id=\"2\">\n<div class=\"mc-side-item mc-side-item--right content-ads content-ads--side-ad\">\n<div id=\"banner_materia1\" class=\"tag-manager-publicidade-container tag-manager-publicidade-banner_materia1 tag-manager-publicidade-container--carregado tag-manager-publicidade-container--visivel\" data-google-query-id=\"CPiF8sKXqf4CFf0ZuQYdQlQCmQ\">\n<div id=\"google_ads_iframe_\/95377733\/tvg_G1\/Jornal_Nacional_0__container__\">O <a class=\"\" href=\"https:\/\/g1.globo.com\/politica\/noticia\/2022\/12\/01\/supremo-confirma-placar-e-decide-a-favor-da-revisao-da-vida-toda-do-inss.ghtml\">Supremo Tribunal Federal publicou, nesta quinta-feira (13), a decis\u00e3o final sobre a chamada revis\u00e3o da vida toda<\/a>\u00a0do\u00a0<a class=\"\" href=\"https:\/\/g1.globo.com\/tudo-sobre\/inss\/\">INSS<\/a>. Agora, as a\u00e7\u00f5es que estavam paradas na Justi\u00e7a podem ser retomadas.<\/div>\n<\/div>\n<\/div>\n<\/div>\n<\/div>\n<div class=\"wall protected-content\">\n<div id=\"chunk-7kntr\">\n<div class=\"mc-column content-text active-extra-styles \" data-block-type=\"unstyled\" data-block-weight=\"25\" data-block-id=\"4\">\n<p class=\"content-text__container \" data-track-category=\"Link no Texto\" data-track-links=\"\">O\u00a0<a class=\"\" href=\"https:\/\/g1.globo.com\/jornal-nacional\/noticia\/2022\/12\/01\/stf-aprova-regra-que-pode-aumentar-valor-do-beneficio-de-milhares-de-aposentados.ghtml\">Supremo Tribunal Federal aprovou, em dezembro, a possibilidade de mudan\u00e7a no c\u00e1lculo do benef\u00edcio de aposentadoria<\/a>\u00a0do INSS. Foram 6 votos a 5.<\/p>\n<\/div>\n<\/div>\n<div id=\"chunk-9rmg7\">\n<div class=\"row medium-uncollapsed content-media content-photo\" data-block-type=\"backstage-photo\" data-block-id=\"5\">\n<div class=\"column medium-22 large-20 medium-centered   content-media__container\">\n<div class=\"content-media-container glb-skeleton-box\">\n<figure class=\"content-media-figure\"><img class=\"i-amphtml-fill-content i-amphtml-replaced-content\" src=\"https:\/\/s2.glbimg.com\/cO-U7R47w08wfobAAofRQBBY3Xo=\/0x0:1920x1080\/1008x0\/smart\/filters:strip_icc()\/i.s3.glbimg.com\/v1\/AUTH_59edd422c0c84a879bd37670ae4f538a\/internal_photos\/bs\/2023\/w\/W\/P5zBt2QDGiLQBIuXGWIw\/globo-canal-4-1-40-frame-263755.jpeg\" srcset=\"\" alt=\"Seis ministros votaram a favor da chamada revis\u00e3o da vida toda do INSS; cinco foram contra \u2014 Foto: JN\" \/><\/figure>\n<\/div>\n<p class=\"content-media__description  \">Seis ministros votaram a favor da chamada revis\u00e3o da vida toda do INSS; cinco foram contra \u2014 Foto: JN<\/p>\n<\/div>\n<\/div>\n<\/div>\n<div id=\"chunk-bb4dj\">\n<div class=\"content-ads content-ads--reveal\" data-block-type=\"ads\" data-block-id=\"6\">\n<div id=\"banner_materia2\" class=\"tag-manager-publicidade-container mc-has-reveal mc-has-ad-lazyload tag-manager-publicidade-banner_materia2 tag-manager-publicidade-container--carregado tag-manager-publicidade-container--visivel\" data-id=\"banner_materia2\" data-google-query-id=\"CODYi8aXqf4CFQYGuQYdj8QJjQ\">\n<div id=\"google_ads_iframe_\/95377733\/tvg_G1\/Jornal_Nacional_3__container__\"><\/div>\n<\/div>\n<\/div>\n<\/div>\n<div id=\"chunk-5t9os\">\n<div class=\"mc-column content-text active-extra-styles \" data-block-type=\"unstyled\" data-block-weight=\"38\" data-block-id=\"7\">\n<p class=\"content-text__container \" data-track-category=\"Link no Texto\" data-track-links=\"\">A decis\u00e3o estabelece que devem prevalecer todas as contribui\u00e7\u00f5es no c\u00e1lculo do benef\u00edcio, se o resultado for mais favor\u00e1vel ao segurado, e n\u00e3o apenas as feitas a partir de julho de 1994, como estabeleceu a reforma de 1999.<\/p>\n<\/div>\n<\/div>\n<div id=\"chunk-7ufjo\">\n<div class=\"mc-column content-text active-extra-styles \" data-block-type=\"unstyled\" data-block-weight=\"40\" data-block-id=\"8\">\n<p class=\"content-text__container \" data-track-category=\"Link no Texto\" data-track-links=\"\"><span class=\"highlight highlighted\">Quem recebia sal\u00e1rios mais altos antes de 1994, pode aumentar o benef\u00edcio com a revis\u00e3o<\/span>. J\u00e1 para quem recebia sal\u00e1rios mais altos depois de 1994, vale a pena considerar somente as contribui\u00e7\u00f5es feitas ap\u00f3s novas mudan\u00e7as nas regras, em 1999.<\/p>\n<\/div>\n<\/div>\n<div id=\"chunk-adgq7\">\n<div class=\"mc-column content-text active-extra-styles \" data-block-type=\"unstyled\" data-block-weight=\"19\" data-block-id=\"9\">\n<p class=\"content-text__container \" data-track-category=\"Link no Texto\" data-track-links=\"\">O pedido de revis\u00e3o s\u00f3 vale para quem tinha carteira assinada ou j\u00e1 contribu\u00eda antes de julho de 1994.<\/p>\n<\/div>\n<\/div>\n<div id=\"chunk-cli6i\">\n<div class=\"mc-column content-text active-extra-styles \" data-block-type=\"unstyled\" data-block-weight=\"35\" data-block-id=\"10\">\n<p class=\"content-text__container \" data-track-category=\"Link no Texto\" data-track-links=\"\"><span class=\"highlight highlighted\">De acordo com o\u00a0<\/span><a class=\"\" href=\"https:\/\/g1.globo.com\/tudo-sobre\/supremo-tribunal-federal\/\"><span class=\"highlight highlighted\">STF<\/span><\/a><span class=\"highlight highlighted\">, tamb\u00e9m s\u00f3 tem direito quem recebeu o primeiro pagamento da aposentadoria nos \u00faltimos dez anos<\/span>, e n\u00e3o pode ter tido o benef\u00edcio concedido depois de 12 de novembro de 2019.<\/p>\n<\/div>\n<\/div>\n<div id=\"chunk-1aff1\">\n<div class=\"mc-column content-text active-extra-styles \" data-block-type=\"unstyled\" data-block-weight=\"39\" data-block-id=\"11\">\n<p class=\"content-text__container \" data-track-category=\"Link no Texto\" data-track-links=\"\"><strong>A chamada &#8216;revis\u00e3o da vida toda&#8217; do INSS n\u00e3o \u00e9 autom\u00e1tica<\/strong>. N\u00e3o h\u00e1 uma f\u00f3rmula pronta.\u00a0<strong>Cada caso \u00e9 individual.<\/strong>\u00a0Por isso,\u00a0<span class=\"highlight highlighted\">\u00e9 aconselh\u00e1vel procurar um especialista para saber, afinal, se a mudan\u00e7a vai ou n\u00e3o ser vantajosa.<\/span><\/p>\n<\/div>\n<\/div>\n<div id=\"chunk-fvt7o\">\n<div class=\"row medium-uncollapsed content-media content-photo\" data-block-type=\"backstage-photo\" data-block-id=\"12\">\n<div class=\"column medium-22 large-20 medium-centered   content-media__container\">\n<div class=\"content-media-container glb-skeleton-box\">\n<figure class=\"content-media-figure\"><img class=\"i-amphtml-fill-content i-amphtml-replaced-content\" src=\"https:\/\/s2.glbimg.com\/sa6T2d30aVNRRTWkZHB165IOzWI=\/0x0:1920x1080\/1008x0\/smart\/filters:strip_icc()\/i.s3.glbimg.com\/v1\/AUTH_59edd422c0c84a879bd37670ae4f538a\/internal_photos\/bs\/2023\/t\/W\/uAMkiRRE6HoAkgZkyY0A\/globo-canal-4-1-40-frame-264731.jpeg\" srcset=\"\" alt=\"As mudan\u00e7as com a chamada revis\u00e3o da vida toda do INSS \u2014 Foto: JN\" \/><\/figure>\n<\/div>\n<p class=\"content-media__description  \">As mudan\u00e7as com a chamada revis\u00e3o da vida toda do INSS \u2014 Foto: JN<\/p>\n<\/div>\n<\/div>\n<\/div>\n<div id=\"chunk-ag8va\">\n<div class=\"mc-column content-text active-extra-styles \" data-block-type=\"unstyled\" data-block-weight=\"39\" data-block-id=\"14\">\n<p class=\"content-text__container \" data-track-category=\"Link no Texto\" data-track-links=\"\">Por causa dessa complexidade, em mar\u00e7o, o INSS pediu ao Supremo que suspendesse o andamento dos processos at\u00e9 que n\u00e3o houvesse mais chance de mudan\u00e7as. Alegou dificuldades t\u00e9cnicas para executar os novos c\u00e1lculos de quem pedir a revis\u00e3o.<\/p>\n<\/div>\n<\/div>\n<div id=\"chunk-3spdb\">\n<div class=\"mc-column content-text active-extra-styles \" data-block-type=\"unstyled\" data-block-weight=\"27\" data-block-id=\"15\">\n<p class=\"content-text__container \" data-track-category=\"Link no Texto\" data-track-links=\"\">Antes de decidir, o relator, ministro\u00a0<a class=\"\" href=\"https:\/\/g1.globo.com\/tudo-sobre\/alexandre-de-moraes\/\">Alexandre de Moraes<\/a>,<a class=\"\" href=\"https:\/\/g1.globo.com\/trabalho-e-carreira\/noticia\/2023\/03\/03\/alexandre-de-moraes-da-prazo-de-10-dias-para-inss-apresentar-plano-de-pagamento-da-revisao-da-vida-toda.ghtml\">\u00a0pediu um plano do INSS sobre como seria feita a revis\u00e3o<\/a>. Ele ainda n\u00e3o teve resposta.<\/p>\n<\/div>\n<\/div>\n<div id=\"chunk-fn4vl\">\n<div class=\"mc-column content-text active-extra-styles \" data-block-type=\"unstyled\" data-block-weight=\"34\" data-block-id=\"16\">\n<p class=\"content-text__container \" data-track-category=\"Link no Texto\" data-track-links=\"\">Agora, com a publica\u00e7\u00e3o do resultado do julgamento,\u00a0<span class=\"highlight highlighted\">o governo pode recorrer da decis\u00e3o em cinco dias<\/span>. Mas s\u00f3 para pedir mais esclarecimentos, j\u00e1 que o entendimento fixado pela corte n\u00e3o deve ser mudado.<\/p>\n<\/div>\n<\/div>\n<div id=\"chunk-6phm9\">\n<div class=\"mc-column content-text active-extra-styles \" data-block-type=\"unstyled\" data-block-weight=\"41\" data-block-id=\"17\">\n<p class=\"content-text__container \" data-track-category=\"Link no Texto\" data-track-links=\"\">Ao longo do processo, o governo apresentou impactos diferentes nas contas.\u00a0<span class=\"highlight highlighted\">A Secretaria de Previd\u00eancia do\u00a0<\/span><a class=\"\" href=\"https:\/\/g1.globo.com\/tudo-sobre\/ministerio-da-economia\"><span class=\"highlight highlighted\">Minist\u00e9rio da Economia<\/span><\/a><span class=\"highlight highlighted\">\u00a0prev\u00ea R$ 46 bilh\u00f5es em dez anos. O INSS afirma que poder\u00e1 chegar a R$ 370 bilh\u00f5es nos pr\u00f3ximos 15 anos.<\/span><\/p>\n<\/div>\n<\/div>\n<div id=\"chunk-85ju2\">\n<div class=\"mc-column content-text active-extra-styles \" data-block-type=\"unstyled\" data-block-weight=\"30\" data-block-id=\"18\">\n<p class=\"content-text__container \" data-track-category=\"Link no Texto\" data-track-links=\"\">Nesta quinta (13), o instituto disse que est\u00e1 em contato permanente com o Judici\u00e1rio para que, juntos, possam construir uma solu\u00e7\u00e3o definitiva \u00e0 quest\u00e3o e n\u00e3o atualizou os n\u00fameros.<\/p>\n<\/div>\n<\/div>\n<\/div>\n<\/article>\n<\/div>\n","protected":false},"excerpt":{"rendered":"<p>STF publica decis\u00e3o sobre &#8216;revis\u00e3o da vida toda&#8217; do INSS O Supremo Tribunal Federal publicou, nesta quinta-feira (13), a decis\u00e3o final sobre a chamada revis\u00e3o da vida toda\u00a0do\u00a0INSS. Agora, as a\u00e7\u00f5es que estavam paradas na Justi\u00e7a podem ser retomadas. O\u00a0Supremo Tribunal Federal aprovou, em dezembro, a possibilidade de mudan\u00e7a no c\u00e1lculo do benef\u00edcio de aposentadoria\u00a0do [&hellip;]<\/p>\n","protected":false},"author":2,"featured_media":0,"comment_status":"open","ping_status":"open","sticky":false,"template":"","format":"standard","meta":{"_links_to":"","_links_to_target":""},"categories":[7,9,8,1],"tags":[],"_links":{"self":[{"href":"https:\/\/www.ilheusnoticias.net.br\/v1\/wp-json\/wp\/v2\/posts\/31579"}],"collection":[{"href":"https:\/\/www.ilheusnoticias.net.br\/v1\/wp-json\/wp\/v2\/posts"}],"about":[{"href":"https:\/\/www.ilheusnoticias.net.br\/v1\/wp-json\/wp\/v2\/types\/post"}],"author":[{"embeddable":true,"href":"https:\/\/www.ilheusnoticias.net.br\/v1\/wp-json\/wp\/v2\/users\/2"}],"replies":[{"embeddable":true,"href":"https:\/\/www.ilheusnoticias.net.br\/v1\/wp-json\/wp\/v2\/comments?post=31579"}],"version-history":[{"count":1,"href":"https:\/\/www.ilheusnoticias.net.br\/v1\/wp-json\/wp\/v2\/posts\/31579\/revisions"}],"predecessor-version":[{"id":31580,"href":"https:\/\/www.ilheusnoticias.net.br\/v1\/wp-json\/wp\/v2\/posts\/31579\/revisions\/31580"}],"wp:attachment":[{"href":"https:\/\/www.ilheusnoticias.net.br\/v1\/wp-json\/wp\/v2\/media?parent=31579"}],"wp:term":[{"taxonomy":"category","embeddable":true,"href":"https:\/\/www.ilheusnoticias.net.br\/v1\/wp-json\/wp\/v2\/categories?post=31579"},{"taxonomy":"post_tag","embeddable":true,"href":"https:\/\/www.ilheusnoticias.net.br\/v1\/wp-json\/wp\/v2\/tags?post=31579"}],"curies":[{"name":"wp","href":"https:\/\/api.w.org\/{rel}","templated":true}]}}