{"id":31577,"date":"2023-04-14T07:01:48","date_gmt":"2023-04-14T10:01:48","guid":{"rendered":"https:\/\/www.ilheusnoticias.net.br\/v1\/?p=31577"},"modified":"2023-04-14T07:01:48","modified_gmt":"2023-04-14T10:01:48","slug":"em-reuniao-lula-diz-que-china-tem-sido-parceira-preferencial-e-que-busca-equilibrar-geopolitica-mundial","status":"publish","type":"post","link":"https:\/\/www.ilheusnoticias.net.br\/v1\/2023\/04\/14\/em-reuniao-lula-diz-que-china-tem-sido-parceira-preferencial-e-que-busca-equilibrar-geopolitica-mundial\/","title":{"rendered":"Em reuni\u00e3o, Lula diz que China tem sido &#8216;parceira preferencial&#8217; e que busca equilibrar geopol\u00edtica mundial"},"content":{"rendered":"<div class=\"row content-head non-featured \">\n<div class=\"title\" data-block-type=\"title\" data-block-id=\"0\"><\/div>\n<\/div>\n<div class=\"content__signa-share\">\n<div class=\"content__signature\">\n<div class=\"content-publication-data\">\n<div class=\"content-publication-data__text\">\n<p class=\"content-publication-data__updated\"><img class=\"i-amphtml-fill-content i-amphtml-replaced-content\" src=\"https:\/\/s2.glbimg.com\/FOb3QWtyWxds2pVK8JF4qY7kEtA=\/0x0:1024x628\/984x0\/smart\/filters:strip_icc()\/i.s3.glbimg.com\/v1\/AUTH_59edd422c0c84a879bd37670ae4f538a\/internal_photos\/bs\/2023\/Y\/s\/JqUQ4dQROZQzorrkC4Hw\/whatsapp-image-2023-04-14-at-02.16.59.jpeg\" sizes=\"(max-width: 1707px) 648px, 100vw\" srcset=\"https:\/\/s2.glbimg.com\/UQrSxjNwoTxMGdT7thM8q0V4Lb0=\/0x0:1024x628\/1000x0\/smart\/filters:strip_icc()\/i.s3.glbimg.com\/v1\/AUTH_59edd422c0c84a879bd37670ae4f538a\/internal_photos\/bs\/2023\/Y\/s\/JqUQ4dQROZQzorrkC4Hw\/whatsapp-image-2023-04-14-at-02.16.59.jpeg 1000w, https:\/\/s2.glbimg.com\/FOb3QWtyWxds2pVK8JF4qY7kEtA=\/0x0:1024x628\/984x0\/smart\/filters:strip_icc()\/i.s3.glbimg.com\/v1\/AUTH_59edd422c0c84a879bd37670ae4f538a\/internal_photos\/bs\/2023\/Y\/s\/JqUQ4dQROZQzorrkC4Hw\/whatsapp-image-2023-04-14-at-02.16.59.jpeg 984w, https:\/\/s2.glbimg.com\/A-MqPVUG2XqYczRO6stFxeNB4ME=\/0x0:1024x628\/640x0\/smart\/filters:strip_icc()\/i.s3.glbimg.com\/v1\/AUTH_59edd422c0c84a879bd37670ae4f538a\/internal_photos\/bs\/2023\/Y\/s\/JqUQ4dQROZQzorrkC4Hw\/whatsapp-image-2023-04-14-at-02.16.59.jpeg 640w, https:\/\/s2.glbimg.com\/jAJfxhjWDi3AQCllgr9LHapJ4VI=\/0x0:1024x628\/600x0\/smart\/filters:strip_icc()\/i.s3.glbimg.com\/v1\/AUTH_59edd422c0c84a879bd37670ae4f538a\/internal_photos\/bs\/2023\/Y\/s\/JqUQ4dQROZQzorrkC4Hw\/whatsapp-image-2023-04-14-at-02.16.59.jpeg 600w\" alt=\"Lula durante encontro com o presidente da Assembleia Popular da China, Zhao Leji \u2014 Foto: Ricardo Stuckert\" \/><\/p>\n<\/div>\n<\/div>\n<\/div>\n<\/div>\n<div class=\"mc-article-body\">\n<article>\n<div id=\"chunk-7eh8r\">\n<div class=\"row medium-uncollapsed content-media content-photo\" data-block-type=\"backstage-photo\" data-block-id=\"1\">\n<div class=\" mc-column  content-media__container\">\n<p class=\"content-media__description  \">Lula durante encontro com o presidente da Assembleia Popular da China, Zhao Leji \u2014 Foto: Ricardo Stuckert<\/p>\n<\/div>\n<\/div>\n<\/div>\n<div id=\"chunk-dqmkk\">\n<div class=\"mc-column content-text active-extra-styles \" data-block-type=\"unstyled\" data-block-weight=\"34\" data-block-id=\"3\">\n<p class=\"content-text__container \" data-track-category=\"Link no Texto\" data-track-links=\"\">Durante uma reuni\u00e3o nesta sexta-feira (14) em Pequim,\u00a0<a class=\"\" href=\"https:\/\/g1.globo.com\/politica\/politico\/lula\/\">Lula<\/a>\u00a0disse que a\u00a0<a class=\"\" href=\"https:\/\/g1.globo.com\/tudo-sobre\/china\/\">China<\/a>\u00a0tem sido uma &#8220;parceira preferencial do Brasil&#8221; nas rela\u00e7\u00f5es comerciais e que busca junto ao pa\u00eds asi\u00e1tico equilibrar a geopol\u00edtica mundial.<\/p>\n<\/div>\n<\/div>\n<div class=\"wall protected-content\">\n<div class=\"mc-column content-text active-extra-styles\" data-block-type=\"raw\" data-block-weight=\"6\" data-block-id=\"4\">\n<p>A fala foi feita durante o encontro de Lula com o presidente da Assembleia Popular da China, Zhao Leji, no Grande Pal\u00e1cio do Povo.<\/p>\n<\/div>\n<div id=\"chunk-53cg7\">\n<div class=\"mc-column content-text active-extra-styles \" data-block-type=\"unstyled\" data-block-weight=\"23\" data-block-id=\"6\">\n<p class=\"content-text__container \" data-track-category=\"Link no Texto\" data-track-links=\"\">Lula refor\u00e7ou o papel das rela\u00e7\u00f5es comerciais com a China, uma vez que o pa\u00eds asi\u00e1tico \u00e9 o principal parceiro comercial do Brasil.<\/p>\n<\/div>\n<\/div>\n<div class=\"mc-column content-text active-extra-styles\" data-block-type=\"raw\" data-block-weight=\"46\" data-block-id=\"7\">\n<p class=\"content-text__container\">\n<blockquote class=\"content-blockquote theme-border-color-primary-before\"><p>&#8220;\u00c9 com a China que a gente mant\u00e9m o mais importante fluxo de com\u00e9rcio exterior. \u00c9 com a China que n\u00f3s tivemos a nossa maior balan\u00e7a comercial, e \u00e9 junto com a China que n\u00f3s temos tentado equilibrar a geopol\u00edtica mundial, discutindo os temas mais importantes.&#8221;<\/p><\/blockquote>\n<\/div>\n<div id=\"chunk-dnkv6\">\n<div class=\"mc-column content-text active-extra-styles \" data-block-type=\"unstyled\" data-block-weight=\"43\" data-block-id=\"9\">\n<p class=\"content-text__container \" data-track-category=\"Link no Texto\" data-track-links=\"\">&#8220;A minha visita \u00e0 China neste instante \u00e9 de reconhecimento dessa parceria e para que a gente possa aumentar, ainda, a nossa parceria instant\u00e2nea. A minha viagem, neste momento, \u00e9 uma viagem em busca de aumentar aquilo que n\u00f3s temos de bom&#8221;, disse.<\/p>\n<\/div>\n<\/div>\n<div id=\"chunk-13rst\">\n<div class=\"mc-column content-text active-extra-styles \" data-block-type=\"unstyled\" data-block-weight=\"39\" data-block-id=\"10\">\n<p class=\"content-text__container \" data-track-category=\"Link no Texto\" data-track-links=\"\">Na quinta-feira (13), durante a\u00a0<a class=\"\" href=\"https:\/\/g1.globo.com\/politica\/noticia\/2023\/04\/13\/dilma-toma-posse-como-presidente-do-banco-do-brics.ghtml\">posse de Dilma Rousseff como presidente do banco dos Brics<\/a>, Lula defendeu a atua\u00e7\u00e3o conjunta de pa\u00edses emergentes para reduzir desigualdades e<a class=\"\" href=\"https:\/\/g1.globo.com\/politica\/noticia\/2023\/04\/13\/na-china-lula-defende-moeda-alternativa-ao-dolar-para-comercio-entre-os-brics.ghtml\">\u00a0uma alternativa ao d\u00f3lar<\/a>\u00a0para o com\u00e9rcio entre os membros do bloco.<\/p>\n<\/div>\n<\/div>\n<div id=\"chunk-r2tp\">\n<div class=\"mc-column content-text active-extra-styles \" data-block-type=\"unstyled\" data-block-weight=\"16\" data-block-id=\"11\">\n<p class=\"content-text__container \" data-track-category=\"Link no Texto\" data-track-links=\"\">&#8220;Quem decidiu que era o d\u00f3lar a moeda depois que desapareceu o ouro como paridade?&#8221;, questionou.<\/p>\n<\/div>\n<\/div>\n<div id=\"chunk-2ohea\">\n<div class=\"bs-video-block mc-column  content-media content-video\" data-block-type=\"backstage-video\" data-block-id=\"12\">\n<div class=\"content-media__container\">\n<div class=\"content-video__bigger-player-description-fixer\">\n<article class=\"content-video\">\n<section class=\"content-video__video-container\">\n<div class=\"content-video__video\">\n<div class=\"content-video__placeholder\" data-video-id=\"11534054\" data-video-has-viewport-play=\"True\"><img class=\"content-video__placeholder__thumb\" title=\"Em Pequim, Lula se encontra com l\u00edder do Congresso chin\u00eas\" src=\"https:\/\/s03.video.glbimg.com\/x240\/11534054.jpg\" alt=\"Em Pequim, Lula se encontra com l\u00edder do Congresso chin\u00eas\" \/><\/div>\n<\/div>\n<\/section>\n<\/article>\n<\/div>\n<p class=\"content-media__description\">Em Pequim, Lula se encontra com l\u00edder do Congresso chin\u00eas<\/p>\n<\/div>\n<\/div>\n<\/div>\n<\/div>\n<\/article>\n<\/div>\n","protected":false},"excerpt":{"rendered":"<p>Lula durante encontro com o presidente da Assembleia Popular da China, Zhao Leji \u2014 Foto: Ricardo Stuckert Durante uma reuni\u00e3o nesta sexta-feira (14) em Pequim,\u00a0Lula\u00a0disse que a\u00a0China\u00a0tem sido uma &#8220;parceira preferencial do Brasil&#8221; nas rela\u00e7\u00f5es comerciais e que busca junto ao pa\u00eds asi\u00e1tico equilibrar a geopol\u00edtica mundial. A fala foi feita durante o encontro de [&hellip;]<\/p>\n","protected":false},"author":2,"featured_media":0,"comment_status":"open","ping_status":"open","sticky":false,"template":"","format":"standard","meta":{"_links_to":"","_links_to_target":""},"categories":[7,9,8,1],"tags":[],"_links":{"self":[{"href":"https:\/\/www.ilheusnoticias.net.br\/v1\/wp-json\/wp\/v2\/posts\/31577"}],"collection":[{"href":"https:\/\/www.ilheusnoticias.net.br\/v1\/wp-json\/wp\/v2\/posts"}],"about":[{"href":"https:\/\/www.ilheusnoticias.net.br\/v1\/wp-json\/wp\/v2\/types\/post"}],"author":[{"embeddable":true,"href":"https:\/\/www.ilheusnoticias.net.br\/v1\/wp-json\/wp\/v2\/users\/2"}],"replies":[{"embeddable":true,"href":"https:\/\/www.ilheusnoticias.net.br\/v1\/wp-json\/wp\/v2\/comments?post=31577"}],"version-history":[{"count":1,"href":"https:\/\/www.ilheusnoticias.net.br\/v1\/wp-json\/wp\/v2\/posts\/31577\/revisions"}],"predecessor-version":[{"id":31578,"href":"https:\/\/www.ilheusnoticias.net.br\/v1\/wp-json\/wp\/v2\/posts\/31577\/revisions\/31578"}],"wp:attachment":[{"href":"https:\/\/www.ilheusnoticias.net.br\/v1\/wp-json\/wp\/v2\/media?parent=31577"}],"wp:term":[{"taxonomy":"category","embeddable":true,"href":"https:\/\/www.ilheusnoticias.net.br\/v1\/wp-json\/wp\/v2\/categories?post=31577"},{"taxonomy":"post_tag","embeddable":true,"href":"https:\/\/www.ilheusnoticias.net.br\/v1\/wp-json\/wp\/v2\/tags?post=31577"}],"curies":[{"name":"wp","href":"https:\/\/api.w.org\/{rel}","templated":true}]}}