{"id":31573,"date":"2023-04-14T06:56:54","date_gmt":"2023-04-14T09:56:54","guid":{"rendered":"https:\/\/www.ilheusnoticias.net.br\/v1\/?p=31573"},"modified":"2023-04-14T06:56:54","modified_gmt":"2023-04-14T09:56:54","slug":"viva-ilheus-ganha-nova-roupagem-e-se-consolida-como-maior-festival-gratuito-de-musica-da-bahia","status":"publish","type":"post","link":"https:\/\/www.ilheusnoticias.net.br\/v1\/2023\/04\/14\/viva-ilheus-ganha-nova-roupagem-e-se-consolida-como-maior-festival-gratuito-de-musica-da-bahia\/","title":{"rendered":"Viva Ilh\u00e9us ganha nova roupagem e se consolida como maior festival gratuito de m\u00fasica da Bahia"},"content":{"rendered":"<div class=\"imagem thumbnail col-xs-12 col-sm-8 col-md-6 col-lg-6 imagem-materia\"><a class=\"fresco\" title=\"\" href=\"https:\/\/portalfacilarquivos.blob.core.windows.net\/uploads\/ILHEUS\/imgOrig\/%7BA21ACCC5-BE1D-1DDB-AA7D-A00C5D818D76%7D.jpg\" data-fresco-caption=\"\"><img loading=\"lazy\" title=\"\" src=\"https:\/\/portalfacilarquivos.blob.core.windows.net\/uploads\/ILHEUS\/img\/%7BA21ACCC5-BE1D-1DDB-AA7D-A00C5D818D76%7D\/%7BA21ACCC5-BE1D-1DDB-AA7D-A00C5D818D76%7D_650X450.jpg\" alt=\"Viva Ilh\u00e9us 489 anos\" width=\"650\" height=\"450\" \/><\/a><\/p>\n<p class=\"bg-primary\">Um m\u00eas marcado por in\u00fameras atra\u00e7\u00f5es e festividades para todos os p\u00fablicos e idades. Ilh\u00e9us ter\u00e1 um junho ainda mais especial para celebrar o seu anivers\u00e1rio de 489 anos de emancipa\u00e7\u00e3o pol\u00edtico-administrativa, comemorado no dia 28. A edi\u00e7\u00e3o 2023 do Viva Ilh\u00e9us vai proporcionar 10 dias de intensa programa\u00e7\u00e3o cultural e art\u00edstica, reunindo grandes nomes do cen\u00e1rio nacional e o melhor, com entrada totalmente gratuita.<\/p>\n<\/div>\n<p>\u201cEstamos montando os preparativos para levar cultura e muita alegria para o nosso povo. Agrade\u00e7o \u00e0 nossa equipe e a todos os parceiros que est\u00e3o colaborando. Sem d\u00favida, a edi\u00e7\u00e3o deste ano ser\u00e1 um verdadeiro sucesso\u201d, disse o prefeito M\u00e1rio Alexandre.<\/p>\n<p>A nova roupagem\u00a0tem todos os requisitos para\u00a0consagrar\u00a0o\u00a0Viva Ilh\u00e9us como o maior festival gratuito de m\u00fasica da Bahia e o segundo maior do Nordeste, sendo aguardado pela popula\u00e7\u00e3o local e de todas as partes do Brasil. Neste ano, a programa\u00e7\u00e3o de anivers\u00e1rio do munic\u00edpio promete superar as edi\u00e7\u00f5es anteriores, oferecendo ao p\u00fablico entretenimento, lazer e divers\u00e3o.<\/p>\n<p>A realiza\u00e7\u00e3o do evento fica a cargo da Prefeitura, com apoio do Governo do Estado. A megaestrutura abriga ainda o encontro gospel &#8216;Eu oro por Ilh\u00e9us&#8217; e a Vila Cultural Junina, que inclui comercializa\u00e7\u00e3o de artesanato, bebidas e comidas t\u00edpicas, al\u00e9m de apresenta\u00e7\u00e3o de grupos folcl\u00f3ricos e shows com bandas e artistas regionais.<\/p>\n<p>Com recorde de p\u00fablico em 2022, o Viva Ilh\u00e9us reuniu mais de 100 mil pessoas, que passaram pelo circuito durante os quatro dias de festa, segundo informa\u00e7\u00f5es fornecidas pela Pol\u00edcia Militar. Neste ano, a expectativa \u00e9 que os mun\u00edcipes e turistas participem em massa das festividades, que devem ocorrer do dia 23 de junho a 2 de julho. O evento \u00e9 o grande respons\u00e1vel por movimentar a cidade na baixa temporada, aquecendo a economia local e fortalecendo as a\u00e7\u00f5es com foco no turismo.<\/p>\n<p>A comiss\u00e3o organizadora garante um festival em grande estilo para celebrar o anivers\u00e1rio de uma das cidades mais antigas e importantes na forma\u00e7\u00e3o cultural, social e econ\u00f4mica da Bahia e do Brasil.<\/p>\n","protected":false},"excerpt":{"rendered":"<p>Um m\u00eas marcado por in\u00fameras atra\u00e7\u00f5es e festividades para todos os p\u00fablicos e idades. Ilh\u00e9us ter\u00e1 um junho ainda mais especial para celebrar o seu anivers\u00e1rio de 489 anos de emancipa\u00e7\u00e3o pol\u00edtico-administrativa, comemorado no dia 28. A edi\u00e7\u00e3o 2023 do Viva Ilh\u00e9us vai proporcionar 10 dias de intensa programa\u00e7\u00e3o cultural e art\u00edstica, reunindo grandes nomes [&hellip;]<\/p>\n","protected":false},"author":2,"featured_media":0,"comment_status":"open","ping_status":"open","sticky":false,"template":"","format":"standard","meta":{"_links_to":"","_links_to_target":""},"categories":[7,9,8,1],"tags":[],"_links":{"self":[{"href":"https:\/\/www.ilheusnoticias.net.br\/v1\/wp-json\/wp\/v2\/posts\/31573"}],"collection":[{"href":"https:\/\/www.ilheusnoticias.net.br\/v1\/wp-json\/wp\/v2\/posts"}],"about":[{"href":"https:\/\/www.ilheusnoticias.net.br\/v1\/wp-json\/wp\/v2\/types\/post"}],"author":[{"embeddable":true,"href":"https:\/\/www.ilheusnoticias.net.br\/v1\/wp-json\/wp\/v2\/users\/2"}],"replies":[{"embeddable":true,"href":"https:\/\/www.ilheusnoticias.net.br\/v1\/wp-json\/wp\/v2\/comments?post=31573"}],"version-history":[{"count":1,"href":"https:\/\/www.ilheusnoticias.net.br\/v1\/wp-json\/wp\/v2\/posts\/31573\/revisions"}],"predecessor-version":[{"id":31574,"href":"https:\/\/www.ilheusnoticias.net.br\/v1\/wp-json\/wp\/v2\/posts\/31573\/revisions\/31574"}],"wp:attachment":[{"href":"https:\/\/www.ilheusnoticias.net.br\/v1\/wp-json\/wp\/v2\/media?parent=31573"}],"wp:term":[{"taxonomy":"category","embeddable":true,"href":"https:\/\/www.ilheusnoticias.net.br\/v1\/wp-json\/wp\/v2\/categories?post=31573"},{"taxonomy":"post_tag","embeddable":true,"href":"https:\/\/www.ilheusnoticias.net.br\/v1\/wp-json\/wp\/v2\/tags?post=31573"}],"curies":[{"name":"wp","href":"https:\/\/api.w.org\/{rel}","templated":true}]}}