{"id":31571,"date":"2023-04-13T10:46:31","date_gmt":"2023-04-13T13:46:31","guid":{"rendered":"https:\/\/www.ilheusnoticias.net.br\/v1\/?p=31571"},"modified":"2023-04-13T10:46:31","modified_gmt":"2023-04-13T13:46:31","slug":"governo-lula-quer-ampliar-programa-nordestino-de-escolas-em-tempo-integral-diz-rui-costa","status":"publish","type":"post","link":"https:\/\/www.ilheusnoticias.net.br\/v1\/2023\/04\/13\/governo-lula-quer-ampliar-programa-nordestino-de-escolas-em-tempo-integral-diz-rui-costa\/","title":{"rendered":"Governo Lula quer ampliar programa nordestino de escolas em tempo integral, diz Rui Costa"},"content":{"rendered":"<div class=\"PostHeaderIcons metadata-icons\"><img loading=\"lazy\" class=\"\" src=\"http:\/\/www.blogdothame.blog.br\/v1\/wp-content\/uploads\/2023\/04\/Rui-Costa.jpg\" width=\"547\" height=\"274\" \/><\/div>\n<div class=\"PostContent\">\n<p>Rui Costa, ministro-chefe da Casa Civil, anunciou por meio de seu perfil no Twitter na manh\u00e3 desta quarta-feira (12) a iniciativa do governo federal de ampliar nacionalmente o modelo de escolas em tempo integral j\u00e1 adotado em estados do Nordeste, tais como Bahia, Pernambuco e Cear\u00e1.<\/p>\n<p>&nbsp;<\/p>\n<p>Na volta da viagem \u00e0 China, o presidente vai lan\u00e7ar um programa importante para a Educa\u00e7\u00e3o com o modelo de escola em tempo integral semelhante aos implantados na Bahia, em Pernambuco e no Cear\u00e1, fortalecendo a perman\u00eancia do aluno na escola.<\/p>\n<div class=\"teads-adCall\"><\/div>\n<p>Vamos estimular prefeitos e governadores a ampliar o n\u00famero de escolas em tempo integral e isso significa participar financeiramente do custo disso.<\/p>\n<div id=\"attachment_148852\" class=\"wp-caption aligncenter\">\n<p id=\"caption-attachment-148852\" class=\"wp-caption-text\">Col\u00e9gio de Tempo Integral na Bahia<\/p>\n<\/div>\n<p>A ideia \u00e9 investir como fizemos e Jer\u00f4nimo Rodrigues est\u00e1 dando continuidade, na constru\u00e7\u00e3o de unidades equipadas com infraestrutura de esportes, de cultura, para que os alunos possam ficar 7, 8 horas na escola, aprender uma profiss\u00e3o.<\/p>\n<p>Outro programa que ser\u00e1 lan\u00e7ado em breve \u00e9 o Alfabetiza\u00e7\u00e3o na Idade Certa para garantir que nossas crian\u00e7as sejam alfabetizadas e sigam nas s\u00e9ries apropriadas \u00e0 faixa et\u00e1ria, favorecendo o melhor desempenho e a conclus\u00e3o dos estudos.<\/p>\n<p>&nbsp;<\/p>\n<\/div>\n","protected":false},"excerpt":{"rendered":"<p>Rui Costa, ministro-chefe da Casa Civil, anunciou por meio de seu perfil no Twitter na manh\u00e3 desta quarta-feira (12) a iniciativa do governo federal de ampliar nacionalmente o modelo de escolas em tempo integral j\u00e1 adotado em estados do Nordeste, tais como Bahia, Pernambuco e Cear\u00e1. &nbsp; Na volta da viagem \u00e0 China, o presidente [&hellip;]<\/p>\n","protected":false},"author":2,"featured_media":0,"comment_status":"open","ping_status":"open","sticky":false,"template":"","format":"standard","meta":{"_links_to":"","_links_to_target":""},"categories":[7,9,8,1],"tags":[],"_links":{"self":[{"href":"https:\/\/www.ilheusnoticias.net.br\/v1\/wp-json\/wp\/v2\/posts\/31571"}],"collection":[{"href":"https:\/\/www.ilheusnoticias.net.br\/v1\/wp-json\/wp\/v2\/posts"}],"about":[{"href":"https:\/\/www.ilheusnoticias.net.br\/v1\/wp-json\/wp\/v2\/types\/post"}],"author":[{"embeddable":true,"href":"https:\/\/www.ilheusnoticias.net.br\/v1\/wp-json\/wp\/v2\/users\/2"}],"replies":[{"embeddable":true,"href":"https:\/\/www.ilheusnoticias.net.br\/v1\/wp-json\/wp\/v2\/comments?post=31571"}],"version-history":[{"count":1,"href":"https:\/\/www.ilheusnoticias.net.br\/v1\/wp-json\/wp\/v2\/posts\/31571\/revisions"}],"predecessor-version":[{"id":31572,"href":"https:\/\/www.ilheusnoticias.net.br\/v1\/wp-json\/wp\/v2\/posts\/31571\/revisions\/31572"}],"wp:attachment":[{"href":"https:\/\/www.ilheusnoticias.net.br\/v1\/wp-json\/wp\/v2\/media?parent=31571"}],"wp:term":[{"taxonomy":"category","embeddable":true,"href":"https:\/\/www.ilheusnoticias.net.br\/v1\/wp-json\/wp\/v2\/categories?post=31571"},{"taxonomy":"post_tag","embeddable":true,"href":"https:\/\/www.ilheusnoticias.net.br\/v1\/wp-json\/wp\/v2\/tags?post=31571"}],"curies":[{"name":"wp","href":"https:\/\/api.w.org\/{rel}","templated":true}]}}