{"id":31569,"date":"2023-04-13T10:42:12","date_gmt":"2023-04-13T13:42:12","guid":{"rendered":"https:\/\/www.ilheusnoticias.net.br\/v1\/?p=31569"},"modified":"2023-04-13T10:42:12","modified_gmt":"2023-04-13T13:42:12","slug":"jeronimo-mostra-rotina-na-china-e-passa-roupa-antes-de-agenda-com-lula-governador-da-bahia-se-reune-com-empresa-acionista-da-ponte-salvador-itaparica","status":"publish","type":"post","link":"https:\/\/www.ilheusnoticias.net.br\/v1\/2023\/04\/13\/jeronimo-mostra-rotina-na-china-e-passa-roupa-antes-de-agenda-com-lula-governador-da-bahia-se-reune-com-empresa-acionista-da-ponte-salvador-itaparica\/","title":{"rendered":"Jer\u00f4nimo mostra rotina na China e passa roupa antes de agenda com Lula; governador da Bahia se re\u00fane com empresa acionista da Ponte Salvador-Itaparica"},"content":{"rendered":"<div class=\"row content-head non-featured \">\n<div class=\"title\" data-block-type=\"title\" data-block-id=\"0\"><\/div>\n<div class=\"medium-centered subtitle\"><\/div>\n<\/div>\n<div class=\"mc-article-body\">\n<article>\n<div id=\"chunk-br1l2\">\n<div class=\"row medium-uncollapsed content-media content-photo\" data-block-type=\"backstage-photo\" data-block-id=\"1\">\n<div class=\" mc-column  content-media__container\">\n<div class=\"content-media-container glb-skeleton-box\">\n<figure class=\"content-media-figure\"><img class=\"i-amphtml-fill-content i-amphtml-replaced-content\" src=\"https:\/\/s2.glbimg.com\/k8Aja3mzYQYmjjH-hEta9t0msz0=\/0x0:2048x1154\/984x0\/smart\/filters:strip_icc()\/i.s3.glbimg.com\/v1\/AUTH_59edd422c0c84a879bd37670ae4f538a\/internal_photos\/bs\/2023\/M\/g\/yDlMMkRZqYngJrBU8rSQ\/ftmakizwwaiogas.jpg\" sizes=\"(max-width: 1707px) 648px, 100vw\" srcset=\"https:\/\/s2.glbimg.com\/BTgjZ3mU79-VFmYROQB4xisOftg=\/0x0:2048x1154\/1000x0\/smart\/filters:strip_icc()\/i.s3.glbimg.com\/v1\/AUTH_59edd422c0c84a879bd37670ae4f538a\/internal_photos\/bs\/2023\/M\/g\/yDlMMkRZqYngJrBU8rSQ\/ftmakizwwaiogas.jpg 1000w, https:\/\/s2.glbimg.com\/k8Aja3mzYQYmjjH-hEta9t0msz0=\/0x0:2048x1154\/984x0\/smart\/filters:strip_icc()\/i.s3.glbimg.com\/v1\/AUTH_59edd422c0c84a879bd37670ae4f538a\/internal_photos\/bs\/2023\/M\/g\/yDlMMkRZqYngJrBU8rSQ\/ftmakizwwaiogas.jpg 984w, https:\/\/s2.glbimg.com\/wqHbvbO-5_wmXTjF0pvYduT-zKw=\/0x0:2048x1154\/640x0\/smart\/filters:strip_icc()\/i.s3.glbimg.com\/v1\/AUTH_59edd422c0c84a879bd37670ae4f538a\/internal_photos\/bs\/2023\/M\/g\/yDlMMkRZqYngJrBU8rSQ\/ftmakizwwaiogas.jpg 640w, https:\/\/s2.glbimg.com\/NJ2XguhrGYEh-oTltj-XMiilVOM=\/0x0:2048x1154\/600x0\/smart\/filters:strip_icc()\/i.s3.glbimg.com\/v1\/AUTH_59edd422c0c84a879bd37670ae4f538a\/internal_photos\/bs\/2023\/M\/g\/yDlMMkRZqYngJrBU8rSQ\/ftmakizwwaiogas.jpg 600w\" alt=\"Ao lado de Lula, Jer\u00f4nimo visita sede da Huawei \u2014 Foto: Daniel Senna\/GOVBA\" \/><\/figure>\n<\/div>\n<p class=\"content-media__description  \">Ao lado de Lula, Jer\u00f4nimo visita sede da Huawei \u2014 Foto: Daniel Senna\/GOVBA<\/p>\n<\/div>\n<\/div>\n<\/div>\n<div id=\"chunk-6am27\">\n<div class=\"mc-column content-text active-extra-styles \" data-block-type=\"unstyled\" data-block-weight=\"46\" data-block-id=\"3\">\n<p class=\"content-text__container \" data-track-category=\"Link no Texto\" data-track-links=\"\">O governador da Bahia,\u00a0<a class=\"\" href=\"https:\/\/g1.globo.com\/tudo-sobre\/jeronimo-rodrigues\/\">Jer\u00f4nimo Rodrigues<\/a>\u00a0(PT), mostrou, nesta quinta-feira (13), parte de sua rotina, durante viagem oficial \u00e0\u00a0<a class=\"\" href=\"https:\/\/g1.globo.com\/tudo-sobre\/china\/\">China<\/a>. No pa\u00eds asi\u00e1tico desde o dia 31 de mar\u00e7o, o governador publicou uma foto, nas suas redes sociais, onde passa ferro em uma camisa.<\/p>\n<\/div>\n<\/div>\n<div class=\"wall protected-content\">\n<div id=\"chunk-2g13c\">\n<div class=\"mc-column content-text active-extra-styles \" data-block-type=\"unstyled\" data-block-weight=\"52\" data-block-id=\"4\">\n<p class=\"content-text__container \" data-track-category=\"Link no Texto\" data-track-links=\"\">&#8220;Flagra do assessor! Me preparando para uma quinta de agenda cheia, posse da presidenta Dilma no banco dos Brics e reuni\u00f5es com o presidente Lula. N\u00e3o tem roupa que n\u00e3o amasse na mala. Ent\u00e3o, todos os dias antes de dormir j\u00e1 deixo as camisas passadas para os compromissos&#8221;, disse o governador.<\/p>\n<\/div>\n<\/div>\n<div id=\"chunk-fujgd\">\n<div class=\"row medium-uncollapsed content-media content-photo\" data-block-type=\"backstage-photo\" data-block-id=\"5\">\n<div class=\" mc-column  content-media__container\">\n<div class=\"content-media-container glb-skeleton-box\">\n<figure class=\"content-media-figure\"><img class=\"i-amphtml-fill-content i-amphtml-replaced-content\" src=\"https:\/\/s2.glbimg.com\/KbD4974IVZy0MxC4xaOtoJyVY2k=\/0x0:699x932\/984x0\/smart\/filters:strip_icc()\/i.s3.glbimg.com\/v1\/AUTH_59edd422c0c84a879bd37670ae4f538a\/internal_photos\/bs\/2023\/W\/2\/RByZmLRICJzgBmABccww\/ftlm6xqxoaejop7.jpg\" sizes=\"(max-width: 1707px) 648px, 100vw\" srcset=\"https:\/\/s2.glbimg.com\/R0yO6t3EiTDhZRm39lmz_gY49EM=\/0x0:699x932\/1000x0\/smart\/filters:strip_icc()\/i.s3.glbimg.com\/v1\/AUTH_59edd422c0c84a879bd37670ae4f538a\/internal_photos\/bs\/2023\/W\/2\/RByZmLRICJzgBmABccww\/ftlm6xqxoaejop7.jpg 1000w, https:\/\/s2.glbimg.com\/KbD4974IVZy0MxC4xaOtoJyVY2k=\/0x0:699x932\/984x0\/smart\/filters:strip_icc()\/i.s3.glbimg.com\/v1\/AUTH_59edd422c0c84a879bd37670ae4f538a\/internal_photos\/bs\/2023\/W\/2\/RByZmLRICJzgBmABccww\/ftlm6xqxoaejop7.jpg 984w, https:\/\/s2.glbimg.com\/jewz9MCGY5ODpCCkDrn6qTMv6cE=\/0x0:699x932\/640x0\/smart\/filters:strip_icc()\/i.s3.glbimg.com\/v1\/AUTH_59edd422c0c84a879bd37670ae4f538a\/internal_photos\/bs\/2023\/W\/2\/RByZmLRICJzgBmABccww\/ftlm6xqxoaejop7.jpg 640w, https:\/\/s2.glbimg.com\/aC8GUA4i31GwPgV6aX1_10P1U64=\/0x0:699x932\/600x0\/smart\/filters:strip_icc()\/i.s3.glbimg.com\/v1\/AUTH_59edd422c0c84a879bd37670ae4f538a\/internal_photos\/bs\/2023\/W\/2\/RByZmLRICJzgBmABccww\/ftlm6xqxoaejop7.jpg 600w\" alt=\"Jer\u00f4nimo mostra rotina na China \u2014 Foto: Daniel Senna\/GOVBA\" \/><\/figure>\n<\/div>\n<p class=\"content-media__description  \">Jer\u00f4nimo mostra rotina na China \u2014 Foto: Daniel Senna\/GOVBA<\/p>\n<\/div>\n<\/div>\n<\/div>\n<div class=\"mc-column content-text active-extra-styles\" data-block-type=\"raw\" data-block-weight=\"20\" data-block-id=\"7\">\n<p>Ap\u00f3s dias de viagens e visitas na China, Jer\u00f4nimo se juntou, nesta quinta-feira, \u00e0 comitiva do presidente Luiz In\u00e1cio Lula da Silva (PT) em Xangai. O baiano participou da posse da ex-presidente da Rep\u00fablica Dilma Rousseff como presidente do Novo Banco de Desenvolvimento (NBD), tamb\u00e9m conhecido como &#8220;banco dos Brics&#8221;.<\/p>\n<\/div>\n<div id=\"chunk-clb2u\">\n<div class=\"mc-column content-text active-extra-styles \" data-block-type=\"unstyled\" data-block-weight=\"34\" data-block-id=\"9\">\n<p class=\"content-text__container \" data-track-category=\"Link no Texto\" data-track-links=\"\">Lula est\u00e1 viagem \u00e0 \u00c1sia para tratar principalmente da rela\u00e7\u00e3o comercial com a China, maior parceiro de neg\u00f3cios do Brasil, mas tamb\u00e9m da guerra entre R\u00fassia e Ucr\u00e2nia e de quest\u00f5es de governan\u00e7a global.<\/p>\n<\/div>\n<\/div>\n<div id=\"chunk-atl9o\">\n<div class=\"mc-column content-text active-extra-styles \" data-block-type=\"unstyled\" data-block-weight=\"30\" data-block-id=\"10\">\n<p class=\"content-text__container \" data-track-category=\"Link no Texto\" data-track-links=\"\">Nesta quinta-feira (13), Jer\u00f4nimo integrou a comitiva de Lula na visita \u00e0 sede da gigante de tecnologia Huawei e teve reuni\u00f5es com executivos das \u00e1reas de energia sustent\u00e1vel e comunica\u00e7\u00f5es.<\/p>\n<\/div>\n<\/div>\n<div id=\"chunk-ek637\">\n<div class=\"mc-column content-text active-extra-styles \" data-block-type=\"unstyled\" data-block-weight=\"39\" data-block-id=\"11\">\n<p class=\"content-text__container \" data-track-category=\"Link no Texto\" data-track-links=\"\">No Twitter, o governador disse que a empresa fez uma apresenta\u00e7\u00e3o sobre o uso de tecnologia da empresa na seguran\u00e7a p\u00fablica e na educa\u00e7\u00e3o na Bahia como casos de sucesso e que podem ser adotados em todo o Brasil.<\/p>\n<\/div>\n<\/div>\n<div id=\"chunk-25gb2\">\n<div class=\"row medium-uncollapsed content-media content-photo\" data-block-type=\"backstage-photo\" data-block-id=\"12\">\n<div class=\" mc-column  content-media__container\">\n<div class=\"content-media-container glb-skeleton-box\">\n<figure class=\"content-media-figure\"><img class=\"i-amphtml-fill-content i-amphtml-replaced-content\" src=\"https:\/\/s2.glbimg.com\/TRy3ja1pRY0nnoodiwajhS5M7Yg=\/0x0:2048x1536\/984x0\/smart\/filters:strip_icc()\/i.s3.glbimg.com\/v1\/AUTH_59edd422c0c84a879bd37670ae4f538a\/internal_photos\/bs\/2023\/m\/G\/gcbR4vR0aL9yM4AeYyuw\/ftmai0qwwaiytls.jpg\" sizes=\"(max-width: 1707px) 648px, 100vw\" srcset=\"https:\/\/s2.glbimg.com\/CDkH6namvihyf7xCj22smYMJwvo=\/0x0:2048x1536\/1000x0\/smart\/filters:strip_icc()\/i.s3.glbimg.com\/v1\/AUTH_59edd422c0c84a879bd37670ae4f538a\/internal_photos\/bs\/2023\/m\/G\/gcbR4vR0aL9yM4AeYyuw\/ftmai0qwwaiytls.jpg 1000w, https:\/\/s2.glbimg.com\/TRy3ja1pRY0nnoodiwajhS5M7Yg=\/0x0:2048x1536\/984x0\/smart\/filters:strip_icc()\/i.s3.glbimg.com\/v1\/AUTH_59edd422c0c84a879bd37670ae4f538a\/internal_photos\/bs\/2023\/m\/G\/gcbR4vR0aL9yM4AeYyuw\/ftmai0qwwaiytls.jpg 984w, https:\/\/s2.glbimg.com\/6ntpUI-tfQNbwQ0F9kjD2Wyr92k=\/0x0:2048x1536\/640x0\/smart\/filters:strip_icc()\/i.s3.glbimg.com\/v1\/AUTH_59edd422c0c84a879bd37670ae4f538a\/internal_photos\/bs\/2023\/m\/G\/gcbR4vR0aL9yM4AeYyuw\/ftmai0qwwaiytls.jpg 640w, https:\/\/s2.glbimg.com\/yeW0jxEFLCe-8rNYRzZ4Vnrsc2k=\/0x0:2048x1536\/600x0\/smart\/filters:strip_icc()\/i.s3.glbimg.com\/v1\/AUTH_59edd422c0c84a879bd37670ae4f538a\/internal_photos\/bs\/2023\/m\/G\/gcbR4vR0aL9yM4AeYyuw\/ftmai0qwwaiytls.jpg 600w\" alt=\"Caso da Bahia foi usada como exemplo em exposi\u00e7\u00e3o de empresa para presidente Lula \u2014 Foto: Daniel Senna\/GOVBA\" \/><\/figure>\n<\/div>\n<p class=\"content-media__description  \">Caso da Bahia foi usada como exemplo em exposi\u00e7\u00e3o de empresa para presidente Lula \u2014 Foto: Daniel Senna\/GOVBA<\/p>\n<\/div>\n<\/div>\n<\/div>\n<div id=\"chunk-c6phn\">\n<div class=\"mc-column content-text active-extra-styles \" data-block-type=\"unstyled\" data-block-weight=\"46\" data-block-id=\"14\">\n<p class=\"content-text__container \" data-track-category=\"Link no Texto\" data-track-links=\"\">&#8220;Demos detalhes ao @LulaOficial de nossas experi\u00eancias. Usamos a tecnologia da Huawei na educa\u00e7\u00e3o inteligente com conectividade em mil escolas e na seguran\u00e7a p\u00fablica, com a central de monitoramento que usa reconhecimento facial e ajudou a pol\u00edcia a realizar mais de 800 pris\u00f5es&#8221;, escreveu o governador.<\/p>\n<\/div>\n<\/div>\n<div id=\"chunk-8pocq\">\n<div class=\"mc-column content-text active-extra-styles \" data-block-type=\"unstyled\" data-block-weight=\"53\" data-block-id=\"15\">\n<p class=\"content-text__container \" data-track-category=\"Link no Texto\" data-track-links=\"\">Na agenda do presidente, nesta quinta-feira, ainda h\u00e1 previs\u00e3o de reuni\u00f5es com empresas que tem rela\u00e7\u00e3o direta de neg\u00f3cios com a Bahia. Uma delas \u00e9 a audi\u00eancia com o CEO da BYD, Wang Chuanfu. A empresa \u00e9 respons\u00e1vel pelo VLT que vai substituir os trens do Sub\u00farbio em Salvador. As obras est\u00e3o atrasadas.<\/p>\n<\/div>\n<\/div>\n<div id=\"chunk-3csqc\">\n<div class=\"mc-column content-text active-extra-styles \" data-block-type=\"unstyled\" data-block-weight=\"33\" data-block-id=\"17\">\n<p class=\"content-text__container \" data-track-category=\"Link no Texto\" data-track-links=\"\">Al\u00e9m disso, a empresa est\u00e1 em negocia\u00e7\u00e3o para ocupar a planta industrial da Ford, em Cama\u00e7ari. Fechada desde que a montadora fabricante de autom\u00f3veis multinacional dos Estados Unidos fechou as portas em 2021.<\/p>\n<\/div>\n<\/div>\n<div id=\"chunk-p5rf\">\n<div class=\"mc-column content-text active-extra-styles \" data-block-type=\"unstyled\" data-block-weight=\"32\" data-block-id=\"18\">\n<p class=\"content-text__container \" data-track-category=\"Link no Texto\" data-track-links=\"\">Tamb\u00e9m estava prevista uma audi\u00eancia com o Presidente do Conselho da China Communications Construction Company (CCCC), Wang Tongzhou. A empresa \u00e9 uma das acionistas da concession\u00e1ria respons\u00e1vel pela implanta\u00e7\u00e3o da Ponte Salvador-Itaparica.<\/p>\n<\/div>\n<\/div>\n<div id=\"chunk-14b9e\">\n<div class=\"mc-column content-text active-extra-styles \" data-block-type=\"unstyled\" data-block-weight=\"56\" data-block-id=\"20\">\n<p class=\"content-text__container \" data-track-category=\"Link no Texto\" data-track-links=\"\">O governador j\u00e1 havia se reunido, no come\u00e7o do m\u00eas, com o presidente adjunto da CCCC, Sun Liqiang, quando discutiram aspectos t\u00e9cnicos e financeiros do projeto. Na ocasi\u00e3o, foi discutida a eleva\u00e7\u00e3o no pre\u00e7o dos materiais de constru\u00e7\u00e3o e nos custos de financiamento, demanda semelhante ao que ocorre no caso da BYD para constru\u00e7\u00e3o do VLT.<\/p>\n<\/div>\n<\/div>\n<div id=\"chunk-3krn2\">\n<div class=\"mc-column content-text active-extra-styles \" data-block-type=\"unstyled\" data-block-weight=\"65\" data-block-id=\"21\">\n<p class=\"content-text__container \" data-track-category=\"Link no Texto\" data-track-links=\"\">&#8220;J\u00e1 fomos por diversas vezes ao encontro da CCCC em S\u00e3o Paulo e em Bras\u00edlia, fazendo esse alinhamento da situa\u00e7\u00e3o que \u00e9 uma realidade e que ningu\u00e9m controla, mas que temos de superar. Eles argumentam que, com a pandemia e a infla\u00e7\u00e3o, vai ser preciso reequilibrar os pre\u00e7os e a capta\u00e7\u00e3o de recursos para o financiamento da Ponte&#8221;, explicou Jer\u00f4nimo no dia 4.<\/p>\n<\/div>\n<\/div>\n<div id=\"chunk-ktre\">\n<div class=\"mc-column content-text active-extra-styles \" data-block-type=\"unstyled\" data-block-weight=\"51\" data-block-id=\"22\">\n<p class=\"content-text__container \" data-track-category=\"Link no Texto\" data-track-links=\"\">De acordo com o governador, na semana passada, o Banco do Nordeste liberou o montante de R$ 3 bilh\u00f5es para financiar parte do projeto. Al\u00e9m desse valor, o Banco Nacional de Desenvolvimento Econ\u00f4mico e Social (BNDES) e um banco Chin\u00eas tamb\u00e9m est\u00e3o em negocia\u00e7\u00e3o para participar do financiamento da obra.<\/p>\n<\/div>\n<\/div>\n<div class=\"mc-column content-text active-extra-styles\" data-block-type=\"raw\" data-block-weight=\"3\" data-block-id=\"23\">\n<p class=\"content-text__container\">\n<div class=\"content-intertitle\">\n<h2>Jer\u00f4nimo na China<\/h2>\n<\/div>\n<p>&nbsp;<\/p>\n<\/div>\n<div id=\"chunk-b0ra1\">\n<div class=\"row medium-uncollapsed content-media content-photo\" data-block-type=\"backstage-photo\" data-block-id=\"24\">\n<div class=\" mc-column  content-media__container\">\n<div class=\"content-media-container glb-skeleton-box\">\n<figure class=\"content-media-figure\"><img class=\"i-amphtml-fill-content i-amphtml-replaced-content\" src=\"https:\/\/s2.glbimg.com\/9OMWD9KTpsIjVvYyrRZZKHeWRYY=\/0x0:2047x1153\/984x0\/smart\/filters:strip_icc()\/i.s3.glbimg.com\/v1\/AUTH_59edd422c0c84a879bd37670ae4f538a\/internal_photos\/bs\/2023\/9\/F\/9sHCTIRKAO8e8xAq42KQ\/foto-daniel-senna-govba-1-.jpg\" sizes=\"(max-width: 1707px) 648px, 100vw\" srcset=\"https:\/\/s2.glbimg.com\/di6MQQVOO7ZDxK-fstR-WW6eGrQ=\/0x0:2047x1153\/1000x0\/smart\/filters:strip_icc()\/i.s3.glbimg.com\/v1\/AUTH_59edd422c0c84a879bd37670ae4f538a\/internal_photos\/bs\/2023\/9\/F\/9sHCTIRKAO8e8xAq42KQ\/foto-daniel-senna-govba-1-.jpg 1000w, https:\/\/s2.glbimg.com\/9OMWD9KTpsIjVvYyrRZZKHeWRYY=\/0x0:2047x1153\/984x0\/smart\/filters:strip_icc()\/i.s3.glbimg.com\/v1\/AUTH_59edd422c0c84a879bd37670ae4f538a\/internal_photos\/bs\/2023\/9\/F\/9sHCTIRKAO8e8xAq42KQ\/foto-daniel-senna-govba-1-.jpg 984w, https:\/\/s2.glbimg.com\/1Al-SdxeCF1s_kVKV6RMgsRQeuc=\/0x0:2047x1153\/640x0\/smart\/filters:strip_icc()\/i.s3.glbimg.com\/v1\/AUTH_59edd422c0c84a879bd37670ae4f538a\/internal_photos\/bs\/2023\/9\/F\/9sHCTIRKAO8e8xAq42KQ\/foto-daniel-senna-govba-1-.jpg 640w, https:\/\/s2.glbimg.com\/2-BbiKy0sjr2H5cxeiuWPunYs6Y=\/0x0:2047x1153\/600x0\/smart\/filters:strip_icc()\/i.s3.glbimg.com\/v1\/AUTH_59edd422c0c84a879bd37670ae4f538a\/internal_photos\/bs\/2023\/9\/F\/9sHCTIRKAO8e8xAq42KQ\/foto-daniel-senna-govba-1-.jpg 600w\" alt=\"Governador Jer\u00f4nimo Rodrigues se re\u00fane com representantes de empresas chinesas \u2014 Foto: Daniel Senna\/ GOV BA\" \/><\/figure>\n<\/div>\n<p class=\"content-media__description  \">Governador Jer\u00f4nimo Rodrigues se re\u00fane com representantes de empresas chinesas \u2014 Foto: Daniel Senna\/ GOV BA<\/p>\n<\/div>\n<\/div>\n<\/div>\n<div id=\"chunk-6lc23\">\n<div class=\"mc-column content-text active-extra-styles \" data-block-type=\"unstyled\" data-block-weight=\"79\" data-block-id=\"26\">\n<p class=\"content-text__container \" data-track-category=\"Link no Texto\" data-track-links=\"\">O governador embarcou no dia 29 de mar\u00e7o para o pa\u00eds asi\u00e1tico, e chegou no dia 31. Ele fica fora do Brasil at\u00e9 o dia 16. A previs\u00e3o inicial era de retorno no dia 12, mas com a confirma\u00e7\u00e3o da ida do presidente Lula ao pa\u00eds asi\u00e1tico,\u00a0<a class=\"\" href=\"https:\/\/g1.globo.com\/ba\/bahia\/noticia\/2023\/04\/07\/governador-da-ba-pede-autorizacao-a-alba-para-estender-agenda-internacional-na-china-jeronimo-deve-encontrar-lula.ghtml\">o governo pediu \u00e0 Alba uma autoriza\u00e7\u00e3o para ampliar o tempo de viagem<\/a>. A autoriza\u00e7\u00e3o foi\u00a0<a class=\"\" href=\"https:\/\/g1.globo.com\/ba\/bahia\/noticia\/2023\/04\/12\/apos-pedido-do-governador-da-ba-assembleia-legislativa-autoriza-prorrogacao-da-viagem-de-jeronimo-rodrigues-na-china.ghtml\">confirmada pela Assembleia na quarta-feira<\/a>. Durante o per\u00edodo, o vice-governador Geraldo J\u00fanior tem comandado o estado.<\/p>\n<\/div>\n<\/div>\n<div id=\"chunk-fb529\">\n<div class=\"mc-column content-text active-extra-styles \" data-block-type=\"unstyled\" data-block-weight=\"38\" data-block-id=\"27\">\n<p class=\"content-text__container \" data-track-category=\"Link no Texto\" data-track-links=\"\">Na viagem, Jer\u00f4nimo est\u00e1 acompanhado dos secret\u00e1rios de Desenvolvimento Econ\u00f4mico (SDE), \u00c2ngelo Almeida; e de Ci\u00eancia, Tecnologia e Inova\u00e7\u00e3o (Secti), Andr\u00e9 Joazeiro; al\u00e9m do superintendente de Atra\u00e7\u00e3o de Investimentos e Fomento ao Desenvolvimento Econ\u00f4mico da SDE, Paulo Guimar\u00e3es.<\/p>\n<\/div>\n<\/div>\n<\/div>\n<\/article>\n<\/div>\n","protected":false},"excerpt":{"rendered":"<p>Ao lado de Lula, Jer\u00f4nimo visita sede da Huawei \u2014 Foto: Daniel Senna\/GOVBA O governador da Bahia,\u00a0Jer\u00f4nimo Rodrigues\u00a0(PT), mostrou, nesta quinta-feira (13), parte de sua rotina, durante viagem oficial \u00e0\u00a0China. No pa\u00eds asi\u00e1tico desde o dia 31 de mar\u00e7o, o governador publicou uma foto, nas suas redes sociais, onde passa ferro em uma camisa. &#8220;Flagra [&hellip;]<\/p>\n","protected":false},"author":2,"featured_media":0,"comment_status":"open","ping_status":"open","sticky":false,"template":"","format":"standard","meta":{"_links_to":"","_links_to_target":""},"categories":[7,9,8,1],"tags":[],"_links":{"self":[{"href":"https:\/\/www.ilheusnoticias.net.br\/v1\/wp-json\/wp\/v2\/posts\/31569"}],"collection":[{"href":"https:\/\/www.ilheusnoticias.net.br\/v1\/wp-json\/wp\/v2\/posts"}],"about":[{"href":"https:\/\/www.ilheusnoticias.net.br\/v1\/wp-json\/wp\/v2\/types\/post"}],"author":[{"embeddable":true,"href":"https:\/\/www.ilheusnoticias.net.br\/v1\/wp-json\/wp\/v2\/users\/2"}],"replies":[{"embeddable":true,"href":"https:\/\/www.ilheusnoticias.net.br\/v1\/wp-json\/wp\/v2\/comments?post=31569"}],"version-history":[{"count":1,"href":"https:\/\/www.ilheusnoticias.net.br\/v1\/wp-json\/wp\/v2\/posts\/31569\/revisions"}],"predecessor-version":[{"id":31570,"href":"https:\/\/www.ilheusnoticias.net.br\/v1\/wp-json\/wp\/v2\/posts\/31569\/revisions\/31570"}],"wp:attachment":[{"href":"https:\/\/www.ilheusnoticias.net.br\/v1\/wp-json\/wp\/v2\/media?parent=31569"}],"wp:term":[{"taxonomy":"category","embeddable":true,"href":"https:\/\/www.ilheusnoticias.net.br\/v1\/wp-json\/wp\/v2\/categories?post=31569"},{"taxonomy":"post_tag","embeddable":true,"href":"https:\/\/www.ilheusnoticias.net.br\/v1\/wp-json\/wp\/v2\/tags?post=31569"}],"curies":[{"name":"wp","href":"https:\/\/api.w.org\/{rel}","templated":true}]}}