{"id":31567,"date":"2023-04-13T10:39:15","date_gmt":"2023-04-13T13:39:15","guid":{"rendered":"https:\/\/www.ilheusnoticias.net.br\/v1\/?p=31567"},"modified":"2023-04-13T10:39:15","modified_gmt":"2023-04-13T13:39:15","slug":"ministerio-publico-eleitoral-defende-que-tse-torne-jair-bolsonaro-inelegivel","status":"publish","type":"post","link":"https:\/\/www.ilheusnoticias.net.br\/v1\/2023\/04\/13\/ministerio-publico-eleitoral-defende-que-tse-torne-jair-bolsonaro-inelegivel\/","title":{"rendered":"Minist\u00e9rio P\u00fablico Eleitoral defende que TSE torne Jair Bolsonaro ineleg\u00edvel"},"content":{"rendered":"<div class=\"row content-head non-featured \">\n<div class=\"title\" data-block-type=\"title\" data-block-id=\"0\"><\/div>\n<\/div>\n<div class=\"mc-article-body\">\n<article>\n<div id=\"chunk-6da3n\">\n<div class=\"row medium-uncollapsed content-media content-photo\" data-block-type=\"backstage-photo\" data-block-id=\"1\">\n<div class=\" mc-column  content-media__container\">\n<div class=\"content-media-container glb-skeleton-box\">\n<figure class=\"content-media-figure\"><img class=\"i-amphtml-fill-content i-amphtml-replaced-content\" src=\"https:\/\/s2.glbimg.com\/pw4xuqSxvuhmIe7gH8r_Hmdk_jo=\/0x0:2048x1365\/984x0\/smart\/filters:strip_icc()\/i.s3.glbimg.com\/v1\/AUTH_59edd422c0c84a879bd37670ae4f538a\/internal_photos\/bs\/2022\/z\/t\/52A19bRFuiXB9CLJy9Jw\/52225842569-9f9ab5c446-k.jpg\" sizes=\"(max-width: 1707px) 648px, 100vw\" srcset=\"https:\/\/s2.glbimg.com\/OcPVm3-fog2HrHmLHnUSchKTdjM=\/0x0:2048x1365\/1000x0\/smart\/filters:strip_icc()\/i.s3.glbimg.com\/v1\/AUTH_59edd422c0c84a879bd37670ae4f538a\/internal_photos\/bs\/2022\/z\/t\/52A19bRFuiXB9CLJy9Jw\/52225842569-9f9ab5c446-k.jpg 1000w, https:\/\/s2.glbimg.com\/pw4xuqSxvuhmIe7gH8r_Hmdk_jo=\/0x0:2048x1365\/984x0\/smart\/filters:strip_icc()\/i.s3.glbimg.com\/v1\/AUTH_59edd422c0c84a879bd37670ae4f538a\/internal_photos\/bs\/2022\/z\/t\/52A19bRFuiXB9CLJy9Jw\/52225842569-9f9ab5c446-k.jpg 984w, https:\/\/s2.glbimg.com\/nkv-wG5MCGCKWHS6yzV8iXqa6fU=\/0x0:2048x1365\/640x0\/smart\/filters:strip_icc()\/i.s3.glbimg.com\/v1\/AUTH_59edd422c0c84a879bd37670ae4f538a\/internal_photos\/bs\/2022\/z\/t\/52A19bRFuiXB9CLJy9Jw\/52225842569-9f9ab5c446-k.jpg 640w, https:\/\/s2.glbimg.com\/jsXWJjdBO96wuZSDy-UhGduu9UY=\/0x0:2048x1365\/600x0\/smart\/filters:strip_icc()\/i.s3.glbimg.com\/v1\/AUTH_59edd422c0c84a879bd37670ae4f538a\/internal_photos\/bs\/2022\/z\/t\/52A19bRFuiXB9CLJy9Jw\/52225842569-9f9ab5c446-k.jpg 600w\" alt=\"Bolsonaro durante reuni\u00e3o com embaixadores no Pal\u00e1cio do Planalto.  \u2014 Foto: Clauber Cleber Caetano\/PR\" \/><\/figure>\n<\/div>\n<p class=\"content-media__description  \">Bolsonaro durante reuni\u00e3o com embaixadores no Pal\u00e1cio do Planalto. \u2014 Foto: Clauber Cleber Caetano\/PR<\/p>\n<\/div>\n<\/div>\n<\/div>\n<div id=\"chunk-7l60i\">\n<div class=\"mc-column content-text active-extra-styles \" data-block-type=\"unstyled\" data-block-weight=\"40\" data-block-id=\"3\">\n<p class=\"content-text__container \" data-track-category=\"Link no Texto\" data-track-links=\"\">O Minist\u00e9rio P\u00fablico Eleitoral defendeu que o\u00a0<a class=\"\" href=\"https:\/\/g1.globo.com\/tudo-sobre\/tribunal-superior-eleitoral\/\">Tribunal Superior Eleitoral<\/a>\u00a0(TSE) torne o ex-presidente\u00a0<a class=\"\" href=\"https:\/\/g1.globo.com\/politica\/politico\/jair-bolsonaro\/\">Jair Bolsonaro<\/a>\u00a0(PL) ineleg\u00edvel. O TSE analisa uma a\u00e7\u00e3o de investiga\u00e7\u00e3o judicial eleitoral apresentada pelo PDT contra a chapa de Bolsonaro. O processo est\u00e1 em sigilo.<\/p>\n<\/div>\n<\/div>\n<div class=\"wall protected-content\">\n<div id=\"chunk-9ivlm\">\n<div class=\"mc-column content-text active-extra-styles \" data-block-type=\"unstyled\" data-block-weight=\"32\" data-block-id=\"4\">\n<p class=\"content-text__container \" data-track-category=\"Link no Texto\" data-track-links=\"\">A\u00a0<strong>TV Globo<\/strong>\u00a0apurou que o parecer do vice-procurador-geral Eleitoral, Paulo Gonet Branco, afirma que as provas reunidas indicam que houve abuso de poder pol\u00edtico de Bolsonaro nas elei\u00e7\u00f5es do ano passado.<\/p>\n<\/div>\n<\/div>\n<div id=\"chunk-9fjuc\">\n<div class=\"mc-column content-text active-extra-styles \" data-block-type=\"unstyled\" data-block-weight=\"34\" data-block-id=\"5\">\n<p class=\"content-text__container \" data-track-category=\"Link no Texto\" data-track-links=\"\">O ex-presidente proferiu ataques sem provas ao sistema eleitoral durante uma reuni\u00e3o com embaixadores que convocou no Pal\u00e1cio da Alvorada. As acusa\u00e7\u00f5es contra as urnas eletr\u00f4nicas j\u00e1 haviam sido desmentidas por v\u00e1rios \u00f3rg\u00e3os oficiais.<\/p>\n<\/div>\n<\/div>\n<div id=\"chunk-78qkd\">\n<div class=\"content-ads content-ads--reveal\" data-block-type=\"ads\" data-block-id=\"6\">\n<div id=\"banner_materia2\" class=\"tag-manager-publicidade-container mc-has-reveal mc-has-ad-lazyload tag-manager-publicidade-banner_materia2 tag-manager-publicidade-container--carregado tag-manager-publicidade-container--visivel\" data-id=\"banner_materia2\" data-google-query-id=\"CInq1f_8pv4CFaSklQIdmIsCyw\">\n<div id=\"google_ads_iframe_\/95377733\/tvg_G1\/Politica_3__container__\"><\/div>\n<\/div>\n<\/div>\n<\/div>\n<div id=\"chunk-eioc7\">\n<div class=\"mc-column content-text active-extra-styles \" data-block-type=\"unstyled\" data-block-weight=\"18\" data-block-id=\"7\">\n<p class=\"content-text__container \" data-track-category=\"Link no Texto\" data-track-links=\"\">Em rela\u00e7\u00e3o ao candidato a vice-presidente, Braga Netto, o Minist\u00e9rio P\u00fablico Eleitoral se manifestou pela rejei\u00e7\u00e3o das acusa\u00e7\u00f5es.<\/p>\n<\/div>\n<\/div>\n<div id=\"chunk-a3atf\">\n<div class=\"mc-column content-text active-extra-styles \" data-block-type=\"unstyled\" data-block-weight=\"23\" data-block-id=\"8\">\n<p class=\"content-text__container \" data-track-category=\"Link no Texto\" data-track-links=\"\">Ainda n\u00e3o h\u00e1 data para o TSE julgar a a\u00e7\u00e3o. Os ministros podem ou n\u00e3o seguir o entendimento do Minist\u00e9rio P\u00fablico Eleitoral.<\/p>\n<\/div>\n<\/div>\n<\/div>\n<\/article>\n<\/div>\n","protected":false},"excerpt":{"rendered":"<p>Bolsonaro durante reuni\u00e3o com embaixadores no Pal\u00e1cio do Planalto. \u2014 Foto: Clauber Cleber Caetano\/PR O Minist\u00e9rio P\u00fablico Eleitoral defendeu que o\u00a0Tribunal Superior Eleitoral\u00a0(TSE) torne o ex-presidente\u00a0Jair Bolsonaro\u00a0(PL) ineleg\u00edvel. O TSE analisa uma a\u00e7\u00e3o de investiga\u00e7\u00e3o judicial eleitoral apresentada pelo PDT contra a chapa de Bolsonaro. O processo est\u00e1 em sigilo. A\u00a0TV Globo\u00a0apurou que o parecer [&hellip;]<\/p>\n","protected":false},"author":2,"featured_media":0,"comment_status":"open","ping_status":"open","sticky":false,"template":"","format":"standard","meta":{"_links_to":"","_links_to_target":""},"categories":[7,9,8,1],"tags":[],"_links":{"self":[{"href":"https:\/\/www.ilheusnoticias.net.br\/v1\/wp-json\/wp\/v2\/posts\/31567"}],"collection":[{"href":"https:\/\/www.ilheusnoticias.net.br\/v1\/wp-json\/wp\/v2\/posts"}],"about":[{"href":"https:\/\/www.ilheusnoticias.net.br\/v1\/wp-json\/wp\/v2\/types\/post"}],"author":[{"embeddable":true,"href":"https:\/\/www.ilheusnoticias.net.br\/v1\/wp-json\/wp\/v2\/users\/2"}],"replies":[{"embeddable":true,"href":"https:\/\/www.ilheusnoticias.net.br\/v1\/wp-json\/wp\/v2\/comments?post=31567"}],"version-history":[{"count":1,"href":"https:\/\/www.ilheusnoticias.net.br\/v1\/wp-json\/wp\/v2\/posts\/31567\/revisions"}],"predecessor-version":[{"id":31568,"href":"https:\/\/www.ilheusnoticias.net.br\/v1\/wp-json\/wp\/v2\/posts\/31567\/revisions\/31568"}],"wp:attachment":[{"href":"https:\/\/www.ilheusnoticias.net.br\/v1\/wp-json\/wp\/v2\/media?parent=31567"}],"wp:term":[{"taxonomy":"category","embeddable":true,"href":"https:\/\/www.ilheusnoticias.net.br\/v1\/wp-json\/wp\/v2\/categories?post=31567"},{"taxonomy":"post_tag","embeddable":true,"href":"https:\/\/www.ilheusnoticias.net.br\/v1\/wp-json\/wp\/v2\/tags?post=31567"}],"curies":[{"name":"wp","href":"https:\/\/api.w.org\/{rel}","templated":true}]}}