{"id":31565,"date":"2023-04-13T10:34:50","date_gmt":"2023-04-13T13:34:50","guid":{"rendered":"https:\/\/www.ilheusnoticias.net.br\/v1\/?p=31565"},"modified":"2023-04-13T10:34:50","modified_gmt":"2023-04-13T13:34:50","slug":"prefeitura-de-ilheus-intensifica-recuperacao-de-vias-em-diversos-pontos-da-cidade-confira-servicos","status":"publish","type":"post","link":"https:\/\/www.ilheusnoticias.net.br\/v1\/2023\/04\/13\/prefeitura-de-ilheus-intensifica-recuperacao-de-vias-em-diversos-pontos-da-cidade-confira-servicos\/","title":{"rendered":"Prefeitura de Ilh\u00e9us intensifica recupera\u00e7\u00e3o de vias em diversos pontos da cidade; confira servi\u00e7os"},"content":{"rendered":"<div class=\"imagem thumbnail col-xs-12 col-sm-8 col-md-6 col-lg-6 imagem-materia\"><a class=\"fresco\" title=\"\" href=\"https:\/\/portalfacilarquivos.blob.core.windows.net\/uploads\/ILHEUS\/imgOrig\/%7BABDDDBD4-AAD0-DE60-2ED2-60EB645BABC3%7D.jpg\" data-fresco-caption=\"\"><img loading=\"lazy\" title=\"\" src=\"https:\/\/portalfacilarquivos.blob.core.windows.net\/uploads\/ILHEUS\/img\/%7BABDDDBD4-AAD0-DE60-2ED2-60EB645BABC3%7D\/%7BABDDDBD4-AAD0-DE60-2ED2-60EB645BABC3%7D_650X450.jpg\" alt=\"balan\u00e7o; obras; seinfra\" width=\"650\" height=\"450\" \/><\/a><\/p>\n<p class=\"bg-primary\">A ordem do prefeito M\u00e1rio Alexandre \u00e9 que as demandas da popula\u00e7\u00e3o sejam atendidas e a cidade n\u00e3o perca o ritmo de transforma\u00e7\u00e3o e trabalho implantado desde o in\u00edcio de sua gest\u00e3o. Coordenada pela Secretaria de Infraestrutura e Defesa Civil (Seinfra), a a\u00e7\u00e3o \u00e9 realizada de maneira cont\u00ednua e as equipes est\u00e3o distribu\u00eddas em v\u00e1rias frentes de trabalho para recuperar ruas e avenidas de Ilh\u00e9us.<\/p>\n<\/div>\n<p>\u201cOs servi\u00e7os de reparo e conserva\u00e7\u00e3o s\u00e3o feitos diariamente e as equipes trabalham para melhorar as condi\u00e7\u00f5es de trafegabilidade em diversos bairros. Ent\u00e3o, com esfor\u00e7o e muita dedica\u00e7\u00e3o estamos avan\u00e7ando e de uma forma jamais vista. Agrade\u00e7o sempre a parceria e o apoio do Governo do Estado, que tem garantido recursos e a execu\u00e7\u00e3o de grandes obras na nossa cidade. Fico extremamente feliz, porque sei que tudo isso j\u00e1 est\u00e1 trazendo resultados\u201d, destacou M\u00e1rio Alexandre.<\/p>\n<div class=\"imagem thumbnail col-xs-12 col-sm-8 col-md-6 col-lg-6 imagem-materia\"><a class=\"fresco\" title=\"\" href=\"https:\/\/portalfacilarquivos.blob.core.windows.net\/uploads\/ILHEUS\/imgOrig\/%7BDCAE51B6-177B-7CCD-5CC4-0A44DCCAB253%7D.jpg\" data-fresco-caption=\"\"><img loading=\"lazy\" title=\"\" src=\"https:\/\/portalfacilarquivos.blob.core.windows.net\/uploads\/ILHEUS\/img\/%7BDCAE51B6-177B-7CCD-5CC4-0A44DCCAB253%7D\/%7BDCAE51B6-177B-7CCD-5CC4-0A44DCCAB253%7D_650X450.jpg\" alt=\"balan\u00e7o; obras; seinfra\" width=\"650\" height=\"450\" \/><\/a><\/p>\n<p class=\"bg-primary\">Al\u00e9m da execu\u00e7\u00e3o dos servi\u00e7os, a Seinfra realiza visitas t\u00e9cnicas di\u00e1rias para mapear os pontos mais cr\u00edticos no munic\u00edpio.\u00a0\u00a0As conquistas foram obtidas gra\u00e7as ao planejamento fiscal e financeiro, com foco na qualidade de vida do cidad\u00e3o ilheense. Em parceria com o Estado, est\u00e3o em andamento a segunda etapa do fechamento do Canal do Malhado; continuidade da duplica\u00e7\u00e3o da orla Sul; e requalifica\u00e7\u00e3o da Zona Norte.<\/p>\n<\/div>\n<p><strong>Balan\u00e7o dos servi\u00e7os<\/strong><\/p>\n<p>&#8211; Drenagem da Rua Rotary (Cidade Nova) &#8211; jateamento e desobstru\u00e7\u00e3o de rede com caminh\u00e3o hidrojato;<\/p>\n<p>&#8211; Execu\u00e7\u00e3o de conten\u00e7\u00e3o e escada drenante (Alto do Nerival) &#8211; instala\u00e7\u00e3o do corrim\u00e3o;<\/p>\n<p>&#8211; Pavimenta\u00e7\u00e3o da Rua Ouro Verde (Malhado) &#8211; execu\u00e7\u00e3o de pavimenta\u00e7\u00e3o em paralelep\u00edpedo e execu\u00e7\u00e3o do passeio;<\/p>\n<p>&#8211; Pavimenta\u00e7\u00e3o da Rua Am\u00e9lia Pacheco (Pacheco) &#8211; execu\u00e7\u00e3o de pavimenta\u00e7\u00e3o em paralelep\u00edpedo e assentamento do meio-fio;<\/p>\n<p>&#8211; Pavimenta\u00e7\u00e3o da Rua Boa Vista (Nelson Costa) &#8211;\u00a0\u00a0marca\u00e7\u00e3o de gabarito para execu\u00e7\u00e3o de caixa engole tudo e execu\u00e7\u00e3o de mestras para defini\u00e7\u00e3o do n\u00edvel de rua.\u00a0<strong>A desobstru\u00e7\u00e3o da rede de esgoto<\/strong>\u00a0<strong>\u00e9 realizada pela Embasa;<\/strong><\/p>\n<p>&nbsp;<\/p>\n<div class=\"imagem thumbnail col-xs-12 col-sm-8 col-md-6 col-lg-6 imagem-materia\"><a class=\"fresco\" title=\"\" href=\"https:\/\/portalfacilarquivos.blob.core.windows.net\/uploads\/ILHEUS\/imgOrig\/%7BDE3E2DBA-8ACA-4ACB-33B6-A42AD6CD4003%7D.jpg\" data-fresco-caption=\"\"><img loading=\"lazy\" title=\"\" src=\"https:\/\/portalfacilarquivos.blob.core.windows.net\/uploads\/ILHEUS\/img\/%7BDE3E2DBA-8ACA-4ACB-33B6-A42AD6CD4003%7D\/%7BDE3E2DBA-8ACA-4ACB-33B6-A42AD6CD4003%7D_650X450.jpg\" alt=\"balan\u00e7o; obras; seinfra\" width=\"650\" height=\"450\" \/><\/a><\/p>\n<p class=\"bg-primary\">&#8211; Pavimenta\u00e7\u00e3o com paralelep\u00edpedos da Vila Freitas (Esperan\u00e7a) &#8211; prepara\u00e7\u00e3o do colch\u00e3o de rua e pavimenta\u00e7\u00e3o com paralelos;<\/p>\n<\/div>\n<p>&#8211; 6\u00aa Travessa do Nerival (Barra do Ita\u00edpe) &#8211; inje\u00e7\u00e3o de nata de cimento em grampos<\/p>\n<p>&#8211; Escola do Badar\u00f3 (Teot\u00f4nio Vilela) &#8211;\u00a0\u00a0loca\u00e7\u00e3o de obra, confec\u00e7\u00e3o, montagem e assentamento de tapumes em madeira para fechamento da obra;<\/p>\n<p>&#8211; Escola Tibina &#8211; levante de alvenaria, confec\u00e7\u00e3o de forma dos pilares, confec\u00e7\u00e3o de forma das vigas\u00a0e\u00a0chapisco;<\/p>\n<p>&#8211; Execu\u00e7\u00e3o do combate a inc\u00eandio IME &#8211; aplica\u00e7\u00e3o do fundo anticorrosivo no guarda-corpo da escada de emerg\u00eancia e na rampa de acessibilidade e pintura do guarda-corpo da rampa de acessibilidade;<\/p>\n<p>&nbsp;<\/p>\n<div class=\"imagem thumbnail col-xs-12 col-sm-8 col-md-6 col-lg-6 imagem-materia\"><a class=\"fresco\" title=\"\" href=\"https:\/\/portalfacilarquivos.blob.core.windows.net\/uploads\/ILHEUS\/imgOrig\/%7BA1BE74B4-6A4A-BA2B-3DEA-CE55027567BD%7D.jpg\" data-fresco-caption=\"\"><img loading=\"lazy\" title=\"\" src=\"https:\/\/portalfacilarquivos.blob.core.windows.net\/uploads\/ILHEUS\/img\/%7BA1BE74B4-6A4A-BA2B-3DEA-CE55027567BD%7D\/%7BA1BE74B4-6A4A-BA2B-3DEA-CE55027567BD%7D_650X450.jpg\" alt=\"balan\u00e7o; obras; seinfra\" width=\"650\" height=\"450\" \/><\/a><\/p>\n<p class=\"bg-primary\">\n<\/div>\n<p>&nbsp;<\/p>\n<p>&#8211; Pavimenta\u00e7\u00e3o do acesso ao Hospital Materno-Infantil (Rua \u00c1gua Preta &#8211; Conquista) &#8211; execu\u00e7\u00e3o de passeio, execu\u00e7\u00e3o de rampa, execu\u00e7\u00e3o de meio-fio e sarjeta com extrusora;<\/p>\n<p>&#8211; Requalifica\u00e7\u00e3o da Avenida Vereador Jos\u00e9 Fernandes (Teot\u00f4nio Vilela) &#8211;\u00a0\u00a0execu\u00e7\u00e3o do meio-fio, escava\u00e7\u00e3o manual, execu\u00e7\u00e3o da laje e execu\u00e7\u00e3o da escada;<\/p>\n<p>&#8211; Canal do Malhado &#8211; execu\u00e7\u00e3o de dreno;<\/p>\n<p>&#8211; Pavimenta\u00e7\u00e3o do acesso ao Hospital Materno-Infantil (Rua S\u00e3o Francisco \u2013 Conquista\u00a0&#8211; execu\u00e7\u00e3o de passeio, execu\u00e7\u00e3o de rampa, execu\u00e7\u00e3o de meio-fio e sarjeta com extrusora;<\/p>\n<p>&#8211; Recupera\u00e7\u00e3o do Viaduto Catal\u00e3o &#8211; instala\u00e7\u00e3o de grade de guarda-corpo\u00a0e\u00a0demoli\u00e7\u00e3o de passeio;<\/p>\n<p>&#8211; Servi\u00e7o de drenagem das ruas do Pontal &#8211; jateamento e desobstru\u00e7\u00e3o de rede com caminh\u00e3o hidrojato;<\/p>\n<p>&#8211;\u00a0Servi\u00e7o de drenagem da Avenida Canavieiras &#8211; desobstru\u00e7\u00e3o da rede e confec\u00e7\u00e3o de caixa e tampa de concreto;<\/p>\n<p>&nbsp;<\/p>\n<div class=\"imagem thumbnail col-xs-12 col-sm-8 col-md-6 col-lg-6 imagem-materia\"><a class=\"fresco\" title=\"\" href=\"https:\/\/portalfacilarquivos.blob.core.windows.net\/uploads\/ILHEUS\/imgOrig\/%7BC8E454E0-D4BA-EC03-ACE1-BAD62BEDD6BD%7D.jpg\" data-fresco-caption=\"\"><img loading=\"lazy\" title=\"\" src=\"https:\/\/portalfacilarquivos.blob.core.windows.net\/uploads\/ILHEUS\/img\/%7BC8E454E0-D4BA-EC03-ACE1-BAD62BEDD6BD%7D\/%7BC8E454E0-D4BA-EC03-ACE1-BAD62BEDD6BD%7D_650X450.jpg\" alt=\"balan\u00e7o; obras; seinfra\" width=\"650\" height=\"450\" \/><\/a><\/p>\n<p class=\"bg-primary\">\n<\/div>\n<p>&nbsp;<\/p>\n<p>&#8211; Servi\u00e7o de drenagem da Rua Marqu\u00eas de Paranagu\u00e1 (Centro) &#8211; jateamento e desobstru\u00e7\u00e3o de rede com caminh\u00e3o hidrojato;<\/p>\n<p>&#8211; Opera\u00e7\u00e3o Tapa-buraco na Avenida Lomanto J\u00fanior (Pontal) e S\u00e3o Miguel com concreto Betuminoso Usinado a Quente (CBUQ);<\/p>\n<p>&#8211; Servi\u00e7o de drenagem da pra\u00e7a Dr. Ant\u00f4nio Vianna (Cidade Nova) &#8211; jateamento e desobstru\u00e7\u00e3o de rede com caminh\u00e3o hidrojato;<\/p>\n<p>&#8211; Pavimenta\u00e7\u00e3o com paralelep\u00edpedos da Rua Novo Horizonte (Nossa Senhora da Vit\u00f3ria) &#8211; remo\u00e7\u00e3o de paralelos e prepara\u00e7\u00e3o de colch\u00e3o de rua;<\/p>\n<p>&#8211; Servi\u00e7o de drenagem da Avenida Itabuna &#8211; desobstru\u00e7\u00e3o de rede de drenagem e troca de manilhas;<\/p>\n<p>&#8211; Reassentamento de paralelos na Morada do Porto &#8211; remo\u00e7\u00e3o de borrachudo, regulariza\u00e7\u00e3o da base e execu\u00e7\u00e3o de reassentamento de paralelos;<\/p>\n<p>&#8211; Reassentamento de paralelos no Residencial Vilela &#8211; execu\u00e7\u00e3o de reassentamento de paralelos<\/p>\n","protected":false},"excerpt":{"rendered":"<p>A ordem do prefeito M\u00e1rio Alexandre \u00e9 que as demandas da popula\u00e7\u00e3o sejam atendidas e a cidade n\u00e3o perca o ritmo de transforma\u00e7\u00e3o e trabalho implantado desde o in\u00edcio de sua gest\u00e3o. Coordenada pela Secretaria de Infraestrutura e Defesa Civil (Seinfra), a a\u00e7\u00e3o \u00e9 realizada de maneira cont\u00ednua e as equipes est\u00e3o distribu\u00eddas em v\u00e1rias [&hellip;]<\/p>\n","protected":false},"author":2,"featured_media":0,"comment_status":"open","ping_status":"open","sticky":false,"template":"","format":"standard","meta":{"_links_to":"","_links_to_target":""},"categories":[7,9,8,1],"tags":[],"_links":{"self":[{"href":"https:\/\/www.ilheusnoticias.net.br\/v1\/wp-json\/wp\/v2\/posts\/31565"}],"collection":[{"href":"https:\/\/www.ilheusnoticias.net.br\/v1\/wp-json\/wp\/v2\/posts"}],"about":[{"href":"https:\/\/www.ilheusnoticias.net.br\/v1\/wp-json\/wp\/v2\/types\/post"}],"author":[{"embeddable":true,"href":"https:\/\/www.ilheusnoticias.net.br\/v1\/wp-json\/wp\/v2\/users\/2"}],"replies":[{"embeddable":true,"href":"https:\/\/www.ilheusnoticias.net.br\/v1\/wp-json\/wp\/v2\/comments?post=31565"}],"version-history":[{"count":1,"href":"https:\/\/www.ilheusnoticias.net.br\/v1\/wp-json\/wp\/v2\/posts\/31565\/revisions"}],"predecessor-version":[{"id":31566,"href":"https:\/\/www.ilheusnoticias.net.br\/v1\/wp-json\/wp\/v2\/posts\/31565\/revisions\/31566"}],"wp:attachment":[{"href":"https:\/\/www.ilheusnoticias.net.br\/v1\/wp-json\/wp\/v2\/media?parent=31565"}],"wp:term":[{"taxonomy":"category","embeddable":true,"href":"https:\/\/www.ilheusnoticias.net.br\/v1\/wp-json\/wp\/v2\/categories?post=31565"},{"taxonomy":"post_tag","embeddable":true,"href":"https:\/\/www.ilheusnoticias.net.br\/v1\/wp-json\/wp\/v2\/tags?post=31565"}],"curies":[{"name":"wp","href":"https:\/\/api.w.org\/{rel}","templated":true}]}}