{"id":31561,"date":"2023-04-13T07:55:49","date_gmt":"2023-04-13T10:55:49","guid":{"rendered":"https:\/\/www.ilheusnoticias.net.br\/v1\/?p=31561"},"modified":"2023-04-13T07:55:49","modified_gmt":"2023-04-13T10:55:49","slug":"turismo-2a-edicao-do-ilheus-moto-praia-acontece-em-setembro-e-deve-repetir-sucesso-de-2022","status":"publish","type":"post","link":"https:\/\/www.ilheusnoticias.net.br\/v1\/2023\/04\/13\/turismo-2a-edicao-do-ilheus-moto-praia-acontece-em-setembro-e-deve-repetir-sucesso-de-2022\/","title":{"rendered":"Turismo: 2\u00aa edi\u00e7\u00e3o do &#8216;Ilh\u00e9us Moto Praia&#8217; acontece em setembro e deve repetir sucesso de 2022"},"content":{"rendered":"<div class=\"imagem thumbnail col-xs-12 col-sm-8 col-md-6 col-lg-6 imagem-materia\"><a class=\"fresco\" title=\"\" href=\"https:\/\/portalfacilarquivos.blob.core.windows.net\/uploads\/ILHEUS\/imgOrig\/%7B81CBCA8B-DE4E-CC7E-DBD6-2D5AD3E2E5D1%7D.jpg\" data-fresco-caption=\"\"><img loading=\"lazy\" title=\"\" src=\"https:\/\/portalfacilarquivos.blob.core.windows.net\/uploads\/ILHEUS\/img\/%7B81CBCA8B-DE4E-CC7E-DBD6-2D5AD3E2E5D1%7D\/%7B81CBCA8B-DE4E-CC7E-DBD6-2D5AD3E2E5D1%7D_650X450.jpg\" alt=\"Moto Praia\" width=\"650\" height=\"450\" \/><\/a><\/p>\n<p class=\"bg-primary\">A sua 2\u00aa edi\u00e7\u00e3o \u201cIlh\u00e9us Moto Praia\u201d j\u00e1 tem data definida. Durante reuni\u00e3o realizada na \u00faltima segunda-feira (10), entre o secret\u00e1rio da Casa Civil, Mozart Arag\u00e3o, a superintendente de Rela\u00e7\u00f5es Institucionais, Carla Serafim, e integrantes da Uni\u00e3o dos Motoclubes de Ilh\u00e9us ficou estabelecido que o evento acontecer\u00e1 dos dias 7 a 9 de setembro de 2023.<\/p>\n<\/div>\n<p>Na ocasi\u00e3o, os participantes indicaram a Avenida Soares Lopes como ponto de encontro dos amantes de moto, da mesma forma que sucedeu a primeira edi\u00e7\u00e3o. Os\u00a0detalhes a respeito da programa\u00e7\u00e3o, bem como atra\u00e7\u00f5es musicais, ser\u00e3o acordados ao longo dos pr\u00f3ximos meses.<\/p>\n<p>A expectativa \u00e9 que o Moto Praia re\u00fana cerca de mil motociclistas de todas as partes da Bahia e do Brasil.\u00a0O evento movimenta Ilh\u00e9us durante a baixa esta\u00e7\u00e3o, sendo integrado ao calend\u00e1rio tur\u00edstico da cidade.<\/p>\n","protected":false},"excerpt":{"rendered":"<p>A sua 2\u00aa edi\u00e7\u00e3o \u201cIlh\u00e9us Moto Praia\u201d j\u00e1 tem data definida. Durante reuni\u00e3o realizada na \u00faltima segunda-feira (10), entre o secret\u00e1rio da Casa Civil, Mozart Arag\u00e3o, a superintendente de Rela\u00e7\u00f5es Institucionais, Carla Serafim, e integrantes da Uni\u00e3o dos Motoclubes de Ilh\u00e9us ficou estabelecido que o evento acontecer\u00e1 dos dias 7 a 9 de setembro de [&hellip;]<\/p>\n","protected":false},"author":2,"featured_media":0,"comment_status":"open","ping_status":"open","sticky":false,"template":"","format":"standard","meta":{"_links_to":"","_links_to_target":""},"categories":[7,9,8,1],"tags":[],"_links":{"self":[{"href":"https:\/\/www.ilheusnoticias.net.br\/v1\/wp-json\/wp\/v2\/posts\/31561"}],"collection":[{"href":"https:\/\/www.ilheusnoticias.net.br\/v1\/wp-json\/wp\/v2\/posts"}],"about":[{"href":"https:\/\/www.ilheusnoticias.net.br\/v1\/wp-json\/wp\/v2\/types\/post"}],"author":[{"embeddable":true,"href":"https:\/\/www.ilheusnoticias.net.br\/v1\/wp-json\/wp\/v2\/users\/2"}],"replies":[{"embeddable":true,"href":"https:\/\/www.ilheusnoticias.net.br\/v1\/wp-json\/wp\/v2\/comments?post=31561"}],"version-history":[{"count":1,"href":"https:\/\/www.ilheusnoticias.net.br\/v1\/wp-json\/wp\/v2\/posts\/31561\/revisions"}],"predecessor-version":[{"id":31562,"href":"https:\/\/www.ilheusnoticias.net.br\/v1\/wp-json\/wp\/v2\/posts\/31561\/revisions\/31562"}],"wp:attachment":[{"href":"https:\/\/www.ilheusnoticias.net.br\/v1\/wp-json\/wp\/v2\/media?parent=31561"}],"wp:term":[{"taxonomy":"category","embeddable":true,"href":"https:\/\/www.ilheusnoticias.net.br\/v1\/wp-json\/wp\/v2\/categories?post=31561"},{"taxonomy":"post_tag","embeddable":true,"href":"https:\/\/www.ilheusnoticias.net.br\/v1\/wp-json\/wp\/v2\/tags?post=31561"}],"curies":[{"name":"wp","href":"https:\/\/api.w.org\/{rel}","templated":true}]}}