{"id":31557,"date":"2023-04-12T06:32:30","date_gmt":"2023-04-12T09:32:30","guid":{"rendered":"https:\/\/www.ilheusnoticias.net.br\/v1\/?p=31557"},"modified":"2023-04-12T06:32:30","modified_gmt":"2023-04-12T09:32:30","slug":"secretaria-municipal-de-saude-abre-processo-administrativo-apos-denuncia-de-omissao-de-socorro-do-samu-na-ba","status":"publish","type":"post","link":"https:\/\/www.ilheusnoticias.net.br\/v1\/2023\/04\/12\/secretaria-municipal-de-saude-abre-processo-administrativo-apos-denuncia-de-omissao-de-socorro-do-samu-na-ba\/","title":{"rendered":"Secretaria Municipal de Sa\u00fade abre processo administrativo ap\u00f3s den\u00fancia de omiss\u00e3o de socorro do Samu na BA"},"content":{"rendered":"<div class=\"row content-head non-featured \">\n<div class=\"title\" data-block-type=\"title\" data-block-id=\"0\"><img class=\"content-video__placeholder__thumb\" title=\"Den\u00fancia de omiss\u00e3o de socorro em Ilh\u00e9us \u00e9 investigada\" src=\"https:\/\/s03.video.glbimg.com\/x240\/11526614.jpg\" alt=\"Den\u00fancia de omiss\u00e3o de socorro em Ilh\u00e9us \u00e9 investigada\" \/><\/div>\n<\/div>\n<div class=\"mc-article-body\">\n<article>\n<div id=\"chunk-9jcec\">\n<div class=\"bs-video-block mc-column  content-media content-video\" data-block-type=\"backstage-video\" data-block-id=\"1\">\n<div class=\"content-media__container\">\n<div class=\"content-video__bigger-player-description-fixer\">\n<article class=\"content-video\">\n<section class=\"content-video__video-container\">\n<div class=\"content-video__video\">\n<div id=\"wp3-player-1\" class=\"clappr-player video-rec-after-end--enabled nocursor\" tabindex=\"9999\" data-player=\"\">\n<div class=\"dfp-ad-overlay dfp-ad-overlay--poster-mode\">\n<div><\/div>\n<\/div>\n<\/div>\n<\/div>\n<\/section>\n<\/article>\n<\/div>\n<p class=\"content-media__description\">Den\u00fancia de omiss\u00e3o de socorro em Ilh\u00e9us \u00e9 investigada<\/p>\n<\/div>\n<\/div>\n<\/div>\n<div id=\"chunk-8vlp\">\n<div class=\"mc-column content-text active-extra-styles \" data-block-type=\"unstyled\" data-block-weight=\"37\" data-block-id=\"3\">\n<p class=\"content-text__container \" data-track-category=\"Link no Texto\" data-track-links=\"\">A Secretaria Municipal de Sa\u00fade de\u00a0<a class=\"\" href=\"https:\/\/g1.globo.com\/ba\/bahia\/cidade\/ilheus\/\">Ilh\u00e9us<\/a>, no sul da Bahia, abriu um processo administrativo nesta ter\u00e7a-feira (11) para investigar uma\u00a0<a class=\"\" href=\"https:\/\/g1.globo.com\/ba\/bahia\/noticia\/2023\/04\/10\/mulher-denuncia-omissao-de-socorro-por-parte-do-samu-apos-demora-para-atendimento-no-sul-da-ba-bebe-morreu.ghtml\">den\u00fancia de omiss\u00e3o de socorro<\/a>\u00a0por parte do Servi\u00e7o M\u00f3vel de Urg\u00eancia (Samu) da cidade.<\/p>\n<\/div>\n<\/div>\n<div class=\"wall protected-content\">\n<div id=\"chunk-56g18\">\n<div class=\"mc-column content-text active-extra-styles \" data-block-type=\"unstyled\" data-block-weight=\"54\" data-block-id=\"4\">\n<p class=\"content-text__container \" data-track-category=\"Link no Texto\" data-track-links=\"\">A medida foi adotada ap\u00f3s a moradora Rebeca Batista Duarte registrar um boletim de ocorr\u00eancia onde alega ter ficado cerca de quatro horas em trabalho de parto, no domingo (8), enquanto aguardava a chegada de uma unidade do servi\u00e7o. Ap\u00f3s a espera, o beb\u00ea morreu. O corpo da crian\u00e7a foi enterrado nesta ter\u00e7a.<\/p>\n<\/div>\n<\/div>\n<div class=\"mc-column content-text active-extra-styles\" data-block-type=\"raw\" data-block-weight=\"36\" data-block-id=\"5\">\n<blockquote class=\"content-blockquote theme-border-color-primary-before\"><p>&#8221;Precisamos entender o que ocorreu, a forma que ocorreu e se a abordagem de todo o procedimento do Samu foi dentro dos protocolos&#8221;, explicou Andr\u00e9 Cez\u00e1rio, secret\u00e1rio de sa\u00fade de Ilh\u00e9us, sobre a abertura do processo.<\/p><\/blockquote>\n<\/div>\n<div id=\"chunk-edphb\">\n<div class=\"mc-column content-text active-extra-styles \" data-block-type=\"unstyled\" data-block-weight=\"57\" data-block-id=\"7\">\n<p class=\"content-text__container \" data-track-category=\"Link no Texto\" data-track-links=\"\">Nelson da Silva Santos, o pai do beb\u00ea, e Rebeca relataram o tratamento recebido pela respons\u00e1vel no atendimento da solicita\u00e7\u00e3o. A m\u00e9dica teria dito que o Samu n\u00e3o pode buscar pessoas em trabalho de parto, que &#8221;teria coisas mais urgentes para resolver&#8221; e orientou que a fam\u00edlia se locomovesse por conta pr\u00f3pria para uma unidade de sa\u00fade.<\/p>\n<\/div>\n<\/div>\n<div id=\"chunk-oss7\">\n<div class=\"mc-column content-text active-extra-styles \" data-block-type=\"unstyled\" data-block-weight=\"49\" data-block-id=\"8\">\n<p class=\"content-text__container \" data-track-category=\"Link no Texto\" data-track-links=\"\">O coordenador do Samu, Cyomar Dias, disse nesta ter\u00e7a que a orienta\u00e7\u00e3o de comparecer a uma unidade de sa\u00fade foi feita pela m\u00e9dica devido a aus\u00eancia de ambul\u00e2ncias na base. Segundo ele, o servi\u00e7o conta com quatro unidades e apenas uma \u00e9 do tipo avan\u00e7ado, n\u00famero que seria insatisfat\u00f3rio.<\/p>\n<\/div>\n<\/div>\n<div id=\"chunk-7ovvc\">\n<div class=\"mc-column content-text active-extra-styles \" data-block-type=\"unstyled\" data-block-weight=\"48\" data-block-id=\"9\">\n<p class=\"content-text__container \" data-track-category=\"Link no Texto\" data-track-links=\"\">&#8221;Infelizmente a quantidade de ambul\u00e2ncias que n\u00f3s temos n\u00e3o \u00e9 uma quantidade que seja satisfat\u00f3ria para que atenda toda a popula\u00e7\u00e3o de Ilh\u00e9us. Por isso \u00e9 preciso que seja feita uma triagem para ver que tipo de ocorr\u00eancia podemos atender, o que acaba gerando todos esses transtornos&#8221;, falou.<\/p>\n<\/div>\n<\/div>\n<div id=\"chunk-986dc\">\n<div class=\"row medium-uncollapsed content-media content-photo\" data-block-type=\"backstage-photo\" data-block-id=\"10\">\n<div class=\" mc-column  content-media__container\">\n<div class=\"content-media-container glb-skeleton-box\">\n<figure class=\"content-media-figure\"><img class=\"i-amphtml-fill-content i-amphtml-replaced-content\" src=\"https:\/\/s2.glbimg.com\/Y_KcrEJ4NH2yzs6iLNxgHHl28ao=\/0x0:1700x1065\/984x0\/smart\/filters:strip_icc()\/i.s3.glbimg.com\/v1\/AUTH_59edd422c0c84a879bd37670ae4f538a\/internal_photos\/bs\/2023\/Z\/8\/A4jy0pQUeRHPShTSMu3g\/design-sem-nome-2-.png\" sizes=\"(max-width: 1242px) 648px, 100vw\" srcset=\"https:\/\/s2.glbimg.com\/3oBxtCaK6LCBa5i75ySd9NarWr4=\/0x0:1700x1065\/1000x0\/smart\/filters:strip_icc()\/i.s3.glbimg.com\/v1\/AUTH_59edd422c0c84a879bd37670ae4f538a\/internal_photos\/bs\/2023\/Z\/8\/A4jy0pQUeRHPShTSMu3g\/design-sem-nome-2-.png 1000w, https:\/\/s2.glbimg.com\/Y_KcrEJ4NH2yzs6iLNxgHHl28ao=\/0x0:1700x1065\/984x0\/smart\/filters:strip_icc()\/i.s3.glbimg.com\/v1\/AUTH_59edd422c0c84a879bd37670ae4f538a\/internal_photos\/bs\/2023\/Z\/8\/A4jy0pQUeRHPShTSMu3g\/design-sem-nome-2-.png 984w, https:\/\/s2.glbimg.com\/9w2prPJX5moXKu3-Os_DZTunTK4=\/0x0:1700x1065\/640x0\/smart\/filters:strip_icc()\/i.s3.glbimg.com\/v1\/AUTH_59edd422c0c84a879bd37670ae4f538a\/internal_photos\/bs\/2023\/Z\/8\/A4jy0pQUeRHPShTSMu3g\/design-sem-nome-2-.png 640w, https:\/\/s2.glbimg.com\/4o_m-eFGAOmaNOhvG1Ud1BfvKzE=\/0x0:1700x1065\/600x0\/smart\/filters:strip_icc()\/i.s3.glbimg.com\/v1\/AUTH_59edd422c0c84a879bd37670ae4f538a\/internal_photos\/bs\/2023\/Z\/8\/A4jy0pQUeRHPShTSMu3g\/design-sem-nome-2-.png 600w\" alt=\"Ambul\u00e2ncias Samu Ilh\u00e9us \u2014 Foto: TV Santa Cruz\" \/><\/figure>\n<\/div>\n<p class=\"content-media__description  \">Ambul\u00e2ncias Samu Ilh\u00e9us \u2014 Foto: TV Santa Cruz<\/p>\n<\/div>\n<\/div>\n<\/div>\n<div id=\"chunk-69vuj\">\n<div class=\"content-ads content-ads--reveal\" data-block-type=\"ads\" data-block-id=\"11\">\n<div id=\"banner_materia__f01ad199-0b4f-4f67-9df9-2084f20c4f6d\" class=\"tag-manager-publicidade-container mc-has-reveal mc-has-ad-lazyload tag-manager-publicidade-banner_materia__f01ad199-0b4f-4f67-9df9-2084f20c4f6d tag-manager-publicidade-container--carregado tag-manager-publicidade-container--visivel\" data-id=\"banner_materia__f01ad199-0b4f-4f67-9df9-2084f20c4f6d\" data-google-query-id=\"CJ-A7OCDpP4CFdNPuAQdL-UO3g\">\n<div id=\"google_ads_iframe_\/95377733\/tvg_G1\/Sua_Regiao&gt;Nordeste&gt;Bahia_4__container__\" style=\"box-sizing: inherit; margin: auto; padding: 0px; border: 0pt none; font: inherit; vertical-align: initial; max-width: 100%; text-align: center; width: 970px; height: 250px;\">Por meio de nota, a SMS havia informado que os pais realizaram duas liga\u00e7\u00f5es, uma por volta das 0h e outra \u00e0s 5h, momento em que Rebeca informou sobre o nascimento da crian\u00e7a. Entretanto, Cyomar informou que no sistema constam quatro liga\u00e7\u00f5es, realizadas \u00e0s 1h35, 1h17, 2h5 e 5h18.Segundo relatos de Nelson, Rebeca teria entrado em trabalho de parto por volta de 0h. A crian\u00e7a nasceu \u00e0s 4h e a unidade do Samu chegou \u00e0s 5h30.A Pol\u00edcia Civil investiga o caso e o laudo pericial do Departamento de Pol\u00edcia T\u00e9cnica (DPT) deve esclarecer as causas da morte da crian\u00e7a .Entenda o caso<\/div>\n<\/div>\n<\/div>\n<\/div>\n<div class=\"mc-column content-text active-extra-styles\" data-block-type=\"raw\" data-block-weight=\"3\" data-block-id=\"15\">\n<p>&nbsp;<\/p>\n<\/div>\n<div id=\"chunk-f3p44\">\n<div class=\"row medium-uncollapsed content-media content-photo\" data-block-type=\"backstage-photo\" data-block-id=\"16\">\n<div class=\" mc-column  content-media__container\">\n<div class=\"content-media-container glb-skeleton-box\">\n<figure class=\"content-media-figure\"><img class=\"i-amphtml-fill-content i-amphtml-replaced-content\" src=\"https:\/\/s2.glbimg.com\/qWLSCoLVX8BjteYoTaKWeuNBj-0=\/0x0:1700x1065\/984x0\/smart\/filters:strip_icc()\/i.s3.glbimg.com\/v1\/AUTH_59edd422c0c84a879bd37670ae4f538a\/internal_photos\/bs\/2023\/I\/J\/UdjUdITZSBdmptNO1KXw\/novo-projeto-15-.png\" sizes=\"(max-width: 1242px) 648px, 100vw\" srcset=\"https:\/\/s2.glbimg.com\/TC-2z0tgwmYZQHq78sJdmjS3snU=\/0x0:1700x1065\/1000x0\/smart\/filters:strip_icc()\/i.s3.glbimg.com\/v1\/AUTH_59edd422c0c84a879bd37670ae4f538a\/internal_photos\/bs\/2023\/I\/J\/UdjUdITZSBdmptNO1KXw\/novo-projeto-15-.png 1000w, https:\/\/s2.glbimg.com\/qWLSCoLVX8BjteYoTaKWeuNBj-0=\/0x0:1700x1065\/984x0\/smart\/filters:strip_icc()\/i.s3.glbimg.com\/v1\/AUTH_59edd422c0c84a879bd37670ae4f538a\/internal_photos\/bs\/2023\/I\/J\/UdjUdITZSBdmptNO1KXw\/novo-projeto-15-.png 984w, https:\/\/s2.glbimg.com\/ntbvNFNfxwsqgFuUWMRMzaQlBg0=\/0x0:1700x1065\/640x0\/smart\/filters:strip_icc()\/i.s3.glbimg.com\/v1\/AUTH_59edd422c0c84a879bd37670ae4f538a\/internal_photos\/bs\/2023\/I\/J\/UdjUdITZSBdmptNO1KXw\/novo-projeto-15-.png 640w, https:\/\/s2.glbimg.com\/9hxM6HtHkb-qKOyvZE-iq79eTl8=\/0x0:1700x1065\/600x0\/smart\/filters:strip_icc()\/i.s3.glbimg.com\/v1\/AUTH_59edd422c0c84a879bd37670ae4f538a\/internal_photos\/bs\/2023\/I\/J\/UdjUdITZSBdmptNO1KXw\/novo-projeto-15-.png 600w\" alt=\"Rebeca e o beb\u00ea foram encaminhados para o Hospital Materno Infantil DR. Joaquim Sampaio \u2014 Foto: TV Santa Cruz\" \/><\/figure>\n<\/div>\n<p class=\"content-media__description  \">Rebeca e o beb\u00ea foram encaminhados para o Hospital Materno Infantil DR. Joaquim Sampaio \u2014 Foto: TV Santa Cruz<\/p>\n<\/div>\n<\/div>\n<\/div>\n<div id=\"chunk-e92b2\">\n<div class=\"mc-column content-text active-extra-styles \" data-block-type=\"unstyled\" data-block-weight=\"44\" data-block-id=\"18\">\n<p class=\"content-text__container \" data-track-category=\"Link no Texto\" data-track-links=\"\">Na madrugada de domingo, Nelson e Rebeca solicitaram uma unidade do Samu, ap\u00f3s a mulher, gr\u00e1vida de oito meses, entrar em trabalho de parto. A liga\u00e7\u00e3o foi realizada pois eles moram no bairro Novo Ilh\u00e9us, uma regi\u00e3o considerada de dif\u00edcil acesso, segundo Nelson.<\/p>\n<\/div>\n<\/div>\n<div id=\"chunk-5h2i1\">\n<div class=\"mc-column content-text active-extra-styles \" data-block-type=\"unstyled\" data-block-weight=\"18\" data-block-id=\"19\">\n<p class=\"content-text__container \" data-track-category=\"Link no Texto\" data-track-links=\"\">Entretanto, a m\u00e9dica respons\u00e1vel pela solicita\u00e7\u00e3o teria rejeitado a liga\u00e7\u00e3o e se recusado a enviar uma unidade.<\/p>\n<\/div>\n<\/div>\n<div id=\"chunk-2fn9s\">\n<div class=\"mc-column content-text active-extra-styles \" data-block-type=\"unstyled\" data-block-weight=\"28\" data-block-id=\"20\">\n<p class=\"content-text__container \" data-track-category=\"Link no Texto\" data-track-links=\"\">O Samu prestou atendimento ap\u00f3s o nascimento da crian\u00e7a, que foi encaminhada para um hospital, mas chegou sem vida. A fam\u00edlia registrou um Boletim de Ocorr\u00eancia do caso.<\/p>\n<\/div>\n<\/div>\n<div id=\"chunk-4uv2t\">\n<div class=\"mc-column content-text active-extra-styles \" data-block-type=\"unstyled\" data-block-weight=\"71\" data-block-id=\"21\">\n<p class=\"content-text__container \" data-track-category=\"Link no Texto\" data-track-links=\"\">Por meio de nota, a Secretaria Municipal de Sa\u00fade (SMS) informou na segunda-feira (10) que apura a den\u00fancia e que nos dados da ficha de regula\u00e7\u00e3o m\u00e9dica consta que na primeira liga\u00e7\u00e3o da gestante para o Samu foi informado que a ambul\u00e2ncia avan\u00e7ada n\u00e3o estava dispon\u00edvel no momento. A ficha traz ainda a informa\u00e7\u00e3o de que a fam\u00edlia teria sido orientada a ir para um hospital por meios pr\u00f3prios.<\/p>\n<\/div>\n<\/div>\n<\/div>\n<\/article>\n<\/div>\n","protected":false},"excerpt":{"rendered":"<p>Den\u00fancia de omiss\u00e3o de socorro em Ilh\u00e9us \u00e9 investigada A Secretaria Municipal de Sa\u00fade de\u00a0Ilh\u00e9us, no sul da Bahia, abriu um processo administrativo nesta ter\u00e7a-feira (11) para investigar uma\u00a0den\u00fancia de omiss\u00e3o de socorro\u00a0por parte do Servi\u00e7o M\u00f3vel de Urg\u00eancia (Samu) da cidade. A medida foi adotada ap\u00f3s a moradora Rebeca Batista Duarte registrar um boletim [&hellip;]<\/p>\n","protected":false},"author":2,"featured_media":0,"comment_status":"open","ping_status":"open","sticky":false,"template":"","format":"standard","meta":{"_links_to":"","_links_to_target":""},"categories":[7,9,8,1],"tags":[],"_links":{"self":[{"href":"https:\/\/www.ilheusnoticias.net.br\/v1\/wp-json\/wp\/v2\/posts\/31557"}],"collection":[{"href":"https:\/\/www.ilheusnoticias.net.br\/v1\/wp-json\/wp\/v2\/posts"}],"about":[{"href":"https:\/\/www.ilheusnoticias.net.br\/v1\/wp-json\/wp\/v2\/types\/post"}],"author":[{"embeddable":true,"href":"https:\/\/www.ilheusnoticias.net.br\/v1\/wp-json\/wp\/v2\/users\/2"}],"replies":[{"embeddable":true,"href":"https:\/\/www.ilheusnoticias.net.br\/v1\/wp-json\/wp\/v2\/comments?post=31557"}],"version-history":[{"count":1,"href":"https:\/\/www.ilheusnoticias.net.br\/v1\/wp-json\/wp\/v2\/posts\/31557\/revisions"}],"predecessor-version":[{"id":31558,"href":"https:\/\/www.ilheusnoticias.net.br\/v1\/wp-json\/wp\/v2\/posts\/31557\/revisions\/31558"}],"wp:attachment":[{"href":"https:\/\/www.ilheusnoticias.net.br\/v1\/wp-json\/wp\/v2\/media?parent=31557"}],"wp:term":[{"taxonomy":"category","embeddable":true,"href":"https:\/\/www.ilheusnoticias.net.br\/v1\/wp-json\/wp\/v2\/categories?post=31557"},{"taxonomy":"post_tag","embeddable":true,"href":"https:\/\/www.ilheusnoticias.net.br\/v1\/wp-json\/wp\/v2\/tags?post=31557"}],"curies":[{"name":"wp","href":"https:\/\/api.w.org\/{rel}","templated":true}]}}