{"id":31553,"date":"2023-04-12T06:18:54","date_gmt":"2023-04-12T09:18:54","guid":{"rendered":"https:\/\/www.ilheusnoticias.net.br\/v1\/?p=31553"},"modified":"2023-04-12T06:18:54","modified_gmt":"2023-04-12T09:18:54","slug":"ministerio-da-justica-libera-r-150-milhoes-para-ampliar-rondas-e-melhorar-seguranca-nas-escolas","status":"publish","type":"post","link":"https:\/\/www.ilheusnoticias.net.br\/v1\/2023\/04\/12\/ministerio-da-justica-libera-r-150-milhoes-para-ampliar-rondas-e-melhorar-seguranca-nas-escolas\/","title":{"rendered":"Minist\u00e9rio da Justi\u00e7a libera R$ 150 milh\u00f5es para ampliar rondas e melhorar seguran\u00e7a nas escolas"},"content":{"rendered":"<div class=\"row content-head non-featured \">\n<div class=\"title\" data-block-type=\"title\" data-block-id=\"0\"><\/div>\n<div class=\"medium-centered subtitle\"><\/div>\n<\/div>\n<div class=\"mc-article-body\">\n<article>\n<div id=\"chunk-g4aa\">\n<div class=\"row medium-uncollapsed content-media content-photo\" data-block-type=\"backstage-photo\" data-block-id=\"1\">\n<div class=\" mc-column  content-media__container\">\n<div class=\"content-media-container glb-skeleton-box\">\n<figure class=\"content-media-figure\"><img class=\"i-amphtml-fill-content i-amphtml-replaced-content\" src=\"https:\/\/s2.glbimg.com\/8G9iRWFZcxDIIHtavWBu6WhsceA=\/0x0:1599x1066\/984x0\/smart\/filters:strip_icc()\/i.s3.glbimg.com\/v1\/AUTH_59edd422c0c84a879bd37670ae4f538a\/internal_photos\/bs\/2023\/o\/H\/fhG4NXTSesk1yVZ5DeoA\/policial-creche-blumenau.jpeg\" sizes=\"(max-width: 1242px) 648px, 100vw\" srcset=\"https:\/\/s2.glbimg.com\/YDRni5zi2Nv1Ld31CrOzvrI033g=\/0x0:1599x1066\/1000x0\/smart\/filters:strip_icc()\/i.s3.glbimg.com\/v1\/AUTH_59edd422c0c84a879bd37670ae4f538a\/internal_photos\/bs\/2023\/o\/H\/fhG4NXTSesk1yVZ5DeoA\/policial-creche-blumenau.jpeg 1000w, https:\/\/s2.glbimg.com\/8G9iRWFZcxDIIHtavWBu6WhsceA=\/0x0:1599x1066\/984x0\/smart\/filters:strip_icc()\/i.s3.glbimg.com\/v1\/AUTH_59edd422c0c84a879bd37670ae4f538a\/internal_photos\/bs\/2023\/o\/H\/fhG4NXTSesk1yVZ5DeoA\/policial-creche-blumenau.jpeg 984w, https:\/\/s2.glbimg.com\/p6nfeWloSxdpn9nztElqgSQwZJg=\/0x0:1599x1066\/640x0\/smart\/filters:strip_icc()\/i.s3.glbimg.com\/v1\/AUTH_59edd422c0c84a879bd37670ae4f538a\/internal_photos\/bs\/2023\/o\/H\/fhG4NXTSesk1yVZ5DeoA\/policial-creche-blumenau.jpeg 640w, https:\/\/s2.glbimg.com\/RJw0Yxu51dJoymGbRkuUroK18Mc=\/0x0:1599x1066\/600x0\/smart\/filters:strip_icc()\/i.s3.glbimg.com\/v1\/AUTH_59edd422c0c84a879bd37670ae4f538a\/internal_photos\/bs\/2023\/o\/H\/fhG4NXTSesk1yVZ5DeoA\/policial-creche-blumenau.jpeg 600w\" alt=\"Policial militar na creche onde houve ataque em Blumenau \u2014 Foto: Tiago Ghizoni\/NSC\" \/><\/figure>\n<\/div>\n<p class=\"content-media__description  \">Policial militar na creche onde houve ataque em Blumenau \u2014 Foto: Tiago Ghizoni\/NSC<\/p>\n<\/div>\n<\/div>\n<\/div>\n<div id=\"chunk-8vu6d\">\n<div class=\"mc-column content-text active-extra-styles \" data-block-type=\"unstyled\" data-block-weight=\"43\" data-block-id=\"3\">\n<p class=\"content-text__container \" data-track-category=\"Link no Texto\" data-track-links=\"\">O\u00a0<a class=\"\" href=\"https:\/\/g1.globo.com\/tudo-sobre\/ministerio-da-justica\/\">Minist\u00e9rio da Justi\u00e7a<\/a> publicou um edital que libera R$ 150 milh\u00f5es para ampliar rondas e criar a\u00e7\u00f5es para melhorar a seguran\u00e7a nas escolas, por meio do Programa Nacional de Seguran\u00e7a nas Escolas. A medida foi oficializada em Di\u00e1rio Oficial, nesta quarta-feira (12<\/p>\n<\/div>\n<\/div>\n<div class=\"wall protected-content\">\n<div id=\"chunk-9a7mq\">\n<div class=\"mc-column content-text active-extra-styles \" data-block-type=\"unstyled\" data-block-weight=\"24\" data-block-id=\"5\">\n<p class=\"content-text__container \" data-track-category=\"Link no Texto\" data-track-links=\"\">O governo anunciou a medida depois do\u00a0<a class=\"\" href=\"https:\/\/g1.globo.com\/sc\/santa-catarina\/noticia\/2023\/04\/05\/ataque-a-creche-em-blumenau-veja-quem-sao-as-vitimas.ghtml\">ataque a uma creche de Blumenau (SC)<\/a>, no dia 5 de abril, que deixou quatro crian\u00e7as mortas.<\/p>\n<\/div>\n<\/div>\n<div id=\"chunk-l664\">\n<div class=\"mc-column content-text active-extra-styles \" data-block-type=\"unstyled\" data-block-weight=\"36\" data-block-id=\"6\">\n<p class=\"content-text__container \" data-track-category=\"Link no Texto\" data-track-links=\"\">Segundo o Minist\u00e9rio da Justi\u00e7a, o objetivo da medida \u00e9 fortalecer os \u00f3rg\u00e3os de Seguran\u00e7a P\u00fablica para atuar nas escolas, com a\u00e7\u00f5es preventivas e patrulhamento, al\u00e9m de monitoramento e investiga\u00e7\u00e3o de poss\u00edveis crimes, incluindo na internet.<\/p>\n<\/div>\n<\/div>\n<div id=\"chunk-bfavt\">\n<div class=\"mc-column content-text active-extra-styles \" data-block-type=\"unstyled\" data-block-weight=\"36\" data-block-id=\"8\">\n<p class=\"content-text__container \" data-track-category=\"Link no Texto\" data-track-links=\"\">Por meio do edital, o governo receber\u00e1 projetos de secretarias de Seguran\u00e7a P\u00fablica de estados e munic\u00edpios. Depois, o minist\u00e9rio vai repassar os recursos para as propostas de a\u00e7\u00f5es de enfrentamento \u00e0 viol\u00eancia que forem aprovadas.<\/p>\n<\/div>\n<\/div>\n<div id=\"chunk-brele\">\n<div class=\"mc-column content-text active-extra-styles \" data-block-type=\"unstyled\" data-block-weight=\"17\" data-block-id=\"9\">\n<p class=\"content-text__container \" data-track-category=\"Link no Texto\" data-track-links=\"\">A partir de quinta-feira (13), \u00f3rg\u00e3os p\u00fablicos poder\u00e3o enviar propostas para o governo com as seguintes tem\u00e1ticas:<\/p>\n<\/div>\n<\/div>\n<div class=\"mc-column content-text active-extra-styles\" data-block-type=\"raw\" data-block-weight=\"59\" data-block-id=\"10\">\n<ol class=\"content-ordered-list theme-ordered-list-color-primary\">\n<li>Cria\u00e7\u00e3o, aprimoramento ou fortalecimento de Patrulhas e Rondas Escolares;<\/li>\n<li>Capacita\u00e7\u00e3o e especializa\u00e7\u00e3o na preven\u00e7\u00e3o em seguran\u00e7a no ambiente escolar;<\/li>\n<li>Pesquisa e diagn\u00f3stico na preven\u00e7\u00e3o em seguran\u00e7a no ambiente escolar;<\/li>\n<li>Monitoramento de amea\u00e7as, intelig\u00eancia e enfrentamento aos crimes cibern\u00e9ticos;<\/li>\n<li>A\u00e7\u00f5es educativas e culturais com foco em preven\u00e7\u00e3o \u00e0s viol\u00eancias observadas no ambiente escolar;<\/li>\n<li>Estrutura\u00e7\u00e3o de Observat\u00f3rios de viol\u00eancia nas escolas.<\/li>\n<\/ol>\n<p>&nbsp;<\/p>\n<\/div>\n<div id=\"chunk-f4ua2\">\n<div class=\"mc-column content-text active-extra-styles \" data-block-type=\"unstyled\" data-block-weight=\"35\" data-block-id=\"11\">\n<p class=\"content-text__container \" data-track-category=\"Link no Texto\" data-track-links=\"\">Todas as propostas v\u00e3o ser analisadas por uma comiss\u00e3o, que distribuir\u00e1 notas para cada projeto de acordo com os crit\u00e9rios do edital. O resultado dos projetos contemplados deve ser divulgado at\u00e9 o fim de maio.<\/p>\n<\/div>\n<\/div>\n<div id=\"chunk-at5q9\">\n<div class=\"mc-column content-text active-extra-styles \" data-block-type=\"unstyled\" data-block-weight=\"33\" data-block-id=\"12\">\n<p class=\"content-text__container \" data-track-category=\"Link no Texto\" data-track-links=\"\">Munic\u00edpios que tiverem propostas aprovadas pelo Minist\u00e9rio da Justi\u00e7a receber\u00e3o entre R$ 100 mil e R$ 1 milh\u00e3o. J\u00e1 estados e o Distrito Federal receber\u00e3o de R$ 500 mil a R$ 3 milh\u00f5es.<\/p>\n<\/div>\n<\/div>\n<div id=\"chunk-2nfit\">\n<div class=\"mc-column content-text active-extra-styles \" data-block-type=\"unstyled\" data-block-weight=\"13\" data-block-id=\"13\">\n<p class=\"content-text__container \" data-track-category=\"Link no Texto\" data-track-links=\"\">Os recursos para bancar os projetos vir\u00e3o do Fundo Nacional de Seguran\u00e7a P\u00fablica.<\/p>\n<\/div>\n<\/div>\n<\/div>\n<\/article>\n<\/div>\n","protected":false},"excerpt":{"rendered":"<p>Policial militar na creche onde houve ataque em Blumenau \u2014 Foto: Tiago Ghizoni\/NSC O\u00a0Minist\u00e9rio da Justi\u00e7a publicou um edital que libera R$ 150 milh\u00f5es para ampliar rondas e criar a\u00e7\u00f5es para melhorar a seguran\u00e7a nas escolas, por meio do Programa Nacional de Seguran\u00e7a nas Escolas. A medida foi oficializada em Di\u00e1rio Oficial, nesta quarta-feira (12 [&hellip;]<\/p>\n","protected":false},"author":2,"featured_media":0,"comment_status":"open","ping_status":"open","sticky":false,"template":"","format":"standard","meta":{"_links_to":"","_links_to_target":""},"categories":[7,9,8,1],"tags":[],"_links":{"self":[{"href":"https:\/\/www.ilheusnoticias.net.br\/v1\/wp-json\/wp\/v2\/posts\/31553"}],"collection":[{"href":"https:\/\/www.ilheusnoticias.net.br\/v1\/wp-json\/wp\/v2\/posts"}],"about":[{"href":"https:\/\/www.ilheusnoticias.net.br\/v1\/wp-json\/wp\/v2\/types\/post"}],"author":[{"embeddable":true,"href":"https:\/\/www.ilheusnoticias.net.br\/v1\/wp-json\/wp\/v2\/users\/2"}],"replies":[{"embeddable":true,"href":"https:\/\/www.ilheusnoticias.net.br\/v1\/wp-json\/wp\/v2\/comments?post=31553"}],"version-history":[{"count":1,"href":"https:\/\/www.ilheusnoticias.net.br\/v1\/wp-json\/wp\/v2\/posts\/31553\/revisions"}],"predecessor-version":[{"id":31554,"href":"https:\/\/www.ilheusnoticias.net.br\/v1\/wp-json\/wp\/v2\/posts\/31553\/revisions\/31554"}],"wp:attachment":[{"href":"https:\/\/www.ilheusnoticias.net.br\/v1\/wp-json\/wp\/v2\/media?parent=31553"}],"wp:term":[{"taxonomy":"category","embeddable":true,"href":"https:\/\/www.ilheusnoticias.net.br\/v1\/wp-json\/wp\/v2\/categories?post=31553"},{"taxonomy":"post_tag","embeddable":true,"href":"https:\/\/www.ilheusnoticias.net.br\/v1\/wp-json\/wp\/v2\/tags?post=31553"}],"curies":[{"name":"wp","href":"https:\/\/api.w.org\/{rel}","templated":true}]}}