{"id":31550,"date":"2023-04-12T06:15:06","date_gmt":"2023-04-12T09:15:06","guid":{"rendered":"https:\/\/www.ilheusnoticias.net.br\/v1\/?p=31550"},"modified":"2023-04-12T06:15:06","modified_gmt":"2023-04-12T09:15:06","slug":"camara-de-ilheus-realizara-audiencia-publica-sobre-litoral-norte-da-cidade","status":"publish","type":"post","link":"https:\/\/www.ilheusnoticias.net.br\/v1\/2023\/04\/12\/camara-de-ilheus-realizara-audiencia-publica-sobre-litoral-norte-da-cidade\/","title":{"rendered":"C\u00e2mara de Ilh\u00e9us realizar\u00e1 audi\u00eancia p\u00fablica sobre litoral norte da Cidade"},"content":{"rendered":"<p><img loading=\"lazy\" class=\"alignnone  wp-image-31551\" src=\"https:\/\/www.ilheusnoticias.net.br\/v1\/wp-content\/uploads\/2023\/04\/WhatsApp-Image-2023-04-10-at-13.17.16.jpeg\" alt=\"\" width=\"369\" height=\"369\" srcset=\"https:\/\/www.ilheusnoticias.net.br\/v1\/wp-content\/uploads\/2023\/04\/WhatsApp-Image-2023-04-10-at-13.17.16.jpeg 600w, https:\/\/www.ilheusnoticias.net.br\/v1\/wp-content\/uploads\/2023\/04\/WhatsApp-Image-2023-04-10-at-13.17.16-300x300.jpeg 300w, https:\/\/www.ilheusnoticias.net.br\/v1\/wp-content\/uploads\/2023\/04\/WhatsApp-Image-2023-04-10-at-13.17.16-150x150.jpeg 150w\" sizes=\"(max-width: 369px) 100vw, 369px\" \/><\/p>\n<p>A c\u00e2mara de Ilh\u00e9us realizar\u00e1 nesta sexta-feira (14), a partir das 18h, uma audi\u00eancia p\u00fablica para discutir sobre os problemas do litoral norte do munic\u00edpio.<\/p>\n<p>A audi\u00eancia foi proposta pelo vereador Gurita (PSD) e acontecer\u00e1 na Cabana Virou Mania, no J\u00f3ia do Atl\u00e2ntico. O debate ser\u00e1 transmitido ao vivo pela TV C\u00e2mara e tamb\u00e9m ser\u00e1 aberto ao p\u00fablico.<\/p>\n","protected":false},"excerpt":{"rendered":"<p>A c\u00e2mara de Ilh\u00e9us realizar\u00e1 nesta sexta-feira (14), a partir das 18h, uma audi\u00eancia p\u00fablica para discutir sobre os problemas do litoral norte do munic\u00edpio. A audi\u00eancia foi proposta pelo vereador Gurita (PSD) e acontecer\u00e1 na Cabana Virou Mania, no J\u00f3ia do Atl\u00e2ntico. O debate ser\u00e1 transmitido ao vivo pela TV C\u00e2mara e tamb\u00e9m ser\u00e1 [&hellip;]<\/p>\n","protected":false},"author":2,"featured_media":0,"comment_status":"open","ping_status":"open","sticky":false,"template":"","format":"standard","meta":{"_links_to":"","_links_to_target":""},"categories":[7,9,8,1],"tags":[],"_links":{"self":[{"href":"https:\/\/www.ilheusnoticias.net.br\/v1\/wp-json\/wp\/v2\/posts\/31550"}],"collection":[{"href":"https:\/\/www.ilheusnoticias.net.br\/v1\/wp-json\/wp\/v2\/posts"}],"about":[{"href":"https:\/\/www.ilheusnoticias.net.br\/v1\/wp-json\/wp\/v2\/types\/post"}],"author":[{"embeddable":true,"href":"https:\/\/www.ilheusnoticias.net.br\/v1\/wp-json\/wp\/v2\/users\/2"}],"replies":[{"embeddable":true,"href":"https:\/\/www.ilheusnoticias.net.br\/v1\/wp-json\/wp\/v2\/comments?post=31550"}],"version-history":[{"count":1,"href":"https:\/\/www.ilheusnoticias.net.br\/v1\/wp-json\/wp\/v2\/posts\/31550\/revisions"}],"predecessor-version":[{"id":31552,"href":"https:\/\/www.ilheusnoticias.net.br\/v1\/wp-json\/wp\/v2\/posts\/31550\/revisions\/31552"}],"wp:attachment":[{"href":"https:\/\/www.ilheusnoticias.net.br\/v1\/wp-json\/wp\/v2\/media?parent=31550"}],"wp:term":[{"taxonomy":"category","embeddable":true,"href":"https:\/\/www.ilheusnoticias.net.br\/v1\/wp-json\/wp\/v2\/categories?post=31550"},{"taxonomy":"post_tag","embeddable":true,"href":"https:\/\/www.ilheusnoticias.net.br\/v1\/wp-json\/wp\/v2\/tags?post=31550"}],"curies":[{"name":"wp","href":"https:\/\/api.w.org\/{rel}","templated":true}]}}