{"id":31548,"date":"2023-04-12T06:12:01","date_gmt":"2023-04-12T09:12:01","guid":{"rendered":"https:\/\/www.ilheusnoticias.net.br\/v1\/?p=31548"},"modified":"2023-04-12T06:12:01","modified_gmt":"2023-04-12T09:12:01","slug":"em-mais-um-dia-de-missao-na-china-jeronimo-rodrigues-se-reune-com-direcao-da-byd-para-tratar-de-investimentos-na-bahia","status":"publish","type":"post","link":"https:\/\/www.ilheusnoticias.net.br\/v1\/2023\/04\/12\/em-mais-um-dia-de-missao-na-china-jeronimo-rodrigues-se-reune-com-direcao-da-byd-para-tratar-de-investimentos-na-bahia\/","title":{"rendered":"Em mais um dia de miss\u00e3o na China, Jer\u00f4nimo Rodrigues se re\u00fane com dire\u00e7\u00e3o da BYD para tratar de investimentos na Bahia"},"content":{"rendered":"<div class=\"Post\">\n<div class=\"Post-body\">\n<div class=\"Post-inner article\">\n<div class=\"PostFooterIcons metadata-icons\"><\/div>\n<\/div>\n<\/div>\n<\/div>\n<div class=\"Post\">\n<div class=\"Post-body\">\n<div class=\"Post-inner article\">\n<div class=\"PostHeaderIcons metadata-icons\"><img src=\"http:\/\/www.blogdothame.blog.br\/v1\/wp-content\/uploads\/2023\/04\/chinatown-2.jpg\" \/><\/div>\n<div class=\"PostContent\">\n<p>O governador Jer\u00f4nimo Rodrigues participou, nesta ter\u00e7a-feira (11), em Shenzhen, na regi\u00e3o sul da China, de uma reuni\u00e3o com a dire\u00e7\u00e3o da BYD, empresa que \u00e9 l\u00edder mundial no desenvolvimento e fabrica\u00e7\u00e3o de carros e \u00f4nibus el\u00e9tricos, e que possui dois grandes projetos de investimento na Bahia. A comitiva baiana foi recebida por Wang Chuanfu, presidente do Conselho de Administra\u00e7\u00e3o e CEO da empresa, e por Stella Li, vice-presidente executiva, para discutir a possibilidade da instala\u00e7\u00e3o de uma f\u00e1brica de ve\u00edculos el\u00e9tricos no estado, al\u00e9m do in\u00edcio da constru\u00e7\u00e3o e opera\u00e7\u00e3o do Ve\u00edculo Leve de Transporte (VLT) do Sub\u00farbio, em Salvador. A BYD foi a vencedora da licita\u00e7\u00e3o da obra que vai transformar a mobilidade naquela regi\u00e3o da capital.<\/p>\n<p>No encontro, a empresa apresentou a necessidade de fazer alguns ajustes no contrato, devido ao aumento dos pre\u00e7os de pe\u00e7as e outras demandas causadas pela pandemia. De acordo com o governador, as conseq\u00fc\u00eancias que impactaram o setor da constru\u00e7\u00e3o civil ser\u00e3o analisadas e ponderadas, para que, ainda neste semestre, a obra seja iniciada. \u201cA empresa argumentou que a pandemia trouxe impactos para o setor, com a eleva\u00e7\u00e3o do pre\u00e7o do a\u00e7o e do pr\u00f3prio maquin\u00e1rio que ser\u00e1 usado na implanta\u00e7\u00e3o do VLT. Iremos estudar as condi\u00e7\u00f5es para realizar essas corre\u00e7\u00f5es no contrato, e espero que a gente consiga resolver e dar in\u00edcio \u00e0s obras o mais breve poss\u00edvel\u201d, explicou Jer\u00f4nimo.<\/p>\n<p>Mais investimentos<\/p>\n<p><img loading=\"lazy\" class=\"\" src=\"http:\/\/www.blogdothame.blog.br\/v1\/wp-content\/uploads\/2023\/04\/chinatown-4.jpg\" width=\"374\" height=\"211\" \/><\/p>\n<p>Em rela\u00e7\u00e3o \u00e0 implanta\u00e7\u00e3o da f\u00e1brica de ve\u00edculos el\u00e9tricos na Bahia, o Governo do Estado garantiu o apoio necess\u00e1rio, com incentivos para a amplia\u00e7\u00e3o do uso deste tipo de ve\u00edculo que traz ganho ambiental e \u00e9 a nova tend\u00eancia do mercado mundial de autom\u00f3veis. At\u00e9 o fim da semana, a empresa se reunir\u00e1 com o presidente Lula, que decolou nesta ter\u00e7a-feira para a China. A expectativa \u00e9 que ele tamb\u00e9m apresente incentivos para que o investimento seja confirmado no estado baiano.<\/p>\n<p>Antes da reuni\u00e3o com a BYD, o governador visitou uma linha de VLT no distrito de Pingshang. O equipamento \u00e9 similar ao que ser\u00e1 instalado em Salvador, e foi inspecionado pela comitiva baiana e equipe t\u00e9cnica da BYD, que desenvolveu, construiu e opera o sistema com sete linhas. Todo o complexo \u00e9 controlado de forma remota e tem capacidade para transportar 300 mil pessoas por m\u00eas. Na quarta-feira (12), Jer\u00f4nimo segue para Shangai, onde se integra \u00e0 comitiva do presidente Lula.<\/p>\n<p>Texto e fotos: Daniel Senna\/GOVBA<\/p>\n<\/div>\n<\/div>\n<\/div>\n<\/div>\n","protected":false},"excerpt":{"rendered":"<p>O governador Jer\u00f4nimo Rodrigues participou, nesta ter\u00e7a-feira (11), em Shenzhen, na regi\u00e3o sul da China, de uma reuni\u00e3o com a dire\u00e7\u00e3o da BYD, empresa que \u00e9 l\u00edder mundial no desenvolvimento e fabrica\u00e7\u00e3o de carros e \u00f4nibus el\u00e9tricos, e que possui dois grandes projetos de investimento na Bahia. A comitiva baiana foi recebida por Wang Chuanfu, [&hellip;]<\/p>\n","protected":false},"author":2,"featured_media":0,"comment_status":"open","ping_status":"open","sticky":false,"template":"","format":"standard","meta":{"_links_to":"","_links_to_target":""},"categories":[7,9,8,1],"tags":[],"_links":{"self":[{"href":"https:\/\/www.ilheusnoticias.net.br\/v1\/wp-json\/wp\/v2\/posts\/31548"}],"collection":[{"href":"https:\/\/www.ilheusnoticias.net.br\/v1\/wp-json\/wp\/v2\/posts"}],"about":[{"href":"https:\/\/www.ilheusnoticias.net.br\/v1\/wp-json\/wp\/v2\/types\/post"}],"author":[{"embeddable":true,"href":"https:\/\/www.ilheusnoticias.net.br\/v1\/wp-json\/wp\/v2\/users\/2"}],"replies":[{"embeddable":true,"href":"https:\/\/www.ilheusnoticias.net.br\/v1\/wp-json\/wp\/v2\/comments?post=31548"}],"version-history":[{"count":1,"href":"https:\/\/www.ilheusnoticias.net.br\/v1\/wp-json\/wp\/v2\/posts\/31548\/revisions"}],"predecessor-version":[{"id":31549,"href":"https:\/\/www.ilheusnoticias.net.br\/v1\/wp-json\/wp\/v2\/posts\/31548\/revisions\/31549"}],"wp:attachment":[{"href":"https:\/\/www.ilheusnoticias.net.br\/v1\/wp-json\/wp\/v2\/media?parent=31548"}],"wp:term":[{"taxonomy":"category","embeddable":true,"href":"https:\/\/www.ilheusnoticias.net.br\/v1\/wp-json\/wp\/v2\/categories?post=31548"},{"taxonomy":"post_tag","embeddable":true,"href":"https:\/\/www.ilheusnoticias.net.br\/v1\/wp-json\/wp\/v2\/tags?post=31548"}],"curies":[{"name":"wp","href":"https:\/\/api.w.org\/{rel}","templated":true}]}}