{"id":31541,"date":"2023-04-11T16:32:54","date_gmt":"2023-04-11T19:32:54","guid":{"rendered":"https:\/\/www.ilheusnoticias.net.br\/v1\/?p=31541"},"modified":"2023-04-11T16:32:54","modified_gmt":"2023-04-11T19:32:54","slug":"governador-em-exercicio-apresenta-programa-bahia-sem-fome-em-itabuna","status":"publish","type":"post","link":"https:\/\/www.ilheusnoticias.net.br\/v1\/2023\/04\/11\/governador-em-exercicio-apresenta-programa-bahia-sem-fome-em-itabuna\/","title":{"rendered":"Governador em exerc\u00edcio apresenta Programa Bahia Sem Fome em Itabuna"},"content":{"rendered":"<p><img loading=\"lazy\" class=\"alignnone size-full wp-image-31544\" src=\"https:\/\/www.ilheusnoticias.net.br\/v1\/wp-content\/uploads\/2023\/04\/WhatsApp-Image-2023-04-11-at-14.04.49-1.jpeg\" alt=\"\" width=\"600\" height=\"400\" srcset=\"https:\/\/www.ilheusnoticias.net.br\/v1\/wp-content\/uploads\/2023\/04\/WhatsApp-Image-2023-04-11-at-14.04.49-1.jpeg 600w, https:\/\/www.ilheusnoticias.net.br\/v1\/wp-content\/uploads\/2023\/04\/WhatsApp-Image-2023-04-11-at-14.04.49-1-300x200.jpeg 300w\" sizes=\"(max-width: 600px) 100vw, 600px\" \/><\/p>\n<p><img loading=\"lazy\" class=\"alignnone size-full wp-image-31545\" src=\"https:\/\/www.ilheusnoticias.net.br\/v1\/wp-content\/uploads\/2023\/04\/WhatsApp-Image-2023-04-11-at-14.04.50.jpeg\" alt=\"\" width=\"600\" height=\"272\" srcset=\"https:\/\/www.ilheusnoticias.net.br\/v1\/wp-content\/uploads\/2023\/04\/WhatsApp-Image-2023-04-11-at-14.04.50.jpeg 600w, https:\/\/www.ilheusnoticias.net.br\/v1\/wp-content\/uploads\/2023\/04\/WhatsApp-Image-2023-04-11-at-14.04.50-300x136.jpeg 300w\" sizes=\"(max-width: 600px) 100vw, 600px\" \/><\/p>\n<p>Na manh\u00e3 desta ter\u00e7a-feira (11), em Itabuna, o governador em exerc\u00edcio Geraldo J\u00fanior apresentou o Programa Bahia Sem Fome para profissionais da imprensa, empres\u00e1rios e autoridades da regi\u00e3o Sul do estado, em evento realizado no Teatro Municipal Candinha D\u00f3ria. A iniciativa faz parte da estrat\u00e9gia de interioriza\u00e7\u00e3o do programa, que foi criado pelo Governo do Estado para garantir seguran\u00e7a alimentar da popula\u00e7\u00e3o em situa\u00e7\u00e3o de vulnerabilidade social em todo o territ\u00f3rio baiano. Os secret\u00e1rios de Comunica\u00e7\u00e3o, Andr\u00e9 Curvello, e de Infraestrutura H\u00eddrica e Saneamento, Larissa Moraes, acompanharam o governador em exerc\u00edcio.<\/p>\n<p><img loading=\"lazy\" class=\"alignnone size-full wp-image-31542\" src=\"https:\/\/www.ilheusnoticias.net.br\/v1\/wp-content\/uploads\/2023\/04\/WhatsApp-Image-2023-04-11-at-14.04.49-2.jpeg\" alt=\"\" width=\"600\" height=\"400\" srcset=\"https:\/\/www.ilheusnoticias.net.br\/v1\/wp-content\/uploads\/2023\/04\/WhatsApp-Image-2023-04-11-at-14.04.49-2.jpeg 600w, https:\/\/www.ilheusnoticias.net.br\/v1\/wp-content\/uploads\/2023\/04\/WhatsApp-Image-2023-04-11-at-14.04.49-2-300x200.jpeg 300w\" sizes=\"(max-width: 600px) 100vw, 600px\" \/><\/p>\n<p>De acordo com Geraldo J\u00fanior, a miss\u00e3o \u00e9 disseminar a ideia de que todos t\u00eam garantia de seguran\u00e7a alimentar. &#8220;N\u00f3s j\u00e1 arrecadamos 226 toneladas de alimentos, mas ainda \u00e9 insuficiente para resolver o problema da fome. Esse n\u00e3o \u00e9 um programa apena do Governo do Estado, \u00e9 uma problem\u00e1tica de todos os baianos e brasileiros, e a sociedade civil de todos os territ\u00f3rios est\u00e1 convocada a participar do Bahia Sem Fome&#8221;, declarou.<\/p>\n<p>Para o titular da Comunica\u00e7\u00e3o, Andr\u00e9 Curvello, o Bahia Sem Fome ganha cada vez mais for\u00e7a ao ser apresentado no interior do estado. &#8220;O objetivo \u00e9 sensibilizar as pessoas para arrecadarmos uma quantidade cada vez maior de alimentos e distribu\u00ed-los de maneira bastante r\u00e1pida para quem mais precisa. Juntos somos mais fortes e com essas agendas conseguimos alcan\u00e7ar cada vez mais pessoas\u201d.<\/p>\n<p>Rede de equipamentos p\u00fablicos<\/p>\n<p><img loading=\"lazy\" class=\"alignnone size-full wp-image-31543\" src=\"https:\/\/www.ilheusnoticias.net.br\/v1\/wp-content\/uploads\/2023\/04\/WhatsApp-Image-2023-04-11-at-14.04.49.jpeg\" alt=\"\" width=\"600\" height=\"400\" srcset=\"https:\/\/www.ilheusnoticias.net.br\/v1\/wp-content\/uploads\/2023\/04\/WhatsApp-Image-2023-04-11-at-14.04.49.jpeg 600w, https:\/\/www.ilheusnoticias.net.br\/v1\/wp-content\/uploads\/2023\/04\/WhatsApp-Image-2023-04-11-at-14.04.49-300x200.jpeg 300w\" sizes=\"(max-width: 600px) 100vw, 600px\" \/><\/p>\n<p>O coordenador Geral do Bahia Sem Fome, Tiago Pereira, destacou que a rede de equipamentos montada em todos os territ\u00f3rios ajuda a dar capilaridade na arrecada\u00e7\u00e3o e na distribui\u00e7\u00e3o dos alimentos. \u201cNessa primeira etapa estamos fazendo a arrecada\u00e7\u00e3o de alimentos envolvendo a sociedade civil, a iniciativa privada, as for\u00e7as pol\u00edticas, os munic\u00edpios e os territ\u00f3rios, para que nesse grande mutir\u00e3o a gente consiga arrecadar alimentos e fazer chegar a quem mais a precisa at\u00e9 que o Bahia Sem Fome se torne uma pol\u00edtica p\u00fablica e a gente tenha or\u00e7amento do Estado para viabilizar a\u00e7\u00f5es para este p\u00fablico em situa\u00e7\u00e3o de inseguran\u00e7a alimentar\u201d.<\/p>\n<p>Em toda a Bahia, o programa conta com a colabora\u00e7\u00e3o de \u00f3rg\u00e3os do Estado que funcionam tamb\u00e9m como postos de arrecada\u00e7\u00e3o, al\u00e9m de estimular e apoiar a produ\u00e7\u00e3o e o acesso a alimentos saud\u00e1veis e estabelecer estruturas de produ\u00e7\u00e3o, abastecimento, distribui\u00e7\u00e3o e regula\u00e7\u00e3o desses produtos.<\/p>\n<p>O secret\u00e1rio de Promo\u00e7\u00e3o Social e Combate \u00e0 Pobreza de Itabuna, Junior Brand\u00e3o, declarou que o munic\u00edpio est\u00e1 mobilizado para que o programa prospere na regi\u00e3o. \u201cEstamos tra\u00e7ando as nossas estrat\u00e9gias locais para que a gente tenha maior n\u00famero entidades, de empresas, tamb\u00e9m do pr\u00f3prio Governo Municipal. J\u00e1 temos pontos de arrecada\u00e7\u00e3o funcionando nas escolas estaduais e no quarto grupamento do Corpo de Bombeiros.<\/p>\n<p>Balan\u00e7o<\/p>\n<p>Com mais de 226 toneladas de alimentos arrecadados e 180 toneladas j\u00e1 entregues, o Bahia Sem Fome se divide em iniciativas estruturantes, como obras para oferecer acesso \u00e0 \u00e1gua e inclus\u00e3o produtiva, e emergenciais, como a mobiliza\u00e7\u00e3o social na arrecada\u00e7\u00e3o e distribui\u00e7\u00e3o de alimentos, e a busca ativa do benefici\u00e1rio. O site www.bahiasemfome.ba.gov.br sintetiza todas as informa\u00e7\u00f5es sobre o programa.<\/p>\n<p>Rep\u00f3rter: T\u00e1cio Santos<br \/>\nFotos: Rafael Martins\/GOVBA<\/p>\n","protected":false},"excerpt":{"rendered":"<p>Na manh\u00e3 desta ter\u00e7a-feira (11), em Itabuna, o governador em exerc\u00edcio Geraldo J\u00fanior apresentou o Programa Bahia Sem Fome para profissionais da imprensa, empres\u00e1rios e autoridades da regi\u00e3o Sul do estado, em evento realizado no Teatro Municipal Candinha D\u00f3ria. A iniciativa faz parte da estrat\u00e9gia de interioriza\u00e7\u00e3o do programa, que foi criado pelo Governo do [&hellip;]<\/p>\n","protected":false},"author":2,"featured_media":0,"comment_status":"open","ping_status":"open","sticky":false,"template":"","format":"standard","meta":{"_links_to":"","_links_to_target":""},"categories":[7,9,8,1],"tags":[],"_links":{"self":[{"href":"https:\/\/www.ilheusnoticias.net.br\/v1\/wp-json\/wp\/v2\/posts\/31541"}],"collection":[{"href":"https:\/\/www.ilheusnoticias.net.br\/v1\/wp-json\/wp\/v2\/posts"}],"about":[{"href":"https:\/\/www.ilheusnoticias.net.br\/v1\/wp-json\/wp\/v2\/types\/post"}],"author":[{"embeddable":true,"href":"https:\/\/www.ilheusnoticias.net.br\/v1\/wp-json\/wp\/v2\/users\/2"}],"replies":[{"embeddable":true,"href":"https:\/\/www.ilheusnoticias.net.br\/v1\/wp-json\/wp\/v2\/comments?post=31541"}],"version-history":[{"count":2,"href":"https:\/\/www.ilheusnoticias.net.br\/v1\/wp-json\/wp\/v2\/posts\/31541\/revisions"}],"predecessor-version":[{"id":31547,"href":"https:\/\/www.ilheusnoticias.net.br\/v1\/wp-json\/wp\/v2\/posts\/31541\/revisions\/31547"}],"wp:attachment":[{"href":"https:\/\/www.ilheusnoticias.net.br\/v1\/wp-json\/wp\/v2\/media?parent=31541"}],"wp:term":[{"taxonomy":"category","embeddable":true,"href":"https:\/\/www.ilheusnoticias.net.br\/v1\/wp-json\/wp\/v2\/categories?post=31541"},{"taxonomy":"post_tag","embeddable":true,"href":"https:\/\/www.ilheusnoticias.net.br\/v1\/wp-json\/wp\/v2\/tags?post=31541"}],"curies":[{"name":"wp","href":"https:\/\/api.w.org\/{rel}","templated":true}]}}