{"id":31538,"date":"2023-04-11T15:58:39","date_gmt":"2023-04-11T18:58:39","guid":{"rendered":"https:\/\/www.ilheusnoticias.net.br\/v1\/?p=31538"},"modified":"2023-04-11T15:58:39","modified_gmt":"2023-04-11T18:58:39","slug":"governador-em-exercicio-entrega-barragem-no-municipio-de-coaraci","status":"publish","type":"post","link":"https:\/\/www.ilheusnoticias.net.br\/v1\/2023\/04\/11\/governador-em-exercicio-entrega-barragem-no-municipio-de-coaraci\/","title":{"rendered":"Governador em exerc\u00edcio entrega barragem no munic\u00edpio de Coaraci"},"content":{"rendered":"<div class=\"PostHeaderIcons metadata-icons\"><img src=\"http:\/\/www.blogdothame.blog.br\/v1\/wp-content\/uploads\/2023\/04\/geraldo-junior.jpg\" \/><\/div>\n<div class=\"PostContent\">\n<p>Cumprindo agenda na regi\u00e3o Sul, o governador em exerc\u00edcio, Geraldo J\u00fanior,\u00a0 \u00a0inaugurou hoje(11), a recupera\u00e7\u00e3o da barragem de Serra da Palha e a amplia\u00e7\u00e3o do armazenamento de \u00e1gua bruta na \u00e1rea da capta\u00e7\u00e3o. A obra da barragem empregou investimentos superiores a R$ 800 mil em recursos do Estado, atrav\u00e9s da Secretaria de Infraestrutura H\u00eddrica e Saneamento (Sihs) e da Empresa Baiana de \u00c1guas e Saneamento (Embasa).<\/p>\n<p>Desde 2013, a Embasa vem realizando interven\u00e7\u00f5es para melhorar o sistema de abastecimento de \u00e1gua em Coaraci. O munic\u00edpio possui duas capta\u00e7\u00f5es, uma por gravidade no Riacho Serra da Palha e uma capta\u00e7\u00e3o flutuante no Rio Almada. O sistema possui 6,31 quil\u00f4metros de adutora e beneficia mais de 25 mil habitantes, entre sede e distritos.<\/p>\n<\/div>\n","protected":false},"excerpt":{"rendered":"<p>Cumprindo agenda na regi\u00e3o Sul, o governador em exerc\u00edcio, Geraldo J\u00fanior,\u00a0 \u00a0inaugurou hoje(11), a recupera\u00e7\u00e3o da barragem de Serra da Palha e a amplia\u00e7\u00e3o do armazenamento de \u00e1gua bruta na \u00e1rea da capta\u00e7\u00e3o. A obra da barragem empregou investimentos superiores a R$ 800 mil em recursos do Estado, atrav\u00e9s da Secretaria de Infraestrutura H\u00eddrica e [&hellip;]<\/p>\n","protected":false},"author":2,"featured_media":0,"comment_status":"open","ping_status":"open","sticky":false,"template":"","format":"standard","meta":{"_links_to":"","_links_to_target":""},"categories":[7,9,8,1],"tags":[],"_links":{"self":[{"href":"https:\/\/www.ilheusnoticias.net.br\/v1\/wp-json\/wp\/v2\/posts\/31538"}],"collection":[{"href":"https:\/\/www.ilheusnoticias.net.br\/v1\/wp-json\/wp\/v2\/posts"}],"about":[{"href":"https:\/\/www.ilheusnoticias.net.br\/v1\/wp-json\/wp\/v2\/types\/post"}],"author":[{"embeddable":true,"href":"https:\/\/www.ilheusnoticias.net.br\/v1\/wp-json\/wp\/v2\/users\/2"}],"replies":[{"embeddable":true,"href":"https:\/\/www.ilheusnoticias.net.br\/v1\/wp-json\/wp\/v2\/comments?post=31538"}],"version-history":[{"count":1,"href":"https:\/\/www.ilheusnoticias.net.br\/v1\/wp-json\/wp\/v2\/posts\/31538\/revisions"}],"predecessor-version":[{"id":31539,"href":"https:\/\/www.ilheusnoticias.net.br\/v1\/wp-json\/wp\/v2\/posts\/31538\/revisions\/31539"}],"wp:attachment":[{"href":"https:\/\/www.ilheusnoticias.net.br\/v1\/wp-json\/wp\/v2\/media?parent=31538"}],"wp:term":[{"taxonomy":"category","embeddable":true,"href":"https:\/\/www.ilheusnoticias.net.br\/v1\/wp-json\/wp\/v2\/categories?post=31538"},{"taxonomy":"post_tag","embeddable":true,"href":"https:\/\/www.ilheusnoticias.net.br\/v1\/wp-json\/wp\/v2\/tags?post=31538"}],"curies":[{"name":"wp","href":"https:\/\/api.w.org\/{rel}","templated":true}]}}