{"id":31536,"date":"2023-04-11T15:54:52","date_gmt":"2023-04-11T18:54:52","guid":{"rendered":"https:\/\/www.ilheusnoticias.net.br\/v1\/?p=31536"},"modified":"2023-04-11T15:54:52","modified_gmt":"2023-04-11T18:54:52","slug":"com-agenda-intensa-primeiros-100-dias-de-governo-de-jeronimo-rodrigues-sao-marcados-por-entregas-e-acoes-em-diversas-areas","status":"publish","type":"post","link":"https:\/\/www.ilheusnoticias.net.br\/v1\/2023\/04\/11\/com-agenda-intensa-primeiros-100-dias-de-governo-de-jeronimo-rodrigues-sao-marcados-por-entregas-e-acoes-em-diversas-areas\/","title":{"rendered":"Com agenda intensa, primeiros 100 dias de governo de Jer\u00f4nimo Rodrigues s\u00e3o marcados por entregas e a\u00e7\u00f5es em diversas \u00e1reas"},"content":{"rendered":"<div class=\"PostHeaderIcons metadata-icons\"><img src=\"http:\/\/www.blogdothame.blog.br\/v1\/wp-content\/uploads\/2023\/04\/100-dias-6.jpg\" \/><\/div>\n<div class=\"PostContent\">\n<p>Completando seu cent\u00e9simo dia, nesta segunda-feira (10), o governo estadual baiano, sob o comando do governador Jer\u00f4nimo Rodrigues, realizou a\u00e7\u00f5es e entregas em diferentes setores e \u00e1reas estrat\u00e9gicas, como sa\u00fade, educa\u00e7\u00e3o, infraestrutura e assist\u00eancia social. Com uma agenda de trabalho intensa, inclusive aos finais de semanas, nestes primeiros meses de 2023, o Governo do Estado atuou com a\u00e7\u00f5es e inaugura\u00e7\u00f5es, na capital e no interior.<\/p>\n<p>Educa\u00e7\u00e3o<\/p>\n<p>Em pouco mais de tr\u00eas meses, foram entregues 11 escolas de tempo integral no estado. Nos munic\u00edpios de Am\u00e9lia Rodrigues, Apor\u00e1, Tucano, Jaguaripe, Jaguarari, Presidente Dutra, Iraquara, Serrol\u00e2ndia, Itabuna, S\u00e3o Domingos e Ilh\u00e9us, os equipamentos foram entregues com estrutura completa, incluindo laborat\u00f3rios, audit\u00f3rio, quadra poliesportiva coberta e piscina semiol\u00edmpica. No mesmo per\u00edodo, tamb\u00e9m foram entregues cerca de 160 \u00f4nibus escolares para atender tamb\u00e9m estudantes da zona rural<br \/>\nAl\u00e9m de dar continuidade ao programa Bolsa Presen\u00e7a, com aux\u00edlio financeiro para fam\u00edlias de estudantes da rede estadual, o Governo manteve e ampliou, em 2023, o programa Mais Futuro. Neste ano, passar\u00e1 de oito para 11 o n\u00famero de parcelas para os benefici\u00e1rios que recebem o cr\u00e9dito mensal de R$ 300. Destinado a alunos das quatro universidades p\u00fablicas estaduais, em condi\u00e7\u00f5es de vulnerabilidade social, o recurso tem como objetivo contribuir para que os estudantes permane\u00e7am nas institui\u00e7\u00f5es de Ensino Superior e concluam suas gradua\u00e7\u00f5es.<\/p>\n<p>Sa\u00fade<\/p>\n<p>Uma das primeiras entregas realizadas este ano na \u00e1rea da sa\u00fade foi a reforma e amplia\u00e7\u00e3o do Hospital M\u00e1rio Dourado Sobrinho, em Irec\u00ea, que ganhou novos 90 leitos. Em Salvador, foram inaugurados o Centro de Parto Natural da Maternidade Albert Sabin, o Centro de Refer\u00eancia Estadual \u00e0s Pessoas com Doen\u00e7a Falciforme e a segunda etapa do Hospital do Homem, que fica na estrutura do Hospital Geral Roberto Santos.<\/p>\n<p><img loading=\"lazy\" class=\"aligncenter size-medium wp-image-148785\" src=\"http:\/\/www.blogdothame.blog.br\/v1\/wp-content\/uploads\/2023\/04\/100-dias-8-300x200.jpg\" sizes=\"(max-width: 300px) 100vw, 300px\" srcset=\"http:\/\/www.blogdothame.blog.br\/v1\/wp-content\/uploads\/2023\/04\/100-dias-8-300x200.jpg 300w, http:\/\/www.blogdothame.blog.br\/v1\/wp-content\/uploads\/2023\/04\/100-dias-8.jpg 640w\" alt=\"\" width=\"300\" height=\"200\" \/><br \/>\nA regionaliza\u00e7\u00e3o da assist\u00eancia \u00e0 sa\u00fade no estado tamb\u00e9m recebeu refor\u00e7o. Em S\u00e3o Francisco do Conde, foi inaugurada a 25\u00aa Policl\u00ednica Regional de Sa\u00fade. Al\u00e9m da cidade-sede, o equipamento atender\u00e1 a popula\u00e7\u00e3o de outros cinco munic\u00edpios da regi\u00e3o: Candeias, Madre de Deus, Santo Amaro, S\u00e3o Sebasti\u00e3o do Pass\u00e9 e Saubara. Em outra frente, a Feira Sa\u00fade Mais Perto ofereceu uma s\u00e9rie de servi\u00e7os, de forma gratuita, em edi\u00e7\u00f5es j\u00e1 realizadas em Salvador, Campo Formoso e Santo Amaro. Na capital, al\u00e9m de uma edi\u00e7\u00e3o no bairro de Paripe, a Feira Mar\u00e7o Mulher, realizada na Arena Fonte Nova, ofertou mais de 30 mil atendimentos a mulheres de todas as partes do estado.<\/p>\n<p>Seguran\u00e7a P\u00fablica<\/p>\n<p>Estruturas da seguran\u00e7a p\u00fablica receberam refor\u00e7os tamb\u00e9m da atual gest\u00e3o estadual. Novas delegacias territoriais da Pol\u00edcia Civil foram inauguradas nas cidades de Irec\u00ea e Serrol\u00e2ndia. Em Salvador, foram entregues a reforma do Quartel Geral do Corpo de Bombeiros Militares da Bahia e a reforma da 12\u00aa Companhia Independente de Pol\u00edcia Militar, no bairro do Rio Vermelho. Entre obras j\u00e1 autorizadas e iniciadas pelo governo este ano est\u00e3o as constru\u00e7\u00f5es de novas sedes para grupamentos policiais em Serrol\u00e2ndia, Juazeiro e Feira de Santana, onde tamb\u00e9m foram entregues 27 novas viaturas para a Pol\u00edcia Militar.<\/p>\n<p><img loading=\"lazy\" class=\"aligncenter size-medium wp-image-148790\" src=\"http:\/\/www.blogdothame.blog.br\/v1\/wp-content\/uploads\/2023\/04\/100-dias-2-300x200.jpg\" sizes=\"(max-width: 300px) 100vw, 300px\" srcset=\"http:\/\/www.blogdothame.blog.br\/v1\/wp-content\/uploads\/2023\/04\/100-dias-2-300x200.jpg 300w, http:\/\/www.blogdothame.blog.br\/v1\/wp-content\/uploads\/2023\/04\/100-dias-2.jpg 640w\" alt=\"\" width=\"300\" height=\"200\" \/><br \/>\nInfraestrutura<\/p>\n<p><img loading=\"lazy\" class=\"aligncenter size-medium wp-image-148784\" src=\"http:\/\/www.blogdothame.blog.br\/v1\/wp-content\/uploads\/2023\/04\/100-dias-3-300x169.jpg\" sizes=\"(max-width: 300px) 100vw, 300px\" srcset=\"http:\/\/www.blogdothame.blog.br\/v1\/wp-content\/uploads\/2023\/04\/100-dias-3-300x169.jpg 300w, http:\/\/www.blogdothame.blog.br\/v1\/wp-content\/uploads\/2023\/04\/100-dias-3.jpg 640w\" alt=\"\" width=\"300\" height=\"169\" \/><\/p>\n<p>Obras de infraestrutura foram entregues, j\u00e1 neste per\u00edodo inicial de governo, na capital e no interior. Em Salvador, a conclus\u00e3o da Linha Azul foi entregue pelo governador Jer\u00f4nimo Rodrigues, com a finaliza\u00e7\u00e3o da duplica\u00e7\u00e3o da Avenida Gal Costa e a requalifica\u00e7\u00e3o do trecho at\u00e9 a BR-324. Tamb\u00e9m foi entregue novo trecho da Avenida 29 de Mar\u00e7o, que liga Cajazeiras ao bairro de \u00c1guas Claras, e faz parte da quarta etapa da Linha Vermelha, interligando a Via Regional at\u00e9 a BR-324, passando pelos bairros de Cajazeiras IV, V e VIII, Castelo Branco e \u00c1guas Claras.<\/p>\n<p><img loading=\"lazy\" class=\"aligncenter size-medium wp-image-148788\" src=\"http:\/\/www.blogdothame.blog.br\/v1\/wp-content\/uploads\/2023\/04\/100-dias-1-300x200.jpg\" sizes=\"(max-width: 300px) 100vw, 300px\" srcset=\"http:\/\/www.blogdothame.blog.br\/v1\/wp-content\/uploads\/2023\/04\/100-dias-1-300x200.jpg 300w, http:\/\/www.blogdothame.blog.br\/v1\/wp-content\/uploads\/2023\/04\/100-dias-1.jpg 640w\" alt=\"\" width=\"300\" height=\"200\" \/><br \/>\nNo interior, nos munic\u00edpios de S\u00e1tiro Dias, Santa Luz, Valente e S\u00e3o Domingos, foram realizadas inaugura\u00e7\u00f5es de novos trechos de estradas recuperadas. Somente nestas entregas, o investimento supera os R$ 40 milh\u00f5es. Abrindo novos caminhos tamb\u00e9m por vias a\u00e9reas, foram entregues as recupera\u00e7\u00f5es dos aer\u00f3dromos de Valente e Itaberaba.<\/p>\n<p>Bahia Sem Fome<\/p>\n<p><img loading=\"lazy\" class=\"aligncenter size-medium wp-image-148783\" src=\"http:\/\/www.blogdothame.blog.br\/v1\/wp-content\/uploads\/2023\/04\/1000-dias-300x226.jpg\" sizes=\"(max-width: 300px) 100vw, 300px\" srcset=\"http:\/\/www.blogdothame.blog.br\/v1\/wp-content\/uploads\/2023\/04\/1000-dias-300x226.jpg 300w, http:\/\/www.blogdothame.blog.br\/v1\/wp-content\/uploads\/2023\/04\/1000-dias.jpg 448w\" alt=\"\" width=\"300\" height=\"226\" \/><\/p>\n<p>Entre as principais a\u00e7\u00f5es deste per\u00edodo, o programa Bahia Sem Fome, j\u00e1 apresentado pelo Governo do Estado, est\u00e1 sendo planejado para alcan\u00e7ar e dar suporte a cerca de 1,8 milh\u00e3o de cidad\u00e3os que hoje se encontram em situa\u00e7\u00e3o de inseguran\u00e7a alimentar e nutricional. A primeira etapa, j\u00e1 em execu\u00e7\u00e3o, consiste na campanha de arrecada\u00e7\u00e3o e distribui\u00e7\u00e3o de alimentos, envolvendo \u00f3rg\u00e3os p\u00fablicos, a iniciativa privada e a sociedade civil organizada. At\u00e9 o in\u00edcio de abril, mais de 226 toneladas de alimentos j\u00e1 haviam sido arrecadados pela campanha.<\/p>\n<p>&nbsp;<\/p>\n<p>(fotos Mateus Pereira GOVBA)<\/p>\n<\/div>\n","protected":false},"excerpt":{"rendered":"<p>Completando seu cent\u00e9simo dia, nesta segunda-feira (10), o governo estadual baiano, sob o comando do governador Jer\u00f4nimo Rodrigues, realizou a\u00e7\u00f5es e entregas em diferentes setores e \u00e1reas estrat\u00e9gicas, como sa\u00fade, educa\u00e7\u00e3o, infraestrutura e assist\u00eancia social. Com uma agenda de trabalho intensa, inclusive aos finais de semanas, nestes primeiros meses de 2023, o Governo do Estado [&hellip;]<\/p>\n","protected":false},"author":2,"featured_media":0,"comment_status":"open","ping_status":"open","sticky":false,"template":"","format":"standard","meta":{"_links_to":"","_links_to_target":""},"categories":[7,9,8,1],"tags":[],"_links":{"self":[{"href":"https:\/\/www.ilheusnoticias.net.br\/v1\/wp-json\/wp\/v2\/posts\/31536"}],"collection":[{"href":"https:\/\/www.ilheusnoticias.net.br\/v1\/wp-json\/wp\/v2\/posts"}],"about":[{"href":"https:\/\/www.ilheusnoticias.net.br\/v1\/wp-json\/wp\/v2\/types\/post"}],"author":[{"embeddable":true,"href":"https:\/\/www.ilheusnoticias.net.br\/v1\/wp-json\/wp\/v2\/users\/2"}],"replies":[{"embeddable":true,"href":"https:\/\/www.ilheusnoticias.net.br\/v1\/wp-json\/wp\/v2\/comments?post=31536"}],"version-history":[{"count":1,"href":"https:\/\/www.ilheusnoticias.net.br\/v1\/wp-json\/wp\/v2\/posts\/31536\/revisions"}],"predecessor-version":[{"id":31537,"href":"https:\/\/www.ilheusnoticias.net.br\/v1\/wp-json\/wp\/v2\/posts\/31536\/revisions\/31537"}],"wp:attachment":[{"href":"https:\/\/www.ilheusnoticias.net.br\/v1\/wp-json\/wp\/v2\/media?parent=31536"}],"wp:term":[{"taxonomy":"category","embeddable":true,"href":"https:\/\/www.ilheusnoticias.net.br\/v1\/wp-json\/wp\/v2\/categories?post=31536"},{"taxonomy":"post_tag","embeddable":true,"href":"https:\/\/www.ilheusnoticias.net.br\/v1\/wp-json\/wp\/v2\/tags?post=31536"}],"curies":[{"name":"wp","href":"https:\/\/api.w.org\/{rel}","templated":true}]}}