{"id":31534,"date":"2023-04-11T15:52:22","date_gmt":"2023-04-11T18:52:22","guid":{"rendered":"https:\/\/www.ilheusnoticias.net.br\/v1\/?p=31534"},"modified":"2023-04-11T15:52:22","modified_gmt":"2023-04-11T18:52:22","slug":"reuniao-intersetorial-discute-estrategias-com-foco-na-campanha-maio-laranja-em-ilheus","status":"publish","type":"post","link":"https:\/\/www.ilheusnoticias.net.br\/v1\/2023\/04\/11\/reuniao-intersetorial-discute-estrategias-com-foco-na-campanha-maio-laranja-em-ilheus\/","title":{"rendered":"Reuni\u00e3o intersetorial discute estrat\u00e9gias com foco na campanha Maio Laranja em Ilh\u00e9us"},"content":{"rendered":"<div class=\"imagem thumbnail col-xs-12 col-sm-8 col-md-6 col-lg-6 imagem-materia\"><a class=\"fresco\" title=\"\" href=\"https:\/\/portalfacilarquivos.blob.core.windows.net\/uploads\/ILHEUS\/imgOrig\/%7B0EDB58E2-E55D-E18E-E3BE-B7085B80D5EA%7D.jpg\" data-fresco-caption=\"\"><img loading=\"lazy\" title=\"\" src=\"https:\/\/portalfacilarquivos.blob.core.windows.net\/uploads\/ILHEUS\/img\/%7B0EDB58E2-E55D-E18E-E3BE-B7085B80D5EA%7D\/%7B0EDB58E2-E55D-E18E-E3BE-B7085B80D5EA%7D_650X450.jpg\" alt=\"maio laranja\" width=\"650\" height=\"450\" \/><\/a><\/p>\n<p class=\"bg-primary\">Visando fortalecer o trabalho preventivo no munic\u00edpio, a Prefeitura de Ilh\u00e9us e a C\u00e2mara de Vereadores promoveram uma reuni\u00e3o nesta ter\u00e7a-feira (11) para apresentar propostas e discutir a\u00e7\u00f5es voltadas \u00e0 campanha Maio Laranja. Participaram do encontro representantes das secretarias de Educa\u00e7\u00e3o (Seduc); Promo\u00e7\u00e3o Social e Combate \u00e0 Pobreza (SPS); Autarquia de Transporte e Tr\u00e2nsito (Sutram); Pol\u00edcia Federal; Pol\u00edcia Militar; Corpo de Bombeiros; BAMIN e do Hospital Materno-Infantil Dr Joaquim Sampaio.<\/p>\n<\/div>\n<p>O encontro foi realizado no Centro Administrativo da Conquista, com foco nas estrat\u00e9gias de combate \u00e0 viola\u00e7\u00e3o dos direitos das crian\u00e7as e adolescentes. As institui\u00e7\u00f5es discutiram as atividades que ser\u00e3o abordadas este ano, dentre elas, audi\u00eancia p\u00fablica, observat\u00f3rio, semin\u00e1rio, caminhada e adesiva\u00e7o.<\/p>\n<p>O vereador Alzim\u00e1rio Belmonte (Gurita), membro da Comiss\u00e3o de Direitos Humanos, comentou sobre a import\u00e2ncia da uni\u00e3o de for\u00e7as em prol da garantia de direitos conquistados ao longo dos anos.<\/p>\n<p>&nbsp;<\/p>\n<div class=\"imagem thumbnail col-xs-12 col-sm-8 col-md-6 col-lg-6 imagem-materia\"><a class=\"fresco\" title=\"\" href=\"https:\/\/portalfacilarquivos.blob.core.windows.net\/uploads\/ILHEUS\/imgOrig\/%7B13DCED04-1BAC-076C-B13E-A2EEDEED1BCD%7D.jpg\" data-fresco-caption=\"\"><img loading=\"lazy\" title=\"\" src=\"https:\/\/portalfacilarquivos.blob.core.windows.net\/uploads\/ILHEUS\/img\/%7B13DCED04-1BAC-076C-B13E-A2EEDEED1BCD%7D\/%7B13DCED04-1BAC-076C-B13E-A2EEDEED1BCD%7D_650X450.jpg\" alt=\"maio laranja\" width=\"650\" height=\"450\" \/><\/a><\/p>\n<p class=\"bg-primary\">\u201cN\u00f3s estamos na segunda reuni\u00e3o preparat\u00f3ria para o Maio Laranja, no sentido de envolver a cidade de Ilh\u00e9us nessa quest\u00e3o t\u00e3o importante. Queremos promover diversas a\u00e7\u00f5es para que as nossas crian\u00e7as e os nossos adolescentes se sintam cada vez mais acolhidos\u201d.<\/p>\n<\/div>\n<p>A Prefeitura reitera que a campanha Maio Laranja ser\u00e1 trabalhada mais intensamente no pr\u00f3ximo m\u00eas, entretanto, as equipes da SPS realizam trabalho de conscientiza\u00e7\u00e3o e a\u00e7\u00f5es pr\u00e1ticas durante todo ano.<\/p>\n<p>\u201cN\u00f3s temos orientado a popula\u00e7\u00e3o para que denuncie qualquer ocorr\u00eancia dessa natureza. Orientamos tamb\u00e9m os familiares durante eventos, locais e hor\u00e1rios inapropriados para crian\u00e7as. \u00c9 preciso que todos abracem essa causa\u201d, alertou o major Soeiro, comandante da 69\u00aa Companhia Independente de Pol\u00edcia Militar.<\/p>\n<p><strong>Sobre a campanha &#8211;<\/strong>\u00a0O dia 18 de maio \u00e9 referenciado nacionalmente como o Dia Nacional de Combate ao Abuso e \u00e0 Explora\u00e7\u00e3o Sexual de Crian\u00e7as e Adolescentes, institu\u00eddo pela Lei Federal 9.970\/00, e representa uma conquista que demarca a luta pelos Direitos Humanos de Crian\u00e7as e Adolescentes no territ\u00f3rio brasileiro.<\/p>\n","protected":false},"excerpt":{"rendered":"<p>Visando fortalecer o trabalho preventivo no munic\u00edpio, a Prefeitura de Ilh\u00e9us e a C\u00e2mara de Vereadores promoveram uma reuni\u00e3o nesta ter\u00e7a-feira (11) para apresentar propostas e discutir a\u00e7\u00f5es voltadas \u00e0 campanha Maio Laranja. Participaram do encontro representantes das secretarias de Educa\u00e7\u00e3o (Seduc); Promo\u00e7\u00e3o Social e Combate \u00e0 Pobreza (SPS); Autarquia de Transporte e Tr\u00e2nsito (Sutram); [&hellip;]<\/p>\n","protected":false},"author":2,"featured_media":0,"comment_status":"open","ping_status":"open","sticky":false,"template":"","format":"standard","meta":{"_links_to":"","_links_to_target":""},"categories":[7,9,8,1],"tags":[],"_links":{"self":[{"href":"https:\/\/www.ilheusnoticias.net.br\/v1\/wp-json\/wp\/v2\/posts\/31534"}],"collection":[{"href":"https:\/\/www.ilheusnoticias.net.br\/v1\/wp-json\/wp\/v2\/posts"}],"about":[{"href":"https:\/\/www.ilheusnoticias.net.br\/v1\/wp-json\/wp\/v2\/types\/post"}],"author":[{"embeddable":true,"href":"https:\/\/www.ilheusnoticias.net.br\/v1\/wp-json\/wp\/v2\/users\/2"}],"replies":[{"embeddable":true,"href":"https:\/\/www.ilheusnoticias.net.br\/v1\/wp-json\/wp\/v2\/comments?post=31534"}],"version-history":[{"count":1,"href":"https:\/\/www.ilheusnoticias.net.br\/v1\/wp-json\/wp\/v2\/posts\/31534\/revisions"}],"predecessor-version":[{"id":31535,"href":"https:\/\/www.ilheusnoticias.net.br\/v1\/wp-json\/wp\/v2\/posts\/31534\/revisions\/31535"}],"wp:attachment":[{"href":"https:\/\/www.ilheusnoticias.net.br\/v1\/wp-json\/wp\/v2\/media?parent=31534"}],"wp:term":[{"taxonomy":"category","embeddable":true,"href":"https:\/\/www.ilheusnoticias.net.br\/v1\/wp-json\/wp\/v2\/categories?post=31534"},{"taxonomy":"post_tag","embeddable":true,"href":"https:\/\/www.ilheusnoticias.net.br\/v1\/wp-json\/wp\/v2\/tags?post=31534"}],"curies":[{"name":"wp","href":"https:\/\/api.w.org\/{rel}","templated":true}]}}