{"id":31532,"date":"2023-04-11T15:51:05","date_gmt":"2023-04-11T18:51:05","guid":{"rendered":"https:\/\/www.ilheusnoticias.net.br\/v1\/?p=31532"},"modified":"2023-04-11T15:51:05","modified_gmt":"2023-04-11T18:51:05","slug":"previsao-do-tempo-aponta-48-milimetros-de-chuva-em-ilheus-ate-quarta-feira-12","status":"publish","type":"post","link":"https:\/\/www.ilheusnoticias.net.br\/v1\/2023\/04\/11\/previsao-do-tempo-aponta-48-milimetros-de-chuva-em-ilheus-ate-quarta-feira-12\/","title":{"rendered":"Previs\u00e3o do tempo aponta 48 mil\u00edmetros de chuva em Ilh\u00e9us at\u00e9 quarta-feira (12)"},"content":{"rendered":"<p>&nbsp;<\/p>\n<div class=\"imagem thumbnail col-xs-12 col-sm-8 col-md-6 col-lg-6 imagem-materia\"><a class=\"fresco\" title=\"\" href=\"https:\/\/portalfacilarquivos.blob.core.windows.net\/uploads\/ILHEUS\/imgOrig\/%7B0DCEBB8C-A6DA-BAB2-6CD6-CADB41EAAACE%7D.jpg\" data-fresco-caption=\"\"><img loading=\"lazy\" title=\"\" src=\"https:\/\/portalfacilarquivos.blob.core.windows.net\/uploads\/ILHEUS\/img\/%7B0DCEBB8C-A6DA-BAB2-6CD6-CADB41EAAACE%7D\/%7B0DCEBB8C-A6DA-BAB2-6CD6-CADB41EAAACE%7D_650X450.jpg\" alt=\"chuvas\" width=\"650\" height=\"450\" \/><\/a><\/p>\n<p class=\"bg-primary\">A Prefeitura de Ilh\u00e9us alerta para a possibilidade de chuvas moderadas no munic\u00edpio nas pr\u00f3ximas 24 horas. Conforme comunicado emitido pelo Centro Nacional de Monitoramento e Alertas de Desastres Naturais (Cemaden) e pelo Instituto Nacional de Meteorologia (Inmet), o acumulado de precipita\u00e7\u00f5es pode atingir 48 mil\u00edmetros at\u00e9 esta quarta-feira (12).<\/p>\n<\/div>\n<p>A Defesa Civil explica que o volume \u00e9 suficiente para provocar preju\u00edzos. A recomenda\u00e7\u00e3o \u00e9 que a popula\u00e7\u00e3o fique alerta a qualquer sinal de risco de deslizamento de terra ou alagamentos. O \u00f3rg\u00e3o segue em campo realizando visitas t\u00e9cnicas,\u00a0aplica\u00e7\u00e3o e substitui\u00e7\u00e3o de lonas de conten\u00e7\u00e3o\u00a0e orienta\u00e7\u00f5es \u00e0s fam\u00edlias em \u00e1reas mais vulner\u00e1veis aos desastres decorrentes das chuvas.<\/p>\n<p>Em caso de emerg\u00eancia, os mun\u00edcipes podem entrar em contato atrav\u00e9s do n\u00famero:\u00a0<strong>(73) 97400 &#8211; 7521<\/strong>\u00a0<strong>(Defesa Civil).<\/strong><\/p>\n<p>A Prefeitura orienta os moradores que se mantenham atentos, em suas resid\u00eancias, observando ind\u00edcios\u00a0como desagrega\u00e7\u00e3o de solos em encostas, sinais sonoros, fissuras e rachaduras em im\u00f3veis.<\/p>\n","protected":false},"excerpt":{"rendered":"<p>&nbsp; A Prefeitura de Ilh\u00e9us alerta para a possibilidade de chuvas moderadas no munic\u00edpio nas pr\u00f3ximas 24 horas. Conforme comunicado emitido pelo Centro Nacional de Monitoramento e Alertas de Desastres Naturais (Cemaden) e pelo Instituto Nacional de Meteorologia (Inmet), o acumulado de precipita\u00e7\u00f5es pode atingir 48 mil\u00edmetros at\u00e9 esta quarta-feira (12). A Defesa Civil explica [&hellip;]<\/p>\n","protected":false},"author":2,"featured_media":0,"comment_status":"open","ping_status":"open","sticky":false,"template":"","format":"standard","meta":{"_links_to":"","_links_to_target":""},"categories":[7,9,8,1],"tags":[],"_links":{"self":[{"href":"https:\/\/www.ilheusnoticias.net.br\/v1\/wp-json\/wp\/v2\/posts\/31532"}],"collection":[{"href":"https:\/\/www.ilheusnoticias.net.br\/v1\/wp-json\/wp\/v2\/posts"}],"about":[{"href":"https:\/\/www.ilheusnoticias.net.br\/v1\/wp-json\/wp\/v2\/types\/post"}],"author":[{"embeddable":true,"href":"https:\/\/www.ilheusnoticias.net.br\/v1\/wp-json\/wp\/v2\/users\/2"}],"replies":[{"embeddable":true,"href":"https:\/\/www.ilheusnoticias.net.br\/v1\/wp-json\/wp\/v2\/comments?post=31532"}],"version-history":[{"count":1,"href":"https:\/\/www.ilheusnoticias.net.br\/v1\/wp-json\/wp\/v2\/posts\/31532\/revisions"}],"predecessor-version":[{"id":31533,"href":"https:\/\/www.ilheusnoticias.net.br\/v1\/wp-json\/wp\/v2\/posts\/31532\/revisions\/31533"}],"wp:attachment":[{"href":"https:\/\/www.ilheusnoticias.net.br\/v1\/wp-json\/wp\/v2\/media?parent=31532"}],"wp:term":[{"taxonomy":"category","embeddable":true,"href":"https:\/\/www.ilheusnoticias.net.br\/v1\/wp-json\/wp\/v2\/categories?post=31532"},{"taxonomy":"post_tag","embeddable":true,"href":"https:\/\/www.ilheusnoticias.net.br\/v1\/wp-json\/wp\/v2\/tags?post=31532"}],"curies":[{"name":"wp","href":"https:\/\/api.w.org\/{rel}","templated":true}]}}