{"id":31524,"date":"2023-04-10T07:32:11","date_gmt":"2023-04-10T10:32:11","guid":{"rendered":"https:\/\/www.ilheusnoticias.net.br\/v1\/?p=31524"},"modified":"2023-04-10T07:32:11","modified_gmt":"2023-04-10T10:32:11","slug":"100-dias-de-governo-lula-principais-medidas-polemicas-e-viagens","status":"publish","type":"post","link":"https:\/\/www.ilheusnoticias.net.br\/v1\/2023\/04\/10\/100-dias-de-governo-lula-principais-medidas-polemicas-e-viagens\/","title":{"rendered":"100 dias de governo Lula: principais medidas, pol\u00eamicas e viagens"},"content":{"rendered":"<div class=\"row content-head non-featured \">\n<div class=\"title\" data-block-type=\"title\" data-block-id=\"0\"><\/div>\n<div class=\"medium-centered subtitle\">\n<h2 class=\"content-head__subtitle\"><span style=\"font-size: 16px;\">Por Beatriz Borges, Luiz Felipe Barbi\u00e9ri, Alexandro Martello e J\u00e9ssica Sant&#8217;Ana, g1 \u2014<\/span><\/h2>\n<\/div>\n<\/div>\n<hr class=\"content__divider \" \/>\n<div class=\"mc-article-body\">\n<article>\n<div id=\"chunk-9dqik\">\n<div class=\"row medium-uncollapsed content-media content-photo\" data-block-type=\"backstage-photo\" data-block-id=\"1\">\n<div class=\"mc-column content-media__container\">\n<div class=\"content-media-container glb-skeleton-box\">\n<figure class=\"content-media-figure\"><img class=\"i-amphtml-fill-content i-amphtml-replaced-content\" src=\"https:\/\/s2.glbimg.com\/SdL0zUW87ldS5GqItrzeAoFLCdE=\/0x0:1920x1280\/984x0\/smart\/filters:strip_icc()\/i.s3.glbimg.com\/v1\/AUTH_59edd422c0c84a879bd37670ae4f538a\/internal_photos\/bs\/2023\/E\/l\/FOJpYQQBAwAtjnHAxQMA\/fta20230206188.jpg\" sizes=\"(max-width: 1242px) 648px, 100vw\" srcset=\"https:\/\/s2.glbimg.com\/Ogn7xBwpUzhxahuzd3gltZbqFY8=\/0x0:1920x1280\/1000x0\/smart\/filters:strip_icc()\/i.s3.glbimg.com\/v1\/AUTH_59edd422c0c84a879bd37670ae4f538a\/internal_photos\/bs\/2023\/E\/l\/FOJpYQQBAwAtjnHAxQMA\/fta20230206188.jpg 1000w, https:\/\/s2.glbimg.com\/SdL0zUW87ldS5GqItrzeAoFLCdE=\/0x0:1920x1280\/984x0\/smart\/filters:strip_icc()\/i.s3.glbimg.com\/v1\/AUTH_59edd422c0c84a879bd37670ae4f538a\/internal_photos\/bs\/2023\/E\/l\/FOJpYQQBAwAtjnHAxQMA\/fta20230206188.jpg 984w, https:\/\/s2.glbimg.com\/7nJ1HlD3E3ITI8IU_J8rMwXC-6E=\/0x0:1920x1280\/640x0\/smart\/filters:strip_icc()\/i.s3.glbimg.com\/v1\/AUTH_59edd422c0c84a879bd37670ae4f538a\/internal_photos\/bs\/2023\/E\/l\/FOJpYQQBAwAtjnHAxQMA\/fta20230206188.jpg 640w, https:\/\/s2.glbimg.com\/PfCMTMrkIbHSPM_4AiatRrwZ5Zs=\/0x0:1920x1280\/600x0\/smart\/filters:strip_icc()\/i.s3.glbimg.com\/v1\/AUTH_59edd422c0c84a879bd37670ae4f538a\/internal_photos\/bs\/2023\/E\/l\/FOJpYQQBAwAtjnHAxQMA\/fta20230206188.jpg 600w\" alt=\"O presidente Lula em discurso \u2014 Foto: Carlos Elias Junior\/Fotoarena\/Estad\u00e3o Conte\u00fado\" \/><\/figure>\n<\/div>\n<p class=\"content-media__description \">O presidente Lula em discurso \u2014 Foto: Carlos Elias Junior\/Fotoarena\/Estad\u00e3o Conte\u00fado<\/p>\n<\/div>\n<\/div>\n<\/div>\n<div id=\"chunk-e123j\">\n<div class=\"mc-column content-text active-extra-styles \" data-block-type=\"unstyled\" data-block-weight=\"17\" data-block-id=\"3\">\n<p class=\"content-text__container \" data-track-category=\"Link no Texto\" data-track-links=\"\">O terceiro mandato presidencial de Luiz In\u00e1cio Lula da Silva (PT) completa 100 dias nesta segunda-feira (10).<\/p>\n<\/div>\n<\/div>\n<div class=\"wall protected-content\">\n<div id=\"chunk-e361g\">\n<div class=\"mc-column content-text active-extra-styles \" data-block-type=\"unstyled\" data-block-weight=\"45\" data-block-id=\"4\">\n<p class=\"content-text__container \" data-track-category=\"Link no Texto\" data-track-links=\"\">Logo no in\u00edcio do per\u00edodo, o presidente teve que lidar com os ataques golpistas que vandalizaram as sedes dos tr\u00eas poderes em Bras\u00edlia. Depois, com a situa\u00e7\u00e3o normalizada, p\u00f4de avan\u00e7ar em promessas de campanha \u2013 principalmente na \u00e1rea social, como a volta do Bolsa Fam\u00edlia.<\/p>\n<\/div>\n<\/div>\n<div id=\"chunk-5mhov\">\n<div class=\"mc-column content-text active-extra-styles \" data-block-type=\"unstyled\" data-block-weight=\"33\" data-block-id=\"5\">\n<p class=\"content-text__container \" data-track-category=\"Link no Texto\" data-track-links=\"\">O per\u00edodo, no entanto, tamb\u00e9m foi marcado por declara\u00e7\u00f5es de Lula que causaram pol\u00eamica e agita\u00e7\u00e3o na pol\u00edtica e no mercado. Por exemplo, as cr\u00edticas ao Banco Central e \u00e0 taxa de juros.<\/p>\n<\/div>\n<\/div>\n<div id=\"chunk-a1v2o\">\n<div class=\"mc-column content-text active-extra-styles \" data-block-type=\"unstyled\" data-block-weight=\"29\" data-block-id=\"6\">\n<p class=\"content-text__container \" data-track-category=\"Link no Texto\" data-track-links=\"\">Os primeiros 100 dias confirmaram, tamb\u00e9m, tend\u00eancias que j\u00e1 haviam sido antecipadas por especialistas: a nova posi\u00e7\u00e3o do Brasil no cen\u00e1rio internacional e uma agenda intensa de viagens oficiais<\/p>\n<\/div>\n<\/div>\n<div id=\"chunk-3r68r\">\n<div class=\"bs-video-block mc-column  content-media content-video\" data-block-type=\"backstage-video\" data-block-id=\"12\">\n<div class=\"content-media__container\">\n<p class=\"content-media__description\">Presidente Lula faz balan\u00e7o dos 100 dias de governo em encontro com jornalistas<\/p>\n<\/div>\n<\/div>\n<\/div>\n<div class=\"mc-column content-text active-extra-styles\" data-block-type=\"raw\" data-block-weight=\"5\" data-block-id=\"14\">\n<div class=\"content-intertitle\">\n<h2><strong>Ataques golpistas e crise Yanomami<\/strong><\/h2>\n<\/div>\n<\/div>\n<div id=\"chunk-d5qoc\">\n<div class=\"mc-column content-text active-extra-styles \" data-block-type=\"unstyled\" data-block-weight=\"30\" data-block-id=\"15\">\n<p class=\"content-text__container \" data-track-category=\"Link no Texto\" data-track-links=\"\">No dia 8 de janeiro, uma semana ap\u00f3s Lula tomar posse, v\u00e2ndalos invadiram e depredaram as sedes dos tr\u00eas poderes: Congresso Nacional, Pal\u00e1cio do Planalto e Supremo Tribunal Federal (<a class=\"\" href=\"https:\/\/g1.globo.com\/tudo-sobre\/supremo-tribunal-federal\/\">STF<\/a>).<\/p>\n<\/div>\n<\/div>\n<div id=\"chunk-djujb\">\n<div class=\"mc-column content-text active-extra-styles \" data-block-type=\"unstyled\" data-block-weight=\"19\" data-block-id=\"16\">\n<p class=\"content-text__container \" data-track-category=\"Link no Texto\" data-track-links=\"\">O presidente, que estava em Araraquara (SP), conferindo estragos feitos pelas fortes chuvas, antecipou a volta a Bras\u00edlia.<\/p>\n<\/div>\n<\/div>\n<div id=\"chunk-1ocai\">\n<div class=\"mc-column content-text active-extra-styles \" data-block-type=\"unstyled\" data-block-weight=\"26\" data-block-id=\"17\">\n<p class=\"content-text__container \" data-track-category=\"Link no Texto\" data-track-links=\"\">No dia seguinte, reuniu governadores, ministros do governo e ministros do STF para uma\u00a0<a class=\"\" href=\"https:\/\/g1.globo.com\/politica\/noticia\/2023\/01\/09\/apos-reuniao-lula-e-governadores-fazem-caminhada-simbolica-ao-stf.ghtml\">caminhada simb\u00f3lica<\/a>\u00a0pela Pra\u00e7a dos Tr\u00eas Poderes, em defesa da democracia.<\/p>\n<\/div>\n<\/div>\n<div id=\"chunk-83f86\">\n<div class=\"bs-video-block mc-column  content-media content-video\" data-block-type=\"backstage-video\" data-block-id=\"18\">\n<div class=\"content-media__container\">\n<div class=\"content-video__bigger-player-description-fixer\">\n<article class=\"content-video\">\n<section class=\"content-video__video-container\">\n<div class=\"content-video__video\">\n<div class=\"content-video__placeholder\" data-video-id=\"11266077\" data-video-has-viewport-play=\"True\"><img class=\"content-video__placeholder__thumb\" title=\"Lula caminha at\u00e9 o STF junto com autoridades\" src=\"https:\/\/s02.video.glbimg.com\/x240\/11266077.jpg\" alt=\"Lula caminha at\u00e9 o STF junto com autoridades\" \/><\/div>\n<div id=\"wp3-player-3\" class=\"clappr-player\" tabindex=\"9999\" data-player=\"\">\n<div class=\"dfp-ad-overlay dfp-ad-overlay--poster-mode\">\n<div><\/div>\n<\/div>\n<\/div>\n<\/div>\n<\/section>\n<\/article>\n<\/div>\n<p class=\"content-media__description\">Lula caminha at\u00e9 o STF junto com autoridades<\/p>\n<\/div>\n<\/div>\n<\/div>\n<div id=\"chunk-80fb5\">\n<div class=\"mc-column content-text active-extra-styles \" data-block-type=\"unstyled\" data-block-weight=\"12\" data-block-id=\"21\">\n<p class=\"content-text__container \" data-track-category=\"Link no Texto\" data-track-links=\"\">Os ataques geraram a primeira situa\u00e7\u00e3o de crise do governo rec\u00e9m-empossado.<\/p>\n<\/div>\n<\/div>\n<div id=\"chunk-d3jb\">\n<div class=\"mc-column content-text active-extra-styles \" data-block-type=\"unstyled\" data-block-weight=\"37\" data-block-id=\"22\">\n<p class=\"content-text__container \" data-track-category=\"Link no Texto\" data-track-links=\"\">Nas semanas seguintes, Lula se articulou com l\u00edderes pol\u00edticos para evitar a repeti\u00e7\u00e3o do epis\u00f3dio e pacificar o ambiente. A Pol\u00edcia Federal, por sua vez, iniciou procedimentos para investigar e prender os respons\u00e1veis pelos atos golpistas.<\/p>\n<\/div>\n<\/div>\n<div id=\"chunk-5hp4q\">\n<div class=\"mc-column content-text active-extra-styles \" data-block-type=\"unstyled\" data-block-weight=\"32\" data-block-id=\"23\">\n<p class=\"content-text__container \" data-track-category=\"Link no Texto\" data-track-links=\"\">Ainda em janeiro, o governo federal teve de lidar com outra crise: o\u00a0<a class=\"\" href=\"https:\/\/g1.globo.com\/saude\/noticia\/2023\/01\/20\/ministerio-da-saude-decreta-emergencia-de-saude-publica-para-combater-desassistencia-de-indigenas-yanomami.ghtml\">agravamento da crise humanit\u00e1ria na Terra Ind\u00edgena Yanomami<\/a>, fruto da invas\u00e3o de garimpeiros e do abandono da ajuda estatal.<\/p>\n<\/div>\n<\/div>\n<div id=\"chunk-abk0g\">\n<div class=\"mc-column content-text active-extra-styles \" data-block-type=\"unstyled\" data-block-weight=\"31\" data-block-id=\"24\">\n<p class=\"content-text__container \" data-track-category=\"Link no Texto\" data-track-links=\"\">Crian\u00e7as e adultos Yanomami foram identificados com\u00a0<a class=\"\" href=\"https:\/\/g1.globo.com\/fantastico\/noticia\/2023\/01\/29\/malaria-pneumonia-desnutricao-contaminacao-por-mercurio-fantastico-mostra-a-tragedia-humanitaria-na-terra-indigena-yanomami.ghtml\">quadros graves de mal\u00e1ria e desnutri\u00e7\u00e3o, al\u00e9m de casos de pneumonia e contamina\u00e7\u00e3o por merc\u00fario<\/a>\u00a0\u2013 metal usado pelo garimpo ilegal sem qualquer monitoramento.<\/p>\n<\/div>\n<\/div>\n<div id=\"chunk-amc8k\">\n<div class=\"mc-column content-text active-extra-styles \" data-block-type=\"unstyled\" data-block-weight=\"48\" data-block-id=\"25\">\n<p class=\"content-text__container \" data-track-category=\"Link no Texto\" data-track-links=\"\">O governo federal lan\u00e7ou a Opera\u00e7\u00e3o Yanomami para retirar garimpeiros da terra ind\u00edgena, destruir equipamentos, investigar a cadeia de comando dessas opera\u00e7\u00f5es e garantir assist\u00eancia aos ind\u00edgenas. Passados dois meses, no entanto, ainda h\u00e1\u00a0<a class=\"\" href=\"https:\/\/g1.globo.com\/jornal-nacional\/noticia\/2023\/04\/08\/novas-imagens-mostram-acao-ilegal-de-garimpeiros-na-terra-indigena-yanomami.ghtml\">registros de extra\u00e7\u00e3o clandestina<\/a>\u00a0e\u00a0<a class=\"\" href=\"https:\/\/g1.globo.com\/rr\/roraima\/noticia\/2023\/04\/07\/crianca-yanomami-com-problemas-respiratorios-e-resgatada-em-helicoptero-da-forca-aerea.ghtml\">resgate de crian\u00e7as em condi\u00e7\u00f5es cr\u00edticas de sa\u00fade<\/a><\/p>\n<\/div>\n<\/div>\n<div class=\"mc-column content-text active-extra-styles\" data-block-type=\"raw\" data-block-weight=\"2\" data-block-id=\"29\">\n<div class=\"content-intertitle\">\n<h2>Falas pol\u00eamicas<\/h2>\n<\/div>\n<\/div>\n<div id=\"chunk-3b9rt\">\n<div class=\"bs-video-block mc-column  content-media content-video\" data-block-type=\"backstage-video\" data-block-id=\"30\">\n<div class=\"content-media__container\">\n<p class=\"content-media__description\">Lula d\u00e1 recado a ministros: &#8216;Qualquer genialidade que algu\u00e9m possa ter, \u00e9 importante que antes de anunciar fa\u00e7a uma reuni\u00e3o com a Casa Civil&#8217;<\/p>\n<\/div>\n<\/div>\n<\/div>\n<div id=\"chunk-5v5km\">\n<div class=\"mc-column content-text active-extra-styles \" data-block-type=\"unstyled\" data-block-weight=\"13\" data-block-id=\"32\">\n<p class=\"content-text__container \" data-track-category=\"Link no Texto\" data-track-links=\"\">Algumas falas pol\u00eamicas do presidente marcaram os tr\u00eas primeiros meses de mandato.<\/p>\n<\/div>\n<\/div>\n<div id=\"chunk-96lmb\">\n<div class=\"mc-column content-text active-extra-styles \" data-block-type=\"unstyled\" data-block-weight=\"31\" data-block-id=\"33\">\n<p class=\"content-text__container \" data-track-category=\"Link no Texto\" data-track-links=\"\">Em visita \u00e0 Terra da Raposa Serra do Sol em mar\u00e7o, Lula afirmou que apesar &#8220;de toda desgra\u00e7a&#8221; a escravid\u00e3o &#8220;trouxe uma coisa boa que foi a mistura, a miscigena\u00e7\u00e3o&#8221;.<\/p>\n<\/div>\n<\/div>\n<div id=\"chunk-19qpg\">\n<div class=\"mc-column content-text active-extra-styles \" data-block-type=\"unstyled\" data-block-weight=\"17\" data-block-id=\"34\">\n<p class=\"content-text__container \" data-track-category=\"Link no Texto\" data-track-links=\"\">Outra declara\u00e7\u00e3o pol\u00eamica foi direcionada ao senador Sergio Moro (Uni\u00e3o-PR), que condenou Lula enquanto era juiz.<\/p>\n<\/div>\n<\/div>\n<div id=\"chunk-kfvt\">\n<div class=\"mc-column content-text active-extra-styles \" data-block-type=\"unstyled\" data-block-weight=\"28\" data-block-id=\"35\">\n<p class=\"content-text__container \" data-track-category=\"Link no Texto\" data-track-links=\"\">Ap\u00f3s uma opera\u00e7\u00e3o da Pol\u00edcia Federal que prendeu suspeitos de arquitetar assassinatos e sequestro de autoridades,\u00a0<a class=\"\" href=\"https:\/\/g1.globo.com\/politica\/noticia\/2023\/03\/23\/perguntado-sobre-plano-de-faccao-contra-autoridades-lula-diz-que-nao-vai-atacar-ninguem-sem-ter-prova-mas-ve-armacao-de-moro.html\">Lula disse que via &#8220;arma\u00e7\u00e3o&#8221; de Moro no caso<\/a>\u00a0(<strong>assista abaixo<\/strong>).<\/p>\n<\/div>\n<\/div>\n<div id=\"chunk-93vlu\">\n<div class=\"bs-video-block mc-column  content-media content-video\" data-block-type=\"backstage-video\" data-block-id=\"36\">\n<div class=\"content-media__container\">\n<div class=\"content-video__bigger-player-description-fixer\">\n<article class=\"content-video\">\n<section class=\"content-video__video-container\">\n<div class=\"content-video__video\">\n<div class=\"content-video__placeholder\" data-video-id=\"11474990\" data-video-has-viewport-play=\"True\"><img class=\"content-video__placeholder__thumb\" title=\"Lula diz que v\u00ea arma\u00e7\u00e3o de Moro em apura\u00e7\u00e3o da PF; senador repudia declara\u00e7\u00e3o\" src=\"https:\/\/s03.video.glbimg.com\/x240\/11474990.jpg\" alt=\"Lula diz que v\u00ea arma\u00e7\u00e3o de Moro em apura\u00e7\u00e3o da PF; senador repudia declara\u00e7\u00e3o\" \/><\/div>\n<\/div>\n<\/section>\n<\/article>\n<\/div>\n<p class=\"content-media__description\">Lula diz que v\u00ea arma\u00e7\u00e3o de Moro em apura\u00e7\u00e3o da PF; senador repudia declara\u00e7\u00e3o<\/p>\n<\/div>\n<\/div>\n<\/div>\n<div id=\"chunk-9a1bv\">\n<div class=\"mc-column content-text active-extra-styles \" data-block-type=\"unstyled\" data-block-weight=\"8\" data-block-id=\"37\">\n<p class=\"content-text__container \" data-track-category=\"Link no Texto\" data-track-links=\"\">Lula tamb\u00e9m desautorizou ministros em algumas situa\u00e7\u00f5es.<\/p>\n<\/div>\n<\/div>\n<div id=\"chunk-3gqij\">\n<div class=\"mc-column content-text active-extra-styles \" data-block-type=\"unstyled\" data-block-weight=\"27\" data-block-id=\"38\">\n<p class=\"content-text__container \" data-track-category=\"Link no Texto\" data-track-links=\"\">Em mar\u00e7o, durante uma reuni\u00e3o ministerial, o\u00a0<a class=\"\" href=\"https:\/\/g1.globo.com\/politica\/noticia\/2023\/03\/14\/lula-se-reune-com-ministros-da-area-social-para-organizar-balanco-de-100-dias-de-governo.ghtml\">presidente chegou a dar uma bronca no primeiro escal\u00e3o,<\/a> para que n\u00e3o fizessem an\u00fancios sem o aval do Planalto.<\/p>\n<\/div>\n<\/div>\n<div id=\"chunk-6h4ua\">\n<div class=\"mc-column content-text active-extra-styles \" data-block-type=\"unstyled\" data-block-weight=\"31\" data-block-id=\"40\">\n<p class=\"content-text__container \" data-track-category=\"Link no Texto\" data-track-links=\"\">Na ocasi\u00e3o, o presidente disse que qualquer &#8220;genialidade&#8221; que algum ministro possa ter deve ser conversada com a Casa Civil e com a presid\u00eancia da Rep\u00fablica antes de ser anunciada.<\/p>\n<\/div>\n<\/div>\n<div id=\"chunk-ctl57\">\n<div class=\"mc-column content-text active-extra-styles \" data-block-type=\"unstyled\" data-block-weight=\"37\" data-block-id=\"41\">\n<p class=\"content-text__container \" data-track-category=\"Link no Texto\" data-track-links=\"\">Na \u00faltima quinta, em caf\u00e9 com jornalistas no Pal\u00e1cio do Planalto, Lula\u00a0<a class=\"\" href=\"https:\/\/g1.globo.com\/economia\/blog\/ana-flor\/post\/2023\/04\/06\/petrobras-politica-de-precos-ainda-nao-esta-sendo-discutida-e-sera-alterada-com-muito-criterio-diz-lula.ghtml\">desautorizou o ministro de Minas e Energia, Alexandre Silveira, e o comando da Petrobras<\/a>\u00a0a anteciparem uma discuss\u00e3o sobre a pol\u00edtica de pre\u00e7os da companhia.<\/p>\n<\/div>\n<\/div>\n<div id=\"chunk-1q3ul\">\n<div class=\"mc-column content-text active-extra-styles \" data-block-type=\"unstyled\" data-block-weight=\"41\" data-block-id=\"42\">\n<p class=\"content-text__container \" data-track-category=\"Link no Texto\" data-track-links=\"\">\u201cA pol\u00edtica de pre\u00e7os da Petrobras ser\u00e1 discutida pelo governo no momento em que o presidente da Rep\u00fablica convocar o governo para discutir. Enquanto o presidente da Rep\u00fablica n\u00e3o convocar, a gente n\u00e3o vai mudar o que est\u00e1 funcionando hoje\u201d, disse.<\/p>\n<\/div>\n<\/div>\n<div id=\"chunk-7qdvc\">\n<div class=\"bs-video-block mc-column  content-media content-video\" data-block-type=\"backstage-video\" data-block-id=\"43\">\n<div class=\"content-media__container\">\n<div class=\"content-video__bigger-player-description-fixer\">\n<article class=\"content-video\">\n<section class=\"content-video__video-container\">\n<div class=\"content-video__video\">\n<div class=\"content-video__placeholder\" data-video-id=\"11475266\" data-video-has-viewport-play=\"True\"><img class=\"content-video__placeholder__thumb\" title=\"Lula \u2018manda discurso pol\u00edtico\u2019 ao criticar o BC novamente, analisa Julia Duailibi\" src=\"https:\/\/s03.video.glbimg.com\/x240\/11475266.jpg\" alt=\"Lula \u2018manda discurso pol\u00edtico\u2019 ao criticar o BC novamente, analisa Julia Duailibi\" \/><\/div>\n<div id=\"wp3-player-6\" class=\"clappr-player\" tabindex=\"9999\" data-player=\"\">\n<div class=\"dfp-ad-overlay dfp-ad-overlay--poster-mode\">\n<div>Lula \u2018manda discurso pol\u00edtico\u2019 ao criticar o BC novamente, analisa Julia Duailibi<\/div>\n<\/div>\n<\/div>\n<\/div>\n<\/section>\n<\/article>\n<\/div>\n<\/div>\n<\/div>\n<\/div>\n<div id=\"chunk-caun4\">\n<div class=\"mc-column content-text active-extra-styles \" data-block-type=\"unstyled\" data-block-weight=\"50\" data-block-id=\"45\">\n<p class=\"content-text__container \" data-track-category=\"Link no Texto\" data-track-links=\"\">Na \u00e1rea econ\u00f4mica, a principal pol\u00eamica foi o embate do governo com o Banco Central sobre a taxa b\u00e1sica de juros da economia, a Selic,\u00a0<a class=\"\" href=\"https:\/\/g1.globo.com\/economia\/noticia\/2023\/03\/22\/apesar-de-pressao-do-governo-pela-reducao-dos-juros-copom-mantem-taxa-basica-em-1375percent.ghtml\">atualmente em 13,75% ao ano<\/a>. A defini\u00e7\u00e3o cabe ao Comit\u00ea de Pol\u00edtica Monet\u00e1ria (Copom) do BC, formado pelo presidente e pelos diretores do banco.<\/p>\n<\/div>\n<\/div>\n<div id=\"chunk-a4kgt\">\n<div class=\"mc-column content-text active-extra-styles \" data-block-type=\"unstyled\" data-block-weight=\"43\" data-block-id=\"46\">\n<p class=\"content-text__container \" data-track-category=\"Link no Texto\" data-track-links=\"\">Lula e integrantes do governo t\u00eam feitos cr\u00edticas reiteradas \u00e0 manuten\u00e7\u00e3o da taxa, porque acreditam que o \u00edndice inibe o crescimento da economia.\u00a0<a class=\"\" href=\"https:\/\/g1.globo.com\/politica\/noticia\/2023\/02\/08\/apos-criticas-de-lula-deputados-dizem-nao-haver-ambiente-para-rever-autonomia-do-bc.ghtml\">O presidente chegou a dizer que poderia rever a autonomia do BC<\/a>, aprovada pelo Congresso durante o governo Jair Bolsonaro.<\/p>\n<\/div>\n<\/div>\n<div id=\"chunk-fetag\">\n<div class=\"mc-column content-text active-extra-styles \" data-block-type=\"unstyled\" data-block-weight=\"37\" data-block-id=\"47\">\n<p class=\"content-text__container \" data-track-category=\"Link no Texto\" data-track-links=\"\">&#8220;Eu vou continuar batendo, eu vou continuar tentando brigar para que a gente possa reduzir a taxa de juros, para que a economia possa ter investimento&#8221;, disse Lula sobre o BC no dia 21 de mar\u00e7o<\/p>\n<\/div>\n<\/div>\n<div class=\"mc-column content-text active-extra-styles\" data-block-type=\"raw\" data-block-weight=\"1\" data-block-id=\"52\">\n<div class=\"content-intertitle\">\n<h2>Viagens<\/h2>\n<\/div>\n<\/div>\n<div id=\"chunk-bmu8i\">\n<div class=\"mc-column content-text active-extra-styles \" data-block-type=\"unstyled\" data-block-weight=\"18\" data-block-id=\"53\">\n<p class=\"content-text__container \" data-track-category=\"Link no Texto\" data-track-links=\"\">Durante os 100 primeiros dias de governo, Lula fez tr\u00eas viagens internacionais, sendo duas na Am\u00e9rica Latina.<\/p>\n<\/div>\n<\/div>\n<div id=\"chunk-a6ji3\">\n<div class=\"mc-column content-text active-extra-styles \" data-block-type=\"unstyled\" data-block-weight=\"38\" data-block-id=\"54\">\n<p class=\"content-text__container \" data-track-category=\"Link no Texto\" data-track-links=\"\">Segundo especialistas, a escolha dos pa\u00edses vizinhos foi estrat\u00e9gica e simbolizou a inten\u00e7\u00e3o do presidente de resgatar la\u00e7os. Ele tamb\u00e9m teria feito uma viagem \u00e0 China, mas\u00a0<a class=\"\" href=\"https:\/\/g1.globo.com\/politica\/noticia\/2023\/03\/31\/china-da-sinal-verde-e-viagem-de-lula-ao-pais-deve-ser-entre-os-dias-11-e-14-de-abril.ghtml\">precisou adiar para esta semana<\/a>, em raz\u00e3o de uma pneumonia.<\/p>\n<\/div>\n<\/div>\n<div id=\"chunk-ajj0s\">\n<div class=\"mc-column content-text active-extra-styles \" data-block-type=\"unstyled\" data-block-weight=\"16\" data-block-id=\"55\">\n<p class=\"content-text__container \" data-track-category=\"Link no Texto\" data-track-links=\"\">A primeira, com destino \u00e0 Argentina, ocorreu dias depois de Lula assumir o terceiro mandato.<\/p>\n<\/div>\n<\/div>\n<div id=\"chunk-ep8kt\">\n<div class=\"mc-column content-text active-extra-styles \" data-block-type=\"unstyled\" data-block-weight=\"31\" data-block-id=\"56\">\n<p class=\"content-text__container \" data-track-category=\"Link no Texto\" data-track-links=\"\">Em Buenos Aires, se encontrou com o presidente Alberto Fern\u00e1ndez, que\u00a0<a class=\"\" href=\"https:\/\/g1.globo.com\/mundo\/noticia\/2021\/04\/15\/alberto-fernandez-da-argentina-responde-bolsonaro-sobre-papel-dos-militares-argentinos-na-pandemia.ghtml\">possu\u00eda rela\u00e7\u00e3o conflituosa<\/a>\u00a0com o ex-presidente Jair Bolsonaro, e chegou a\u00a0<a class=\"\" href=\"https:\/\/g1.globo.com\/politica\/noticia\/2023\/01\/23\/em-viagem-a-argentina-lula-diz-que-relacao-do-brasil-com-o-vizinho-nao-deveria-ter-sido-truncada.ghtml\">pedir desculpas pelo que chamou de &#8220;grosserias&#8221; do ex-<\/a><a class=\"\" href=\"https:\/\/g1.globo.com\/politica\/noticia\/2023\/01\/23\/em-viagem-a-argentina-lula-diz-que-relacao-do-brasil-com-o-vizinho-nao-deveria-ter-sido-truncada.ghtml\">presidente<\/a>.<\/p>\n<\/div>\n<\/div>\n<div id=\"chunk-d1352\">\n<div class=\"row medium-uncollapsed content-media content-photo\" data-block-type=\"backstage-photo\" data-block-id=\"58\">\n<div class=\"mc-column content-media__container\">\n<div class=\"content-media-container glb-skeleton-box\">\n<figure class=\"content-media-figure\"><img class=\"i-amphtml-fill-content i-amphtml-replaced-content\" src=\"https:\/\/s2.glbimg.com\/X36AcroXBUQOc5lWLJvcl8OHRGw=\/0x0:4806x3204\/984x0\/smart\/filters:strip_icc()\/i.s3.glbimg.com\/v1\/AUTH_59edd422c0c84a879bd37670ae4f538a\/internal_photos\/bs\/2023\/U\/B\/OQoYVzSDCbrfxqrNuMRw\/2023-01-23t172258z-496355859-rc2ewy91evaw-rtrmadp-3-argentina-brazil.jpg\" sizes=\"(max-width: 1242px) 648px, 100vw\" srcset=\"https:\/\/s2.glbimg.com\/TEF6O1uuu2Xq_0QEu32A-1UBJcw=\/0x0:4806x3204\/1000x0\/smart\/filters:strip_icc()\/i.s3.glbimg.com\/v1\/AUTH_59edd422c0c84a879bd37670ae4f538a\/internal_photos\/bs\/2023\/U\/B\/OQoYVzSDCbrfxqrNuMRw\/2023-01-23t172258z-496355859-rc2ewy91evaw-rtrmadp-3-argentina-brazil.jpg 1000w, https:\/\/s2.glbimg.com\/X36AcroXBUQOc5lWLJvcl8OHRGw=\/0x0:4806x3204\/984x0\/smart\/filters:strip_icc()\/i.s3.glbimg.com\/v1\/AUTH_59edd422c0c84a879bd37670ae4f538a\/internal_photos\/bs\/2023\/U\/B\/OQoYVzSDCbrfxqrNuMRw\/2023-01-23t172258z-496355859-rc2ewy91evaw-rtrmadp-3-argentina-brazil.jpg 984w, https:\/\/s2.glbimg.com\/lRH2BWkXLnDG3Y3fY4axfaT6Cf4=\/0x0:4806x3204\/640x0\/smart\/filters:strip_icc()\/i.s3.glbimg.com\/v1\/AUTH_59edd422c0c84a879bd37670ae4f538a\/internal_photos\/bs\/2023\/U\/B\/OQoYVzSDCbrfxqrNuMRw\/2023-01-23t172258z-496355859-rc2ewy91evaw-rtrmadp-3-argentina-brazil.jpg 640w, https:\/\/s2.glbimg.com\/5fSmdF2IO-ZxY4gdxPAqG9oRIu4=\/0x0:4806x3204\/600x0\/smart\/filters:strip_icc()\/i.s3.glbimg.com\/v1\/AUTH_59edd422c0c84a879bd37670ae4f538a\/internal_photos\/bs\/2023\/U\/B\/OQoYVzSDCbrfxqrNuMRw\/2023-01-23t172258z-496355859-rc2ewy91evaw-rtrmadp-3-argentina-brazil.jpg 600w\" alt=\"Lula se encontrou com Alberto Fern\u00e1ndez  \u2014 Foto: Agustin Marcarian\/Reuters\" \/><\/figure>\n<\/div>\n<p class=\"content-media__description \">Lula se encontrou com Alberto Fern\u00e1ndez \u2014 Foto: Agustin Marcarian\/Reuters<\/p>\n<\/div>\n<\/div>\n<\/div>\n<div id=\"chunk-dbaf4\">\n<div class=\"mc-column content-text active-extra-styles \" data-block-type=\"unstyled\" data-block-weight=\"26\" data-block-id=\"59\">\n<p class=\"content-text__container \" data-track-category=\"Link no Texto\" data-track-links=\"\">Da Argentina, Lula seguiu para o Uruguai onde se reuniu com o presidente do pa\u00eds, Luis Alberto Lacalle Pou, e com o ex-presidente Pepe Mujica.<\/p>\n<\/div>\n<\/div>\n<div id=\"chunk-c8jbk\">\n<div class=\"mc-column content-text active-extra-styles \" data-block-type=\"unstyled\" data-block-weight=\"40\" data-block-id=\"60\">\n<p class=\"content-text__container \" data-track-category=\"Link no Texto\" data-track-links=\"\">Menos de quinze dias depois, o petista embarcou para os Estados Unidos\u00a0<a class=\"\" href=\"https:\/\/g1.globo.com\/politica\/noticia\/2023\/02\/10\/lula-chega-a-casa-branca-para-reuniao-com-biden.ghtml\">onde se reuniu com o presidente dos EUA, Joe Biden<\/a>. Na ocasi\u00e3o, ressaltaram a import\u00e2ncia de uma parceria entre os dois pa\u00edses no combate \u00e0s mudan\u00e7as clim\u00e1ticas.<\/p>\n<\/div>\n<\/div>\n<div id=\"chunk-3ejo6\">\n<div class=\"mc-column content-text active-extra-styles \" data-block-type=\"unstyled\" data-block-weight=\"18\" data-block-id=\"61\">\n<p class=\"content-text__container \" data-track-category=\"Link no Texto\" data-track-links=\"\">Havia uma expectativa de que Biden anunciasse valores para o Fundo Amaz\u00f4nia, o que n\u00e3o se concretizou.<\/p>\n<\/div>\n<\/div>\n<div id=\"chunk-33tn2\">\n<div class=\"mc-column content-text active-extra-styles \" data-block-type=\"unstyled\" data-block-weight=\"32\" data-block-id=\"62\">\n<p class=\"content-text__container \" data-track-category=\"Link no Texto\" data-track-links=\"\">&#8220;N\u00e3o discuti especificamente o Fundo Amaz\u00f4nia. Eu discuti a necessidade dos pa\u00edses ricos assumirem a responsabilidade de financiar todos os pa\u00edses que t\u00eam florestas&#8221;, afirmou Lula em entrevista ap\u00f3s a reuni\u00e3o.<\/p>\n<\/div>\n<\/div>\n<div id=\"chunk-4gnpq\">\n<div class=\"mc-column content-text active-extra-styles \" data-block-type=\"unstyled\" data-block-weight=\"18\" data-block-id=\"64\">\n<p class=\"content-text__container \" data-track-category=\"Link no Texto\" data-track-links=\"\">Os dois presidente tamb\u00e9m falaram de defesa da democracia, um tema central para Lula e para Biden.<\/p>\n<\/div>\n<\/div>\n<div class=\"mc-column content-text active-extra-styles\" data-block-type=\"raw\" data-block-weight=\"2\" data-block-id=\"66\">\n<div class=\"content-intertitle\">\n<h2>Principais medidas<\/h2>\n<\/div>\n<\/div>\n<div id=\"chunk-doao0\">\n<div class=\"bs-video-block mc-column  content-media content-video\" data-block-type=\"backstage-video\" data-block-id=\"67\">\n<div class=\"content-media__container\">\n<div class=\"content-video__bigger-player-description-fixer\">\n<article class=\"content-video\">\n<section class=\"content-video__video-container\">\n<div class=\"content-video__video\">\n<div class=\"content-video__placeholder\" data-video-id=\"11246360\" data-video-has-viewport-play=\"True\"><img class=\"content-video__placeholder__thumb\" title=\"Lula diz que vai revogar decretos de Bolsonaro que ampliaram acesso a armas e muni\u00e7\u00f5es\" src=\"https:\/\/s01.video.glbimg.com\/x240\/11246360.jpg\" alt=\"Lula diz que vai revogar decretos de Bolsonaro que ampliaram acesso a armas e muni\u00e7\u00f5es\" \/><\/div>\n<\/div>\n<\/section>\n<\/article>\n<\/div>\n<p class=\"content-media__description\">Lula diz que vai revogar decretos de Bolsonaro que ampliaram acesso a armas e muni\u00e7\u00f5es<\/p>\n<\/div>\n<\/div>\n<\/div>\n<div id=\"chunk-dnr81\">\n<div class=\"mc-column content-text active-extra-styles \" data-block-type=\"unstyled\" data-block-weight=\"18\" data-block-id=\"69\">\n<p class=\"content-text__container \" data-track-category=\"Link no Texto\" data-track-links=\"\">Uma das principais medidas tomadas no in\u00edcio do governo diz respeito ao acesso a armas pela popula\u00e7\u00e3o.<\/p>\n<\/div>\n<\/div>\n<div id=\"chunk-cf7vo\">\n<div class=\"mc-column content-text active-extra-styles \" data-block-type=\"unstyled\" data-block-weight=\"41\" data-block-id=\"70\">\n<p class=\"content-text__container \" data-track-category=\"Link no Texto\" data-track-links=\"\">Ao tomar posse em janeiro, Lula assinou um decreto que revogou uma s\u00e9rie de normas do ex-presidente Jair Bolsonaro que haviam facilitado o acesso a esses itens. Outra medida foi o\u00a0<a class=\"\" href=\"https:\/\/g1.globo.com\/politica\/noticia\/2023\/01\/02\/decreto-de-lula-revoga-normas-que-facilitavam-acessos-a-armas-e-municao-veja-o-que-diz-o-texto.ghtml\">recadastramento das armas compradas a partir de maio de 2019<\/a>.<\/p>\n<\/div>\n<\/div>\n<div id=\"chunk-qiea\">\n<div class=\"mc-column content-text active-extra-styles \" data-block-type=\"unstyled\" data-block-weight=\"17\" data-block-id=\"71\">\n<p class=\"content-text__container \" data-track-category=\"Link no Texto\" data-track-links=\"\">Al\u00e9m disso, o governo fez mudan\u00e7as em programas sociais e lan\u00e7ou uma s\u00e9rie de propostas econ\u00f4micas.\u00a0<strong>Veja:<\/strong><\/p>\n<\/div>\n<\/div>\n<div class=\"mc-column content-text active-extra-styles\" data-block-type=\"raw\" data-block-weight=\"2\" data-block-id=\"72\">\n<ul class=\"content-unordered-list\">\n<li><strong>Mais M\u00e9dicos<\/strong><\/li>\n<\/ul>\n<\/div>\n<div id=\"chunk-6qgl9\">\n<div class=\"mc-column content-text active-extra-styles \" data-block-type=\"unstyled\" data-block-weight=\"21\" data-block-id=\"73\">\n<p class=\"content-text__container \" data-track-category=\"Link no Texto\" data-track-links=\"\"><a class=\"\" href=\"https:\/\/g1.globo.com\/politica\/noticia\/2023\/03\/20\/mais-medicos-novo-programa-tem-contrato-de-4-anos-incentivo-para-municipios-vulneraveis-e-para-medicos-do-fies-veja-o-que-muda.ghtml\">Em mar\u00e7o, o governo relan\u00e7ou o programa<\/a>. O objetivo \u00e9 expandir o n\u00famero de profissionais e incentivar a perman\u00eancia no projeto.<\/p>\n<\/div>\n<\/div>\n<div class=\"mc-column content-text active-extra-styles\" data-block-type=\"raw\" data-block-weight=\"2\" data-block-id=\"74\">\n<ul class=\"content-unordered-list\">\n<li><strong>Bolsa Fam\u00edlia<\/strong><\/li>\n<\/ul>\n<\/div>\n<div id=\"chunk-1k3mq\">\n<div class=\"mc-column content-text active-extra-styles \" data-block-type=\"unstyled\" data-block-weight=\"27\" data-block-id=\"75\">\n<p class=\"content-text__container \" data-track-category=\"Link no Texto\" data-track-links=\"\"><a class=\"\" href=\"https:\/\/g1.globo.com\/politica\/noticia\/2023\/03\/02\/novo-bolsa-familia-entra-em-vigor.ghtml\">O governo reestruturou o programa de assist\u00eancia social<\/a>\u00a0para garantir pagamento m\u00ednimo de R$ 600 por fam\u00edlia, mais um adicional por cada crian\u00e7a de at\u00e9 6 anos.<\/p>\n<\/div>\n<\/div>\n<div id=\"chunk-blo1u\">\n<div class=\"mc-column content-text active-extra-styles \" data-block-type=\"unstyled\" data-block-weight=\"32\" data-block-id=\"76\">\n<p class=\"content-text__container \" data-track-category=\"Link no Texto\" data-track-links=\"\">Em fevereiro, a Caixa Econ\u00f4mica Federal tamb\u00e9m anunciou a\u00a0<a class=\"\" href=\"https:\/\/g1.globo.com\/economia\/noticia\/2023\/02\/24\/caixa-anuncia-suspensao-definitiva-de-emprestimo-consignado-ao-auxilio-brasil.ghtml\">suspens\u00e3o definitiva de empr\u00e9stimos consignados pelo Bolsa Fam\u00edlia<\/a>. Segundo o Minist\u00e9rio da Cidadania, o banco era respons\u00e1vel por 80% das contrata\u00e7\u00f5es do servi\u00e7os.<\/p>\n<\/div>\n<\/div>\n<div id=\"chunk-atlu0\">\n<div class=\"bs-video-block mc-column  content-media content-video\" data-block-type=\"backstage-video\" data-block-id=\"77\">\n<div class=\"content-media__container\">\n<p class=\"content-media__description\">Caixa come\u00e7a a pagar novo Bolsa Fam\u00edlia<\/p>\n<\/div>\n<\/div>\n<\/div>\n<div class=\"mc-column content-text active-extra-styles\" data-block-type=\"raw\" data-block-weight=\"4\" data-block-id=\"79\">\n<ul class=\"content-unordered-list\">\n<li><strong>Retomada de mecanismos ambientais<\/strong><\/li>\n<\/ul>\n<\/div>\n<div id=\"chunk-1rsls\">\n<div class=\"mc-column content-text active-extra-styles \" data-block-type=\"unstyled\" data-block-weight=\"30\" data-block-id=\"80\">\n<p class=\"content-text__container \" data-track-category=\"Link no Texto\" data-track-links=\"\">Logo no primeiro dia de mandato, Lula assinou decreto para a retomada do Fundo Amaz\u00f4nia \u2013 mecanismo que<a class=\"\" href=\"https:\/\/g1.globo.com\/meio-ambiente\/noticia\/2023\/02\/10\/fundo-amazonia-entenda-o-que-e-a-iniciativa-bilionaria-de-preservacao-ambiental.ghtml\">\u00a0usa aportes bilion\u00e1rios de outros pa\u00edses para financiar projetos de preserva\u00e7\u00e3o ambiental<\/a>.<\/p>\n<\/div>\n<\/div>\n<div class=\"mc-column content-text active-extra-styles\" data-block-type=\"raw\" data-block-weight=\"5\" data-block-id=\"81\">\n<ul class=\"content-unordered-list\">\n<li><strong>Procuradoria de Defesa da Democracia<\/strong><\/li>\n<\/ul>\n<\/div>\n<div id=\"chunk-3v80q\">\n<div class=\"mc-column content-text active-extra-styles \" data-block-type=\"unstyled\" data-block-weight=\"39\" data-block-id=\"82\">\n<p class=\"content-text__container \" data-track-category=\"Link no Texto\" data-track-links=\"\">O advogado-geral da Uni\u00e3o, Jorge Messias,\u00a0<a class=\"\" href=\"https:\/\/g1.globo.com\/politica\/noticia\/2023\/01\/20\/grupo-de-trabalho-procuradoria-nacional-da-uniao-de-defesa-da-democracia.ghtml\">anunciou a cria\u00e7\u00e3o da procuradoria em janeiro<\/a>, ao assumir o cargo. Segundo ele, o \u00f3rg\u00e3o vai ajudar a defender a democracia e combater a desinforma\u00e7\u00e3o usada como arma pol\u00edtica contra os atos p\u00fablicos.<\/p>\n<\/div>\n<\/div>\n<div class=\"mc-column content-text active-extra-styles\" data-block-type=\"raw\" data-block-weight=\"3\" data-block-id=\"83\">\n<ul class=\"content-unordered-list\">\n<li><strong>Novo arcabou\u00e7o fiscal<\/strong><\/li>\n<\/ul>\n<\/div>\n<div id=\"chunk-eulk4\">\n<div class=\"mc-column content-text active-extra-styles \" data-block-type=\"unstyled\" data-block-weight=\"27\" data-block-id=\"84\">\n<p class=\"content-text__container \" data-track-category=\"Link no Texto\" data-track-links=\"\">No fim de mar\u00e7o, o o governo anunciou a proposta de nova regra fiscal para substituir o atual teto de gastos, e controlar os gastos p\u00fablicos.<\/p>\n<\/div>\n<\/div>\n<div id=\"chunk-9i2dm\">\n<div class=\"mc-column content-text active-extra-styles \" data-block-type=\"unstyled\" data-block-weight=\"51\" data-block-id=\"86\">\n<p class=\"content-text__container \" data-track-category=\"Link no Texto\" data-track-links=\"\">O texto prev\u00ea que as despesas podem crescer acima da infla\u00e7\u00e3o, ou seja, ter\u00e3o alta real (descontada a infla\u00e7\u00e3o) entre 0,6% a 2,5%. Ainda segundo a proposta, os gastos v\u00e3o poder crescer somente entre 50% e 70% da varia\u00e7\u00e3o da receita. Para valer, o projeto precisa ser aprovado pelo Congresso.<\/p>\n<\/div>\n<\/div>\n<div class=\"mc-column content-text active-extra-styles\" data-block-type=\"raw\" data-block-weight=\"3\" data-block-id=\"87\">\n<ul class=\"content-unordered-list\">\n<li><strong>Impostos sobre combust\u00edveis<\/strong><\/li>\n<\/ul>\n<\/div>\n<div id=\"chunk-qoso\">\n<div class=\"bs-video-block mc-column  content-media content-video\" data-block-type=\"backstage-video\" data-block-id=\"88\">\n<div class=\"content-media__container\">\n<div class=\"content-video__bigger-player-description-fixer\">\n<article class=\"content-video\">\n<section class=\"content-video__video-container\">\n<div class=\"content-video__video\">\n<div class=\"content-video__placeholder\" data-video-id=\"11408625\" data-video-has-viewport-play=\"True\"><img class=\"content-video__placeholder__thumb\" title=\"Minist\u00e9rio da Fazenda detalha volta da cobran\u00e7a de impostos federais sobre os combust\u00edveis\" src=\"https:\/\/s02.video.glbimg.com\/x240\/11408625.jpg\" alt=\"Minist\u00e9rio da Fazenda detalha volta da cobran\u00e7a de impostos federais sobre os combust\u00edveis\" \/><\/div>\n<div id=\"wp3-player-9\" class=\"clappr-player\" tabindex=\"9999\" data-player=\"\">\n<div class=\"dfp-ad-overlay dfp-ad-overlay--poster-mode\">\n<div><\/div>\n<\/div>\n<\/div>\n<\/div>\n<\/section>\n<\/article>\n<\/div>\n<p class=\"content-media__description\">Minist\u00e9rio da Fazenda detalha volta da cobran\u00e7a de impostos federais sobre os combust\u00edveis<\/p>\n<\/div>\n<\/div>\n<\/div>\n<div id=\"chunk-ehvvo\">\n<div class=\"mc-column content-text active-extra-styles \" data-block-type=\"unstyled\" data-block-weight=\"32\" data-block-id=\"90\">\n<p class=\"content-text__container \" data-track-category=\"Link no Texto\" data-track-links=\"\">Ap\u00f3s um embate entre as alas pol\u00edtica e econ\u00f4mica, o governo decidiu retomar a cobran\u00e7a de parte dos impostos federais que incidem sobre combust\u00edveis. Os tributos tinham sido zerados pela gest\u00e3o anterior.<\/p>\n<\/div>\n<\/div>\n<div id=\"chunk-2p4m2\">\n<div class=\"mc-column content-text active-extra-styles \" data-block-type=\"unstyled\" data-block-weight=\"49\" data-block-id=\"91\">\n<p class=\"content-text__container \" data-track-category=\"Link no Texto\" data-track-links=\"\"><a class=\"\" href=\"https:\/\/g1.globo.com\/economia\/noticia\/2023\/02\/28\/governo-detalha-como-sera-feito-retorno-da-cobranca-de-impostos-federais-sobre-gasolina-e-etanol.ghtml\">Com isso, a gasolina passou a ser reonerada em R$ 0,47 por litro e o etanol, em R$ 0,02<\/a>. A medida vale at\u00e9 junho e os impostos podem subir ainda mais a partir de julho, pois voltar\u00e3o a ser praticadas as al\u00edquotas vigentes antes da desonera\u00e7\u00e3o, que s\u00e3o maiores.<\/p>\n<\/div>\n<\/div>\n<div id=\"chunk-to5s\">\n<div class=\"mc-column content-text active-extra-styles \" data-block-type=\"unstyled\" data-block-weight=\"34\" data-block-id=\"92\">\n<p class=\"content-text__container \" data-track-category=\"Link no Texto\" data-track-links=\"\">A decis\u00e3o final caber\u00e1 ao Congresso, que vai analisar a medida provis\u00f3ria que trata do tema. J\u00e1 o diesel e o g\u00e1s de cozinha continuar\u00e3o isentos de impostos federais at\u00e9 o fim do ano.<\/p>\n<\/div>\n<\/div>\n<div class=\"mc-column content-text active-extra-styles\" data-block-type=\"raw\" data-block-weight=\"2\" data-block-id=\"93\">\n<ul class=\"content-unordered-list\">\n<li><strong>Sal\u00e1rio m\u00ednimo<\/strong><\/li>\n<\/ul>\n<\/div>\n<div id=\"chunk-fj3jc\">\n<div class=\"mc-column content-text active-extra-styles \" data-block-type=\"unstyled\" data-block-weight=\"54\" data-block-id=\"94\">\n<p class=\"content-text__container \" data-track-category=\"Link no Texto\" data-track-links=\"\"><a class=\"\" href=\"https:\/\/g1.globo.com\/politica\/noticia\/2023\/02\/16\/lula-confirma-salario-minimo-de-r-1320-a-partir-de-maio-e-aumento-da-isencao-de-ir-para-r-2640.ghtml\">O governo decidiu reajustar o sal\u00e1rio m\u00ednimo, de R$ 1.032 para R$ 1.320<\/a>, a partir de maio. Uma medida provis\u00f3ria deve ser publicada no &#8220;Di\u00e1rio Oficial da Uni\u00e3o&#8221;. No in\u00edcio do ano, houve a expectativa de que o reajuste seria imediato, mas o governo adiou a medida, devido ao impacto nas contas p\u00fablicas.<\/p>\n<\/div>\n<\/div>\n<div class=\"mc-column content-text active-extra-styles\" data-block-type=\"raw\" data-block-weight=\"3\" data-block-id=\"95\">\n<ul class=\"content-unordered-list\">\n<li><strong>Imposto de Renda<\/strong><\/li>\n<\/ul>\n<\/div>\n<div id=\"chunk-88p07\">\n<div class=\"mc-column content-text active-extra-styles \" data-block-type=\"unstyled\" data-block-weight=\"48\" data-block-id=\"96\">\n<p class=\"content-text__container \" data-track-category=\"Link no Texto\" data-track-links=\"\">O governo tamb\u00e9m anunciou o reajuste da tabela do Imposto de Renda (IR) para pessoas f\u00edsicas. A partir de maio,\u00a0<a class=\"\" href=\"https:\/\/g1.globo.com\/economia\/noticia\/2023\/02\/17\/a-partir-de-maio-137-milhoes-de-pessoas-deixarao-de-pagar-ir-informa-receita-federal.ghtml\">a faixa de isen\u00e7\u00e3o do IR ser\u00e1 ampliada<\/a>, de R$ 1.903,98 \u2013 em vigor desde 2015 \u2013 para R$ 2.112. A medida deve ser oficializada por medida provis\u00f3ria.<\/p>\n<\/div>\n<\/div>\n<div id=\"chunk-3c5cm\">\n<div class=\"content-ads content-ads--reveal\" data-block-type=\"ads\" data-block-id=\"97\">\n<div id=\"banner_materia__b2694b97-86d5-4a6a-a31a-40c85d64d894\" class=\"tag-manager-publicidade-container mc-has-reveal mc-has-ad-lazyload tag-manager-publicidade-banner_materia__b2694b97-86d5-4a6a-a31a-40c85d64d894 tag-manager-publicidade-container--carregado tag-manager-publicidade-container--visivel\" data-id=\"banner_materia__b2694b97-86d5-4a6a-a31a-40c85d64d894\" data-google-query-id=\"CIuBz-WKn_4CFbEAuQYdiVkIfw\">\n<div id=\"google_ads_iframe_\/95377733\/tvg_G1\/Politica_17__container__\"><\/div>\n<\/div>\n<\/div>\n<\/div>\n<div id=\"chunk-7pjft\">\n<div class=\"mc-column content-text active-extra-styles \" data-block-type=\"unstyled\" data-block-weight=\"18\" data-block-id=\"98\">\n<p class=\"content-text__container \" data-track-category=\"Link no Texto\" data-track-links=\"\">&#x27a1;\u00a0<strong>ENTENDA:<\/strong>\u00a0<a class=\"\" href=\"https:\/\/g1.globo.com\/economia\/imposto-de-renda\/noticia\/2023\/03\/24\/imposto-de-renda-proposta-do-governo-deve-incluir-ate-13-milhao-de-pessoas-na-faixa-de-isencao-em-2024-entenda.ghtml\">Proposta do governo deve incluir at\u00e9 1,3 milh\u00e3o de pessoas na faixa de isen\u00e7\u00e3o em 2024<\/a><\/p>\n<\/div>\n<\/div>\n<div id=\"chunk-3246j\">\n<div class=\"mc-column content-text active-extra-styles \" data-block-type=\"unstyled\" data-block-weight=\"41\" data-block-id=\"99\">\n<p class=\"content-text__container \" data-track-category=\"Link no Texto\" data-track-links=\"\">Al\u00e9m da amplia\u00e7\u00e3o, haver\u00e1 um desconto mensal de R$ 528 direto na fonte. Ou seja, sobre o imposto que seria devido pelo empregado. Isso porque o governo quer manter a promessa de deixar isentos todos que ganham at\u00e9 dois sal\u00e1rios m\u00ednimos.<\/p>\n<\/div>\n<\/div>\n<div class=\"mc-column content-text active-extra-styles\" data-block-type=\"raw\" data-block-weight=\"5\" data-block-id=\"101\">\n<div class=\"content-intertitle\">\n<h2><\/h2>\n<\/div>\n<\/div>\n<div id=\"chunk-8vgmp\">\n<div class=\"bs-video-block mc-column  content-media content-video\" data-block-type=\"backstage-video\" data-block-id=\"102\">\n<div class=\"content-media__container\">\n<div class=\"content-video__bigger-player-description-fixer\">\n<article class=\"content-video\">\n<section class=\"content-video__video-container\">\n<div class=\"content-video__video\">\n<div id=\"wp3-player-10\" class=\"clappr-player clappr-detach--is-detached clappr-detach--is-detached__visible\" tabindex=\"9999\" data-player=\"\">\n<div class=\"media-control ad media-control--panels-hide media-control--no-background h720 w360\">\n<div class=\"media-control-panel\">\n<div class=\"media-control-panel__lower\" data-controls=\"\">\n<div class=\"opposites-container\">\n<div class=\"media-control-position__right\"><\/div>\n<\/div>\n<\/div>\n<\/div>\n<\/div>\n<\/div>\n<\/div>\n<\/section>\n<\/article>\n<\/div>\n<\/div>\n<\/div>\n<\/div>\n<\/div>\n<\/article>\n<\/div>\n","protected":false},"excerpt":{"rendered":"<p>Por Beatriz Borges, Luiz Felipe Barbi\u00e9ri, Alexandro Martello e J\u00e9ssica Sant&#8217;Ana, g1 \u2014 O presidente Lula em discurso \u2014 Foto: Carlos Elias Junior\/Fotoarena\/Estad\u00e3o Conte\u00fado O terceiro mandato presidencial de Luiz In\u00e1cio Lula da Silva (PT) completa 100 dias nesta segunda-feira (10). Logo no in\u00edcio do per\u00edodo, o presidente teve que lidar com os ataques golpistas [&hellip;]<\/p>\n","protected":false},"author":2,"featured_media":0,"comment_status":"open","ping_status":"open","sticky":false,"template":"","format":"standard","meta":{"_links_to":"","_links_to_target":""},"categories":[7,9,8],"tags":[],"_links":{"self":[{"href":"https:\/\/www.ilheusnoticias.net.br\/v1\/wp-json\/wp\/v2\/posts\/31524"}],"collection":[{"href":"https:\/\/www.ilheusnoticias.net.br\/v1\/wp-json\/wp\/v2\/posts"}],"about":[{"href":"https:\/\/www.ilheusnoticias.net.br\/v1\/wp-json\/wp\/v2\/types\/post"}],"author":[{"embeddable":true,"href":"https:\/\/www.ilheusnoticias.net.br\/v1\/wp-json\/wp\/v2\/users\/2"}],"replies":[{"embeddable":true,"href":"https:\/\/www.ilheusnoticias.net.br\/v1\/wp-json\/wp\/v2\/comments?post=31524"}],"version-history":[{"count":1,"href":"https:\/\/www.ilheusnoticias.net.br\/v1\/wp-json\/wp\/v2\/posts\/31524\/revisions"}],"predecessor-version":[{"id":31525,"href":"https:\/\/www.ilheusnoticias.net.br\/v1\/wp-json\/wp\/v2\/posts\/31524\/revisions\/31525"}],"wp:attachment":[{"href":"https:\/\/www.ilheusnoticias.net.br\/v1\/wp-json\/wp\/v2\/media?parent=31524"}],"wp:term":[{"taxonomy":"category","embeddable":true,"href":"https:\/\/www.ilheusnoticias.net.br\/v1\/wp-json\/wp\/v2\/categories?post=31524"},{"taxonomy":"post_tag","embeddable":true,"href":"https:\/\/www.ilheusnoticias.net.br\/v1\/wp-json\/wp\/v2\/tags?post=31524"}],"curies":[{"name":"wp","href":"https:\/\/api.w.org\/{rel}","templated":true}]}}