{"id":31520,"date":"2023-04-09T11:49:32","date_gmt":"2023-04-09T14:49:32","guid":{"rendered":"https:\/\/www.ilheusnoticias.net.br\/v1\/?p=31520"},"modified":"2023-04-09T11:50:49","modified_gmt":"2023-04-09T14:50:49","slug":"mais-uma-vitima-fatal-na-ba-001-em-ilheus-o-jovem-diego","status":"publish","type":"post","link":"https:\/\/www.ilheusnoticias.net.br\/v1\/2023\/04\/09\/mais-uma-vitima-fatal-na-ba-001-em-ilheus-o-jovem-diego\/","title":{"rendered":"Mais uma vitima fatal na BA 001 em Ilh\u00e9us , o jovem Diego"},"content":{"rendered":"<header class=\"entry-header\">\n<div class=\"entry-meta\"><\/div>\n<\/header>\n<div class=\"entry-content\">\n<figure id=\"attachment_85538\" class=\"wp-caption aligncenter\" style=\"width: 668px;\" aria-describedby=\"caption-attachment-85538\"><img loading=\"lazy\" class=\" wp-image-85538\" src=\"https:\/\/fabiorobertonoticias.com.br\/wp-content\/uploads\/2023\/04\/Screenshot_20230409-085616-871.jpg\" sizes=\"(max-width: 1000px) 100vw, 1000px\" srcset=\"https:\/\/fabiorobertonoticias.com.br\/wp-content\/uploads\/2023\/04\/Screenshot_20230409-085616-871.jpg 1000w, https:\/\/fabiorobertonoticias.com.br\/wp-content\/uploads\/2023\/04\/Screenshot_20230409-085616-871-300x300.jpg 300w, https:\/\/fabiorobertonoticias.com.br\/wp-content\/uploads\/2023\/04\/Screenshot_20230409-085616-871-150x150.jpg 150w, https:\/\/fabiorobertonoticias.com.br\/wp-content\/uploads\/2023\/04\/Screenshot_20230409-085616-871-768x768.jpg 768w\" alt=\"\" width=\"668\" height=\"668\" \/><figcaption id=\"caption-attachment-85538\" class=\"wp-caption-text\">Diego morava no NSV.<\/figcaption><\/figure>\n<p>Trata-se do jovem Diego, de apenas 20 anos, morador do bairro Nossa Senhora da Vit\u00f3ria, e que era muito querido na localidade, vitima de acidente de moto.<\/p>\n<p>De acordo com informa\u00e7\u00f5es, Diego era trabalhador e deixou um filho com poucas semanas de vida.<\/p>\n<p>&nbsp;<\/p>\n<p><img loading=\"lazy\" class=\"aligncenter size-full wp-image-85539\" src=\"https:\/\/fabiorobertonoticias.com.br\/wp-content\/uploads\/2023\/04\/IMG_20230409_090450_192.webp\" sizes=\"(max-width: 413px) 100vw, 413px\" srcset=\"https:\/\/fabiorobertonoticias.com.br\/wp-content\/uploads\/2023\/04\/IMG_20230409_090450_192.webp 413w, https:\/\/fabiorobertonoticias.com.br\/wp-content\/uploads\/2023\/04\/IMG_20230409_090450_192-240x300.webp 240w\" alt=\"\" width=\"413\" height=\"516\" \/><\/p>\n<\/div>\n<footer class=\"entry-footer\">\n<div class=\"breadcrumb\">\n<div id=\"st-2\" class=\"sharethis-inline-share-buttons st-justified st-lang-pt st-has-labels st-inline-share-buttons st-animated\" data-title=\"Identificado jovem morto em acidente no trecho duplicado da zona sul\" data-url=\"https:\/\/fabiorobertonoticias.com.br\/2023\/04\/09\/identificado-jovem-morto-em-acidente-no-trecho-duplicado-da-zona-sul\/\">\n<div class=\"st-btn st-first\" data-network=\"facebook\"><\/div>\n<div class=\"st-btn st-hide-label\" data-network=\"twitter\">\n<p><img src=\"https:\/\/platform-cdn.sharethis.com\/img\/twitter.svg\" alt=\"twitter sharing button\" \/><\/p>\n<figure id=\"attachment_85532\" class=\"wp-caption aligncenter\" aria-describedby=\"caption-attachment-85532\"><img loading=\"lazy\" class=\"size-full wp-image-85532\" src=\"https:\/\/fabiorobertonoticias.com.br\/wp-content\/uploads\/2023\/04\/IMG_20230409_084528_769.webp\" sizes=\"(max-width: 899px) 100vw, 899px\" srcset=\"https:\/\/fabiorobertonoticias.com.br\/wp-content\/uploads\/2023\/04\/IMG_20230409_084528_769.webp 899w, https:\/\/fabiorobertonoticias.com.br\/wp-content\/uploads\/2023\/04\/IMG_20230409_084528_769-300x300.webp 300w, https:\/\/fabiorobertonoticias.com.br\/wp-content\/uploads\/2023\/04\/IMG_20230409_084528_769-150x150.webp 150w, https:\/\/fabiorobertonoticias.com.br\/wp-content\/uploads\/2023\/04\/IMG_20230409_084528_769-768x768.webp 768w\" alt=\"\" width=\"899\" height=\"899\" \/><figcaption id=\"caption-attachment-85532\" class=\"wp-caption-text\">Moto usada pela v\u00edtima.<\/figcaption><\/figure>\n<p>Por volta das 05h40 nesse domingo de p\u00e1scoa (09), um motociclista de identidade desconhecida veio a \u00f3bito, ap\u00f3s perder o controle da moto, no trecho duplicado da BA-001, na altura do Jardim Atl\u00e2ntico, zona sul de Ilh\u00e9us.<\/p>\n<p>Mesmo de posse do uso do capacete, por\u00e9m devido \u00e0 viol\u00eancia do impacto, a v\u00edtima caiu na pista, pr\u00f3xima do meio-fio, sofrendo morte instant\u00e2nea.<\/p>\n<p>SAMU foi acionado e constatou o \u00f3bito, enquanto o corpo continua no local aguardando a chegada do departamento de pol\u00edcia t\u00e9cnica de Ilh\u00e9us para necropsia.<\/p>\n<p>C\u00e2meras de v\u00eddeo monitoramento da regi\u00e3o devem ajudar na elucida\u00e7\u00e3o do acidente.<\/p>\n<p>Mat\u00e9ria: F\u00e1bio Roberto<\/p>\n<\/div>\n<div class=\"st-btn st-hide-label\" data-network=\"messenger\"><img src=\"https:\/\/platform-cdn.sharethis.com\/img\/messenger.svg\" alt=\"messenger sharing button\" \/><\/div>\n<\/div>\n<\/div>\n<\/footer>\n","protected":false},"excerpt":{"rendered":"<p>Diego morava no NSV. Trata-se do jovem Diego, de apenas 20 anos, morador do bairro Nossa Senhora da Vit\u00f3ria, e que era muito querido na localidade, vitima de acidente de moto. De acordo com informa\u00e7\u00f5es, Diego era trabalhador e deixou um filho com poucas semanas de vida. &nbsp; Moto usada pela v\u00edtima. Por volta das [&hellip;]<\/p>\n","protected":false},"author":2,"featured_media":0,"comment_status":"open","ping_status":"open","sticky":false,"template":"","format":"standard","meta":{"_links_to":"","_links_to_target":""},"categories":[7,9,8,1],"tags":[],"_links":{"self":[{"href":"https:\/\/www.ilheusnoticias.net.br\/v1\/wp-json\/wp\/v2\/posts\/31520"}],"collection":[{"href":"https:\/\/www.ilheusnoticias.net.br\/v1\/wp-json\/wp\/v2\/posts"}],"about":[{"href":"https:\/\/www.ilheusnoticias.net.br\/v1\/wp-json\/wp\/v2\/types\/post"}],"author":[{"embeddable":true,"href":"https:\/\/www.ilheusnoticias.net.br\/v1\/wp-json\/wp\/v2\/users\/2"}],"replies":[{"embeddable":true,"href":"https:\/\/www.ilheusnoticias.net.br\/v1\/wp-json\/wp\/v2\/comments?post=31520"}],"version-history":[{"count":3,"href":"https:\/\/www.ilheusnoticias.net.br\/v1\/wp-json\/wp\/v2\/posts\/31520\/revisions"}],"predecessor-version":[{"id":31523,"href":"https:\/\/www.ilheusnoticias.net.br\/v1\/wp-json\/wp\/v2\/posts\/31520\/revisions\/31523"}],"wp:attachment":[{"href":"https:\/\/www.ilheusnoticias.net.br\/v1\/wp-json\/wp\/v2\/media?parent=31520"}],"wp:term":[{"taxonomy":"category","embeddable":true,"href":"https:\/\/www.ilheusnoticias.net.br\/v1\/wp-json\/wp\/v2\/categories?post=31520"},{"taxonomy":"post_tag","embeddable":true,"href":"https:\/\/www.ilheusnoticias.net.br\/v1\/wp-json\/wp\/v2\/tags?post=31520"}],"curies":[{"name":"wp","href":"https:\/\/api.w.org\/{rel}","templated":true}]}}