{"id":31512,"date":"2023-04-09T09:21:14","date_gmt":"2023-04-09T12:21:14","guid":{"rendered":"https:\/\/www.ilheusnoticias.net.br\/v1\/?p=31512"},"modified":"2023-04-09T09:21:14","modified_gmt":"2023-04-09T12:21:14","slug":"rj-tem-ao-menos-40-pms-expulsos-em-2023-por-crimes-como-ligacao-com-milicia-homicidio-e-extorsao","status":"publish","type":"post","link":"https:\/\/www.ilheusnoticias.net.br\/v1\/2023\/04\/09\/rj-tem-ao-menos-40-pms-expulsos-em-2023-por-crimes-como-ligacao-com-milicia-homicidio-e-extorsao\/","title":{"rendered":"RJ tem ao menos 40 PMs expulsos em 2023 por crimes como liga\u00e7\u00e3o com mil\u00edcia, homic\u00eddio e extors\u00e3o"},"content":{"rendered":"<div class=\"row content-head non-featured \">\n<div class=\"title\" data-block-type=\"title\" data-block-id=\"0\"><\/div>\n<\/div>\n<div class=\"mc-article-body\">\n<article>\n<div id=\"chunk-5i6af\">\n<div class=\"row medium-uncollapsed content-media content-photo\" data-block-type=\"backstage-photo\" data-block-id=\"1\">\n<div class=\"mc-column content-media__container\">\n<div class=\"content-media-container glb-skeleton-box\">\n<figure class=\"content-media-figure\"><img class=\"i-amphtml-fill-content i-amphtml-replaced-content\" src=\"https:\/\/s2.glbimg.com\/8OcrfpNur12Jlu-ruvIKngj7Rts=\/0x0:1170x700\/984x0\/smart\/filters:strip_icc()\/i.s3.glbimg.com\/v1\/AUTH_59edd422c0c84a879bd37670ae4f538a\/internal_photos\/bs\/2023\/t\/C\/4ILziPTQeYgoTpjynpwg\/whatsapp-image-2023-04-05-at-16.29.45.jpeg\" sizes=\"(max-width: 1242px) 648px, 100vw\" srcset=\"https:\/\/s2.glbimg.com\/cXOnveUGpMxPiDlGwuE8s5QQQgc=\/0x0:1170x700\/1000x0\/smart\/filters:strip_icc()\/i.s3.glbimg.com\/v1\/AUTH_59edd422c0c84a879bd37670ae4f538a\/internal_photos\/bs\/2023\/t\/C\/4ILziPTQeYgoTpjynpwg\/whatsapp-image-2023-04-05-at-16.29.45.jpeg 1000w, https:\/\/s2.glbimg.com\/8OcrfpNur12Jlu-ruvIKngj7Rts=\/0x0:1170x700\/984x0\/smart\/filters:strip_icc()\/i.s3.glbimg.com\/v1\/AUTH_59edd422c0c84a879bd37670ae4f538a\/internal_photos\/bs\/2023\/t\/C\/4ILziPTQeYgoTpjynpwg\/whatsapp-image-2023-04-05-at-16.29.45.jpeg 984w, https:\/\/s2.glbimg.com\/EUEG30pX3Aku5vNK_Z_IOJnDbl8=\/0x0:1170x700\/640x0\/smart\/filters:strip_icc()\/i.s3.glbimg.com\/v1\/AUTH_59edd422c0c84a879bd37670ae4f538a\/internal_photos\/bs\/2023\/t\/C\/4ILziPTQeYgoTpjynpwg\/whatsapp-image-2023-04-05-at-16.29.45.jpeg 640w, https:\/\/s2.glbimg.com\/5eqNyuFPVwgx-IAt2MNUPb3HoRQ=\/0x0:1170x700\/600x0\/smart\/filters:strip_icc()\/i.s3.glbimg.com\/v1\/AUTH_59edd422c0c84a879bd37670ae4f538a\/internal_photos\/bs\/2023\/t\/C\/4ILziPTQeYgoTpjynpwg\/whatsapp-image-2023-04-05-at-16.29.45.jpeg 600w\" alt=\"Em quatro anos, 632 foram expulsos da Pol\u00edcia Militar \u2014 Foto: Divulga\u00e7\u00e3o \" \/><\/figure>\n<\/div>\n<p class=\"content-media__description \">Em quatro anos, 632 foram expulsos da Pol\u00edcia Militar \u2014 Foto: Divulga\u00e7\u00e3o<\/p>\n<\/div>\n<\/div>\n<\/div>\n<div id=\"chunk-81pqb\">\n<div class=\"mc-column content-text active-extra-styles \" data-block-type=\"unstyled\" data-block-weight=\"48\" data-block-id=\"3\">\n<p class=\"content-text__container \" data-track-category=\"Link no Texto\" data-track-links=\"\">Entre 1\u00ba de janeiro e 15 de mar\u00e7o de 2023,\u00a0<strong>40 policiais militares<\/strong>\u00a0do RJ foram expulsos da corpora\u00e7\u00e3o. Dados obtidos com exclusividade pelo\u00a0<a class=\"\" href=\"https:\/\/g1.globo.com\/rj\/rio-de-janeiro\/ultimas-noticias\/\">g1<\/a>\u00a0mostram que esses agentes foram exclu\u00eddos por crimes como\u00a0<span class=\"highlight highlighted\">envolvimento com a mil\u00edcia, extors\u00e3o, porte ilegal de armas, homic\u00eddios, roubo e recepta\u00e7\u00e3o<\/span>.<\/p>\n<\/div>\n<\/div>\n<div class=\"wall protected-content\">\n<div id=\"chunk-4ripb\">\n<div class=\"mc-column content-text active-extra-styles \" data-block-type=\"unstyled\" data-block-weight=\"30\" data-block-id=\"4\">\n<p class=\"content-text__container \" data-track-category=\"Link no Texto\" data-track-links=\"\">No estado, h\u00e1 hoje cerca de\u00a0<strong>40 mil PMs<\/strong>. Entre 2018 e 2022,\u00a0<strong>592 foram desligados<\/strong>. Isso equivale a um batalh\u00e3o inteiro: o Bope, por exemplo, tem 400 homens.<\/p>\n<\/div>\n<\/div>\n<div id=\"chunk-ak2rq\">\n<div class=\"mc-column content-text active-extra-styles \" data-block-type=\"unstyled\" data-block-weight=\"23\" data-block-id=\"5\">\n<p class=\"content-text__container \" data-track-category=\"Link no Texto\" data-track-links=\"\">Mais da metade das expuls\u00f5es ocorreu somente em 2018, \u00faltimo ano do governo de Francisco Dornelles (Progressistas), quando 312 PMs foram demitidos.<\/p>\n<\/div>\n<\/div>\n<div id=\"chunk-ei6oa\">\n<div class=\"mc-column content-text active-extra-styles \" data-block-type=\"unstyled\" data-block-weight=\"36\" data-block-id=\"7\">\n<p class=\"content-text__container \" data-track-category=\"Link no Texto\" data-track-links=\"\">Quando o ex-juiz federal Wilson Witzel (ent\u00e3o no PSC)\u00a0<a class=\"\" href=\"https:\/\/g1.globo.com\/rj\/rio-de-janeiro\/noticia\/2019\/01\/01\/wilson-witzel-toma-posse-como-governador-do-rj.ghtml\">assumiu o Pal\u00e1cio Guanabara<\/a>, as expuls\u00f5es ca\u00edram significativamente: 49 em 2019, 32 em 2020 e 47 em 2021 (<em>veja o que diz Witzel no fim da reportagem<\/em>).<\/p>\n<\/div>\n<\/div>\n<div id=\"chunk-7c98u\">\n<div class=\"show-flourish-embed-block\">\n<div class=\"show-flourish-embed-block__container show-flourish-embed-block__container--visualization\" data-flourish-embed=\"\" data-flourish-content-type=\"visualization\">\n<div class=\"flourish-embed flourish-embed--visualization flourish-background\" data-src=\"visualisation\/13323931?1120806\" data-width=\"100%\"><iframe title=\"Interactive or visual content\" src=\"https:\/\/flo.uri.sh\/visualisation\/13323931\/embed?auto=1\" frameborder=\"0\" scrolling=\"no\" sandbox=\"allow-same-origin allow-forms allow-scripts allow-downloads allow-popups allow-popups-to-escape-sandbox allow-top-navigation-by-user-activation\" data-mce-fragment=\"1\"><\/iframe><\/div>\n<\/div>\n<\/div>\n<\/div>\n<div id=\"chunk-5fs8d\">\n<div class=\"mc-column content-text active-extra-styles \" data-block-type=\"unstyled\" data-block-weight=\"36\" data-block-id=\"8\">\n<p class=\"content-text__container \" data-track-category=\"Link no Texto\" data-track-links=\"\">O secret\u00e1rio da Pol\u00edcia Militar de Witzel era o coronel<a class=\"\" href=\"https:\/\/g1.globo.com\/rj\/rio-de-janeiro\/noticia\/2022\/11\/29\/ex-secretario-da-pm-do-rj-e-alvo-de-buscas-de-operacao-do-mprj-contra-crimes-da-mafia-do-jogo-do-bicho.ghtml\">\u00a0Rog\u00e9rio Figueredo de Lacerda<\/a>. Ele foi exonerado em agosto de 2021, quando o atual governador, Claudio Castro (PL), assumiu definitivamente o comando do estado do RJ.<\/p>\n<\/div>\n<\/div>\n<div id=\"chunk-1jld7\">\n<div class=\"mc-column content-text active-extra-styles \" data-block-type=\"unstyled\" data-block-weight=\"27\" data-block-id=\"9\">\n<p class=\"content-text__container \" data-track-category=\"Link no Texto\" data-track-links=\"\">Desde ent\u00e3o, com o atual secret\u00e1rio,\u00a0<a class=\"\" href=\"https:\/\/g1.globo.com\/rj\/rio-de-janeiro\/noticia\/2021\/08\/22\/governo-do-rj-troca-comando-da-secretaria-de-policia-militar.ghtml\">o coronel Luiz Henrique Marinho Pires<\/a>, houve aumento no n\u00famero de PMs exclu\u00eddos.\u00a0<span class=\"highlight highlighted\">Em 2022, 152 oficiais ou pra\u00e7as foram expulsos.<\/span><\/p>\n<\/div>\n<\/div>\n<div class=\"mc-column content-text active-extra-styles\" data-block-type=\"raw\" data-block-weight=\"6\" data-block-id=\"10\">\n<p class=\"content-text__container\">\n<div class=\"content-intertitle\">\n<h2>Seguran\u00e7as de Orlando Curicica entre expulsos<\/h2>\n<\/div>\n<\/div>\n<div id=\"chunk-6padj\">\n<div class=\"mc-column content-text active-extra-styles \" data-block-type=\"unstyled\" data-block-weight=\"32\" data-block-id=\"12\">\n<p class=\"content-text__container \" data-track-category=\"Link no Texto\" data-track-links=\"\">Entre os exclu\u00eddos este ano, at\u00e9 o dia 15 de mar\u00e7o, est\u00e3o o subtenente Marcelo Magno dos Santos Torres, de 48 anos, e o cabo M\u00e1rcio Vin\u00edcios Siqueira Borges, de 35.<\/p>\n<\/div>\n<\/div>\n<div id=\"chunk-4lken\">\n<div class=\"mc-column content-text active-extra-styles \" data-block-type=\"unstyled\" data-block-weight=\"33\" data-block-id=\"13\">\n<p class=\"content-text__container \" data-track-category=\"Link no Texto\" data-track-links=\"\">As demiss\u00f5es foram publicadas no Boletim Interno da PM no dia 3 de mar\u00e7o. Eles s\u00e3o acusados de atuar como seguran\u00e7as do ex-PM e miliciano Orlando Oliveira de Ara\u00fajo, o\u00a0<strong>Orlando Curicica<\/strong>.<\/p>\n<\/div>\n<\/div>\n<div id=\"chunk-1emgp\">\n<div class=\"mc-column content-text active-extra-styles \" data-block-type=\"unstyled\" data-block-weight=\"43\" data-block-id=\"14\">\n<p class=\"content-text__container \" data-track-category=\"Link no Texto\" data-track-links=\"\">Ambos foram flagrados na casa do paramilitar, em Vargem Pequena, na Zona Oeste, em 27 de outubro de 2017, durante uma opera\u00e7\u00e3o da Pol\u00edcia Civil para prender o miliciano. Os dois PMs estavam no quintal da resid\u00eancia quando os policiais civis chegaram.<\/p>\n<\/div>\n<\/div>\n<div id=\"chunk-eaj69\">\n<div class=\"row medium-uncollapsed content-media content-photo\" data-block-type=\"backstage-photo\" data-block-id=\"15\">\n<div class=\"mc-column content-media__container\">\n<div class=\"content-media-container glb-skeleton-box\">\n<figure class=\"content-media-figure\"><img class=\"i-amphtml-fill-content i-amphtml-replaced-content\" src=\"https:\/\/s2.glbimg.com\/bOijctjcTZX2ZINGiNLGLj6ygZQ=\/0x0:480x647\/984x0\/smart\/filters:strip_icc()\/i.s3.glbimg.com\/v1\/AUTH_59edd422c0c84a879bd37670ae4f538a\/internal_photos\/bs\/2023\/R\/8\/wLAZ2SSu2kSAWIuIMe4A\/orlando-curicica.jpg\" sizes=\"(max-width: 1242px) 648px, 100vw\" srcset=\"https:\/\/s2.glbimg.com\/cbQiIq0dVEGY2yAKdi5FypDS_jU=\/0x0:480x647\/1000x0\/smart\/filters:strip_icc()\/i.s3.glbimg.com\/v1\/AUTH_59edd422c0c84a879bd37670ae4f538a\/internal_photos\/bs\/2023\/R\/8\/wLAZ2SSu2kSAWIuIMe4A\/orlando-curicica.jpg 1000w, https:\/\/s2.glbimg.com\/bOijctjcTZX2ZINGiNLGLj6ygZQ=\/0x0:480x647\/984x0\/smart\/filters:strip_icc()\/i.s3.glbimg.com\/v1\/AUTH_59edd422c0c84a879bd37670ae4f538a\/internal_photos\/bs\/2023\/R\/8\/wLAZ2SSu2kSAWIuIMe4A\/orlando-curicica.jpg 984w, https:\/\/s2.glbimg.com\/f5V-mpBFJ8jeTzpqlHWIj1GH61k=\/0x0:480x647\/640x0\/smart\/filters:strip_icc()\/i.s3.glbimg.com\/v1\/AUTH_59edd422c0c84a879bd37670ae4f538a\/internal_photos\/bs\/2023\/R\/8\/wLAZ2SSu2kSAWIuIMe4A\/orlando-curicica.jpg 640w, https:\/\/s2.glbimg.com\/E0g8i6OdUU2vUg9ah9EO2cyziTI=\/0x0:480x647\/600x0\/smart\/filters:strip_icc()\/i.s3.glbimg.com\/v1\/AUTH_59edd422c0c84a879bd37670ae4f538a\/internal_photos\/bs\/2023\/R\/8\/wLAZ2SSu2kSAWIuIMe4A\/orlando-curicica.jpg 600w\" alt=\"Ex-PM e miliciano Orlando Oliveira de Ara\u00fajo, o Orlando Curicica  \u2014 Foto: Reprodu\u00e7\u00e3o \" \/><\/figure>\n<\/div>\n<p class=\"content-media__description \">Ex-PM e miliciano Orlando Oliveira de Ara\u00fajo, o Orlando Curicica \u2014 Foto: Reprodu\u00e7\u00e3o<\/p>\n<\/div>\n<\/div>\n<\/div>\n<\/div>\n<\/article>\n<\/div>\n","protected":false},"excerpt":{"rendered":"<p>Em quatro anos, 632 foram expulsos da Pol\u00edcia Militar \u2014 Foto: Divulga\u00e7\u00e3o Entre 1\u00ba de janeiro e 15 de mar\u00e7o de 2023,\u00a040 policiais militares\u00a0do RJ foram expulsos da corpora\u00e7\u00e3o. Dados obtidos com exclusividade pelo\u00a0g1\u00a0mostram que esses agentes foram exclu\u00eddos por crimes como\u00a0envolvimento com a mil\u00edcia, extors\u00e3o, porte ilegal de armas, homic\u00eddios, roubo e recepta\u00e7\u00e3o. No [&hellip;]<\/p>\n","protected":false},"author":2,"featured_media":0,"comment_status":"open","ping_status":"open","sticky":false,"template":"","format":"standard","meta":{"_links_to":"","_links_to_target":""},"categories":[7,9,8,1],"tags":[],"_links":{"self":[{"href":"https:\/\/www.ilheusnoticias.net.br\/v1\/wp-json\/wp\/v2\/posts\/31512"}],"collection":[{"href":"https:\/\/www.ilheusnoticias.net.br\/v1\/wp-json\/wp\/v2\/posts"}],"about":[{"href":"https:\/\/www.ilheusnoticias.net.br\/v1\/wp-json\/wp\/v2\/types\/post"}],"author":[{"embeddable":true,"href":"https:\/\/www.ilheusnoticias.net.br\/v1\/wp-json\/wp\/v2\/users\/2"}],"replies":[{"embeddable":true,"href":"https:\/\/www.ilheusnoticias.net.br\/v1\/wp-json\/wp\/v2\/comments?post=31512"}],"version-history":[{"count":1,"href":"https:\/\/www.ilheusnoticias.net.br\/v1\/wp-json\/wp\/v2\/posts\/31512\/revisions"}],"predecessor-version":[{"id":31513,"href":"https:\/\/www.ilheusnoticias.net.br\/v1\/wp-json\/wp\/v2\/posts\/31512\/revisions\/31513"}],"wp:attachment":[{"href":"https:\/\/www.ilheusnoticias.net.br\/v1\/wp-json\/wp\/v2\/media?parent=31512"}],"wp:term":[{"taxonomy":"category","embeddable":true,"href":"https:\/\/www.ilheusnoticias.net.br\/v1\/wp-json\/wp\/v2\/categories?post=31512"},{"taxonomy":"post_tag","embeddable":true,"href":"https:\/\/www.ilheusnoticias.net.br\/v1\/wp-json\/wp\/v2\/tags?post=31512"}],"curies":[{"name":"wp","href":"https:\/\/api.w.org\/{rel}","templated":true}]}}