{"id":31508,"date":"2023-04-07T07:15:56","date_gmt":"2023-04-07T10:15:56","guid":{"rendered":"https:\/\/www.ilheusnoticias.net.br\/v1\/?p=31508"},"modified":"2023-04-07T07:15:56","modified_gmt":"2023-04-07T10:15:56","slug":"aplb-registra-mais-de-50-atos-de-violencia-em-escolas-publicas-da-bahia-nos-primeiros-tres-meses-deste-ano","status":"publish","type":"post","link":"https:\/\/www.ilheusnoticias.net.br\/v1\/2023\/04\/07\/aplb-registra-mais-de-50-atos-de-violencia-em-escolas-publicas-da-bahia-nos-primeiros-tres-meses-deste-ano\/","title":{"rendered":"APLB registra mais de 50 atos de viol\u00eancia em escolas p\u00fablicas da Bahia nos primeiros tr\u00eas meses deste ano"},"content":{"rendered":"<div class=\"row content-head non-featured \">\n<div class=\"title\" data-block-type=\"title\" data-block-id=\"0\"><\/div>\n<\/div>\n<div class=\"content__signa-share\">\n<div class=\"content__signature\">\n<div class=\"content-publication-data\">\n<div class=\"content-publication-data__text\">\n<p class=\"content-publication-data__updated\"><img class=\"content-video__placeholder__thumb\" title=\"Viol\u00eancia nas escolas p\u00fablicas preocupa pais e professores\" src=\"https:\/\/s02.video.glbimg.com\/x240\/11514845.jpg\" alt=\"Viol\u00eancia nas escolas p\u00fablicas preocupa pais e professores\" \/><\/p>\n<\/div>\n<\/div>\n<\/div>\n<\/div>\n<div class=\"mc-article-body\">\n<article>\n<div id=\"chunk-6rk03\">\n<div class=\"bs-video-block mc-column  content-media content-video\" data-block-type=\"backstage-video\" data-block-id=\"1\">\n<div class=\"content-media__container\">\n<p class=\"content-media__description\">Viol\u00eancia nas escolas p\u00fablicas preocupa pais e professores<\/p>\n<\/div>\n<\/div>\n<\/div>\n<div id=\"chunk-3lrqh\">\n<div class=\"mc-column content-text active-extra-styles \" data-block-type=\"unstyled\" data-block-weight=\"37\" data-block-id=\"3\">\n<p class=\"content-text__container \" data-track-category=\"Link no Texto\" data-track-links=\"\">O Sindicato dos Trabalhadores em Educa\u00e7\u00e3o do Estado da Bahia (APLB) registrou este ano 53 ocorr\u00eancias de atos de viol\u00eancia nas escolas p\u00fablicas da capital e do interior. Os dados s\u00e3o de arrombamentos, invas\u00f5es, intimida\u00e7\u00f5es e amea\u00e7as.<\/p>\n<\/div>\n<\/div>\n<div class=\"wall protected-content\">\n<div id=\"chunk-6rae9\">\n<div class=\"mc-column content-text active-extra-styles \" data-block-type=\"unstyled\" data-block-weight=\"45\" data-block-id=\"4\">\n<p class=\"content-text__container \" data-track-category=\"Link no Texto\" data-track-links=\"\">Na noite de quarta-feira (5), uma escola municipal de\u00a0<a class=\"\" href=\"https:\/\/g1.globo.com\/ba\/bahia\/cidade\/catu\/\">Catu<\/a>\u00a0de Abrantes, na Regi\u00e3o Metropolitana de\u00a0<a class=\"\" href=\"https:\/\/g1.globo.com\/ba\/bahia\/cidade\/salvador\/\">Salvador<\/a>, foi alvo de criminosos. Tr\u00eas homens armados teriam invadido o local depois de render o vigilante. O trio assaltou professores e estudantes, al\u00e9m de levar equipamentos da escola.<\/p>\n<\/div>\n<\/div>\n<div id=\"chunk-2sh03\">\n<div class=\"mc-column content-text active-extra-styles \" data-block-type=\"unstyled\" data-block-weight=\"35\" data-block-id=\"5\">\n<p class=\"content-text__container \" data-track-category=\"Link no Texto\" data-track-links=\"\">No final de mar\u00e7o, uma outra escola da mesma regi\u00e3o tamb\u00e9m foi assaltada. Um homem e uma mulher teriam pulado o muro da Escola Municipal Rural Boa Uni\u00e3o. A dupla roubou celulares e um computador.<\/p>\n<\/div>\n<\/div>\n<div id=\"chunk-92v0i\">\n<div class=\"mc-column content-text active-extra-styles \" data-block-type=\"unstyled\" data-block-weight=\"39\" data-block-id=\"7\">\n<p class=\"content-text__container \" data-track-category=\"Link no Texto\" data-track-links=\"\">Ainda em mar\u00e7o, a Escola Municipal Perminio Leite, no bairro 2 de Julho, em Salvador, foi arrombada. Al\u00e9m dos materiais de trabalho da escola, os criminosos roubaram R$ 150 da caixinha dos funcion\u00e1rios para compra de \u00e1gua e caf\u00e9.<\/p>\n<\/div>\n<\/div>\n<div id=\"chunk-9hhka\">\n<div class=\"mc-column content-text active-extra-styles \" data-block-type=\"unstyled\" data-block-weight=\"34\" data-block-id=\"8\">\n<p class=\"content-text__container \" data-track-category=\"Link no Texto\" data-track-links=\"\">Em fevereiro, duas escolas municipais do bairro de Pernambu\u00e9s, na capital baiana, suspenderam as atividades e mais de 700 estudantes ficaram sem aulas por cinco dias por causa dos casos de tiroteios no bairro.<\/p>\n<\/div>\n<\/div>\n<div id=\"chunk-dr6k0\">\n<div class=\"mc-column content-text active-extra-styles \" data-block-type=\"unstyled\" data-block-weight=\"31\" data-block-id=\"9\">\n<p class=\"content-text__container \" data-track-category=\"Link no Texto\" data-track-links=\"\">Nat\u00e1lia Dantas tem 9 anos e estuda em uma escola p\u00fablica de Salvador. A m\u00e3e dela, Juliana, afirma que apesar de gostar do ensino, fica preocupada quando o assunto \u00e9 seguran\u00e7a.<\/p>\n<\/div>\n<\/div>\n<div id=\"chunk-27ap8\">\n<div class=\"mc-column content-text active-extra-styles \" data-block-type=\"unstyled\" data-block-weight=\"22\" data-block-id=\"10\">\n<p class=\"content-text__container \" data-track-category=\"Link no Texto\" data-track-links=\"\">&#8220;Essa defici\u00eancia de policiamento, de seguran\u00e7a at\u00e9 interna mesmo, nos pr\u00f3prios col\u00e9gios, a gente nunca se sente 100% seguro&#8221;, disse Juliana Dantas.<\/p>\n<\/div>\n<\/div>\n<div id=\"chunk-53lrk\">\n<div class=\"mc-column content-text active-extra-styles \" data-block-type=\"unstyled\" data-block-weight=\"30\" data-block-id=\"11\">\n<p class=\"content-text__container \" data-track-category=\"Link no Texto\" data-track-links=\"\">J\u00e1 Nianza Batista \u00e9 professora em uma escola p\u00fablica do bairro de Itacaranha, no sub\u00farbio de Salvador. Para ela, o problema \u00e9 a falta de seguran\u00e7a no entorno do col\u00e9gio.<\/p>\n<\/div>\n<\/div>\n<div class=\"mc-column content-text active-extra-styles\" data-block-type=\"raw\" data-block-weight=\"36\" data-block-id=\"12\">\n<p class=\"content-text__container\">\n<blockquote class=\"content-blockquote theme-border-color-primary-before\"><p>&#8220;Geralmente levam os celulares dos alunos. \u00c9 algo que infelizmente a gente j\u00e1 dar como comum. N\u00e3o deveria ser, mas a gente j\u00e1 aprendeu a conviver ou deixar o celular em casa, esconder&#8221;, afirmou a professora.<\/p><\/blockquote>\n<p>&nbsp;<\/p>\n<\/div>\n<div id=\"chunk-6udn1\">\n<div class=\"mc-column content-text active-extra-styles \" data-block-type=\"unstyled\" data-block-weight=\"23\" data-block-id=\"13\">\n<p class=\"content-text__container \" data-track-category=\"Link no Texto\" data-track-links=\"\">Para o coordenador geral da APLB, Rui Oliveira, a falta de seguran\u00e7a causa impactos na sa\u00fade mental dos trabalhadores e na evas\u00e3o escolas.<\/p>\n<\/div>\n<\/div>\n<div id=\"chunk-c1na7\">\n<div class=\"mc-column content-text active-extra-styles \" data-block-type=\"unstyled\" data-block-weight=\"40\" data-block-id=\"15\">\n<p class=\"content-text__container \" data-track-category=\"Link no Texto\" data-track-links=\"\">&#8220;Eles t\u00eam medo de irem para as escolas, ent\u00e3o aumenta a evas\u00e3o escolar, que \u00e9 um preju\u00edzo para a sociedade. A gente precisa de uma pol\u00edtica de seguran\u00e7a escolar para que n\u00f3s possamos ter seguran\u00e7a&#8221;, opinou o representante do sindicato.<\/p>\n<\/div>\n<\/div>\n<div id=\"chunk-124is\">\n<div class=\"row medium-uncollapsed content-media content-photo\" data-block-type=\"backstage-photo\" data-block-id=\"16\">\n<div class=\"mc-column content-media__container\">\n<div class=\"content-media-container glb-skeleton-box\">\n<figure class=\"content-media-figure\"><img class=\"i-amphtml-fill-content i-amphtml-replaced-content\" src=\"https:\/\/s2.glbimg.com\/0AoyjaRPmKJqSzIuoPedmh2bYQk=\/0x0:1237x722\/984x0\/smart\/filters:strip_icc()\/i.s3.glbimg.com\/v1\/AUTH_59edd422c0c84a879bd37670ae4f538a\/internal_photos\/bs\/2023\/f\/s\/ZppOPXSgKXnne4xPpmLw\/whatsapp-image-2023-04-06-at-20.21.14.jpeg\" sizes=\"(max-width: 1242px) 648px, 100vw\" srcset=\"https:\/\/s2.glbimg.com\/ps1h6VxYvaJWZaZ_uQmf_SvxqqU=\/0x0:1237x722\/1000x0\/smart\/filters:strip_icc()\/i.s3.glbimg.com\/v1\/AUTH_59edd422c0c84a879bd37670ae4f538a\/internal_photos\/bs\/2023\/f\/s\/ZppOPXSgKXnne4xPpmLw\/whatsapp-image-2023-04-06-at-20.21.14.jpeg 1000w, https:\/\/s2.glbimg.com\/0AoyjaRPmKJqSzIuoPedmh2bYQk=\/0x0:1237x722\/984x0\/smart\/filters:strip_icc()\/i.s3.glbimg.com\/v1\/AUTH_59edd422c0c84a879bd37670ae4f538a\/internal_photos\/bs\/2023\/f\/s\/ZppOPXSgKXnne4xPpmLw\/whatsapp-image-2023-04-06-at-20.21.14.jpeg 984w, https:\/\/s2.glbimg.com\/Evg-7XTid7C4avcsJFuFD7153qE=\/0x0:1237x722\/640x0\/smart\/filters:strip_icc()\/i.s3.glbimg.com\/v1\/AUTH_59edd422c0c84a879bd37670ae4f538a\/internal_photos\/bs\/2023\/f\/s\/ZppOPXSgKXnne4xPpmLw\/whatsapp-image-2023-04-06-at-20.21.14.jpeg 640w, https:\/\/s2.glbimg.com\/kg3rRoxJRh9dMdeGZgEIoxe-7wM=\/0x0:1237x722\/600x0\/smart\/filters:strip_icc()\/i.s3.glbimg.com\/v1\/AUTH_59edd422c0c84a879bd37670ae4f538a\/internal_photos\/bs\/2023\/f\/s\/ZppOPXSgKXnne4xPpmLw\/whatsapp-image-2023-04-06-at-20.21.14.jpeg 600w\" alt=\"APLB registra mais de 50 atos de viol\u00eancia em escolas p\u00fablicas da Bahia nos primeiros tr\u00eas meses deste ano \u2014 Foto: Reprodu\u00e7\u00e3o\/TV Bahia\" \/><\/figure>\n<\/div>\n<p class=\"content-media__description \">APLB registra mais de 50 atos de viol\u00eancia em escolas p\u00fablicas da Bahia nos primeiros tr\u00eas meses deste ano \u2014 Foto: Reprodu\u00e7\u00e3o\/TV Bahia<\/p>\n<\/div>\n<\/div>\n<\/div>\n<div id=\"chunk-b4mrd\">\n<div class=\"mc-column content-text active-extra-styles \" data-block-type=\"unstyled\" data-block-weight=\"35\" data-block-id=\"17\">\n<p class=\"content-text__container \" data-track-category=\"Link no Texto\" data-track-links=\"\">Elvira Pimentel \u00e9 mestra em Educa\u00e7\u00e3o pela Universidade Estadual de\u00a0<a class=\"\" href=\"https:\/\/g1.globo.com\/ba\/bahia\/cidade\/feira-de-santana\/\">Feira de Santana<\/a>\u00a0(Uefs) e doutoranda na mesma \u00e1rea pela Universidade Estadual de Campinas (Unicamp) com pesquisa na \u00e1rea dos conflitos e conviv\u00eancia escolar.<\/p>\n<\/div>\n<\/div>\n<div id=\"chunk-3bg4o\">\n<div class=\"mc-column content-text active-extra-styles \" data-block-type=\"unstyled\" data-block-weight=\"28\" data-block-id=\"18\">\n<p class=\"content-text__container \" data-track-category=\"Link no Texto\" data-track-links=\"\">A especialista explica que a viol\u00eancia nas escolas n\u00e3o \u00e9 isolada ao ambiente educacional. Elvira Pimentel acredita que o problema \u00e9 um reflexo do atual momento da sociedade.<\/p>\n<\/div>\n<\/div>\n<\/div>\n<\/article>\n<\/div>\n","protected":false},"excerpt":{"rendered":"<p>Viol\u00eancia nas escolas p\u00fablicas preocupa pais e professores O Sindicato dos Trabalhadores em Educa\u00e7\u00e3o do Estado da Bahia (APLB) registrou este ano 53 ocorr\u00eancias de atos de viol\u00eancia nas escolas p\u00fablicas da capital e do interior. Os dados s\u00e3o de arrombamentos, invas\u00f5es, intimida\u00e7\u00f5es e amea\u00e7as. Na noite de quarta-feira (5), uma escola municipal de\u00a0Catu\u00a0de Abrantes, [&hellip;]<\/p>\n","protected":false},"author":2,"featured_media":0,"comment_status":"open","ping_status":"open","sticky":false,"template":"","format":"standard","meta":{"_links_to":"","_links_to_target":""},"categories":[7,9,8,1],"tags":[],"_links":{"self":[{"href":"https:\/\/www.ilheusnoticias.net.br\/v1\/wp-json\/wp\/v2\/posts\/31508"}],"collection":[{"href":"https:\/\/www.ilheusnoticias.net.br\/v1\/wp-json\/wp\/v2\/posts"}],"about":[{"href":"https:\/\/www.ilheusnoticias.net.br\/v1\/wp-json\/wp\/v2\/types\/post"}],"author":[{"embeddable":true,"href":"https:\/\/www.ilheusnoticias.net.br\/v1\/wp-json\/wp\/v2\/users\/2"}],"replies":[{"embeddable":true,"href":"https:\/\/www.ilheusnoticias.net.br\/v1\/wp-json\/wp\/v2\/comments?post=31508"}],"version-history":[{"count":1,"href":"https:\/\/www.ilheusnoticias.net.br\/v1\/wp-json\/wp\/v2\/posts\/31508\/revisions"}],"predecessor-version":[{"id":31509,"href":"https:\/\/www.ilheusnoticias.net.br\/v1\/wp-json\/wp\/v2\/posts\/31508\/revisions\/31509"}],"wp:attachment":[{"href":"https:\/\/www.ilheusnoticias.net.br\/v1\/wp-json\/wp\/v2\/media?parent=31508"}],"wp:term":[{"taxonomy":"category","embeddable":true,"href":"https:\/\/www.ilheusnoticias.net.br\/v1\/wp-json\/wp\/v2\/categories?post=31508"},{"taxonomy":"post_tag","embeddable":true,"href":"https:\/\/www.ilheusnoticias.net.br\/v1\/wp-json\/wp\/v2\/tags?post=31508"}],"curies":[{"name":"wp","href":"https:\/\/api.w.org\/{rel}","templated":true}]}}